{"id":482082,"date":"2025-10-22T13:39:12","date_gmt":"2025-10-22T13:39:12","guid":{"rendered":"https:\/\/www.europesays.com\/fr\/482082\/"},"modified":"2025-10-22T13:39:12","modified_gmt":"2025-10-22T13:39:12","slug":"ce-quelisabeth-ii-savait-et-a-garde-secret-de-laffaire-andrew","status":"publish","type":"post","link":"https:\/\/www.europesays.com\/fr\/482082\/","title":{"rendered":"Ce qu\u2019\u00c9lisabeth II savait (et a gard\u00e9 secret) de l\u2019affaire Andrew"},"content":{"rendered":"<p>Malgr\u00e9 le choc et la d\u00e9ception qu\u2019ils entra\u00eenent, les <a target=\"_blank\" href=\"https:\/\/www.pointdevue.fr\/royal\/royaume-uni\/la-fin-des-york\" rel=\"nofollow noopener\">derniers \u00e9l\u00e9ments rendus publics<\/a> dans l\u2019affaire Epstein laissent peu de place au doute. Non seulement <a target=\"_blank\" href=\"https:\/\/www.pointdevue.fr\/grand-angle\/biographies\/elisabeth-ii\" rel=\"nofollow noopener\">\u00c9lisabeth II<\/a> avait connaissance de certaines des d\u00e9rives de son fils <a target=\"_blank\" href=\"https:\/\/www.pointdevue.fr\/grand-angle\/biographies\/prince-andrew\" rel=\"nofollow noopener\">Andrew<\/a>, mais la reine a m\u00eame fait tout son possible pour le pr\u00e9server du scandale.<\/p>\n<p>Au lendemain du <a target=\"_blank\" href=\"https:\/\/www.pointdevue.fr\/royal\/royaume-uni\/coup-de-theatre-a-buckingham-le-prince-andrew-renonce-a-ses-titres-royaux\" rel=\"nofollow noopener\">renoncement du prince<\/a> \u00e0 faire usage de son titre de duc d\u2019York, le <a target=\"_blank\" href=\"https:\/\/www.dailymail.co.uk\/news\/royals\/article-15204739\/Prince-Andrews-smear-Virginia-Giuffre-Emails-disgraced-royal-gave-sex-abuse-victims-confidential-social-security-number-Met.html\" rel=\"nofollow noopener\">Mail on Sunday<\/a> d\u00e9voilait <strong>un e-mail d\u2019Andrew adress\u00e9 \u00e0 Ed Perkins, le secr\u00e9taire de presse de la reine<\/strong>, dat\u00e9 de d\u00e9but 2011. \u00c0 quelques heures de la publication du t\u00e9moignage Virginia Giuffre, qui accusait le prince d&rsquo;agression sexuelle alors qu&rsquo;elle n&rsquo;avait que 17 ans &#8211; un propos appuy\u00e9 par une photo d&rsquo;eux -, Andrew informait Perkins qu\u2019il avait demand\u00e9 \u00e0 son officier de protection personnel, un agent pay\u00e9 par le contribuable, de mener des recherches pour trouver des \u00e9l\u00e9ments compromettants pouvant discr\u00e9diter son accusatrice.\u00a0<\/p>\n<p>Quatorze ans plus tard, la r\u00e9v\u00e9lation de ce courriel vient d&rsquo;entra\u00eener l\u2019<strong>ouverture d\u2019une enqu\u00eate de la part de Scotland Yard<\/strong>. En effet, les officiers de protection royaux sont tenus de rapporter ce genre d&rsquo;incident aupr\u00e8s de leur hi\u00e9rarchie, au sein de la Metropolitan Police de Londres. L&rsquo;enqu\u00eate exhumera-t-elle des traces de cette demande dans les archives des autorit\u00e9s\u00a0? De la m\u00eame fa\u00e7on, si <strong>Ed Perkins, l\u2019un des plus proches collaborateurs de Sa Majest\u00e9<\/strong>, a \u00e9t\u00e9 mis au courant de la man\u0153uvre d\u2019Andrew, alors <strong>comment la reine aurait-elle pu l\u2019ignorer<\/strong>\u00a0?\u00a0<\/p>\n<p>Un jubil\u00e9 pr\u00e9serv\u00e9 puis apr\u00e8s elle, le d\u00e9luge<\/p>\n<p>D\u00e9but 2022, menac\u00e9 par Virginia Giuffre d\u2019un proc\u00e8s au civil aux \u00c9tats-Unis, Andrew <a target=\"_blank\" href=\"https:\/\/www.pointdevue.fr\/royal\/royaume-uni\/le-prince-andrew-dit-adieu-a-ses-titres-militaires-et-parrainages-royaux\" rel=\"nofollow noopener\">remettait \u00e0 la reine ses titres militaires et ses parrainages<\/a> royaux. S\u2019il a toujours ni\u00e9 les faits, et assur\u00e9 m\u00eame trois ans plus t\u00f4t \u00e0 la BBC n&rsquo;avoir aucun souvenir de cette jeune femme, <strong>Andrew s\u2019engageait par ailleurs \u00e0 verser une somme estim\u00e9e \u00e0 12 millions<\/strong> de livres sterling \u00e0 Virginia. Un accord destin\u00e9 \u00e0 \u00e9viter une action en justice, <strong>qu\u2019il n\u2019aurait pu conclure sans <\/strong><a target=\"_blank\" href=\"https:\/\/www.pointdevue.fr\/royal\/royaume-uni\/elisabeth-ii-va-payer-des-millions-deuros-pour-aider-le-prince-andrew\" rel=\"nofollow noopener\"><strong>l\u2019aide financi\u00e8re de sa m\u00e8re la reine<\/strong><\/a>. La souveraine aurait alors pioch\u00e9 dans <a target=\"_blank\" href=\"https:\/\/www.pointdevue.fr\/royal\/royaume-uni\/fortune-des-windsor-charles-lhomme-qui-valait-12-milliard\" rel=\"nofollow noopener\">sa cassette personnelle<\/a>, aliment\u00e9e par les revenus du duch\u00e9 de Lancastre.<\/p>\n<p>Comme le raconte la victime du trafic d&rsquo;Epstein dans son autobiographie posthume, <a target=\"_blank\" href=\"https:\/\/www.pointdevue.fr\/royal\/royaume-uni\/le-prince-andrew-a-virginia-giuffre-mes-filles-sont-justes-un-peu-plus-jeunes-que-vous\" rel=\"nofollow noopener\">Nobody\u2019s Girl, A Memoir of Surviving Abuse and Fighting for Justice<\/a>, cet accord contenait aussi <a target=\"_blank\" href=\"https:\/\/www.telegraph.co.uk\/us\/news\/2025\/10\/18\/andrew-gagged-virginia-giuffre-avoid-spoiling-queen-jubilee\/\" rel=\"nofollow noopener\"><strong>une clause de confidentialit\u00e9<\/strong><\/a> qui lui interdisait d\u2019\u00e9voquer l\u2019affaire pendant un an. Objectif\u00a0: <strong>\u00e9pargner le jubil\u00e9 de platine de la reine<\/strong>, qui n\u2019\u00e9tait pas sans se savoir mourante. Cet accord garantissait d&rsquo;une certaine mani\u00e8re \u00e0 Sa Majest\u00e9 que le d\u00e9luge ne s\u2019abatte qu\u2019apr\u00e8s elle. Nous y sommes.<\/p>\n<p><strong>\u00ab\u00a0La reine \u00e9tait complice\u00a0\u00bb<\/strong><\/p>\n<p>\u00ab\u00a0Andrew \u00e9tait <strong>le talon d\u2019Achille d\u2019\u00c9lisabeth II<\/strong>. Elle a agi comme une m\u00e8re au lieu d\u2019agir comme la souveraine\u00a0\u00bb, <a target=\"_blank\" href=\"https:\/\/www.pointdevue.fr\/royal\/royaume-uni\/andrew-lownie-auteur-du-livre-polemique-sur-les-york-andrew-etait-le-talon-dachille-delisabeth-ii\" rel=\"nofollow noopener\">nous confiait en ao\u00fbt d\u00e9j\u00e0 Andrew Lownie<\/a>. Apr\u00e8s quatre ans d\u2019enqu\u00eate, l\u2019historien britannique publiait Entitled : The Rise and Fall of the House of York, ouvrage dans lequel il d\u00e9crypte <a target=\"_blank\" href=\"https:\/\/www.pointdevue.fr\/royal\/royaume-uni\/sarah-ferguson-lautre-volet-de-laffaire-andrew-et-la-maison-dyork\" rel=\"nofollow noopener\">l\u2019ascension suivie de la chute vertigineuse<\/a> du (d\u00e9sormais ex) couple d\u2019York. Pour Lownie, Andrew a grandi avec un sentiment d\u2019impunit\u00e9 parce que sa m\u00e8re l\u2019adorait.\u00a0Aveugl\u00e9ment.\u00a0<\/p>\n<p><img decoding=\"async\" src=\"https:\/\/www.europesays.com\/fr\/wp-content\/uploads\/2025\/10\/GettyImages-142841735Z5D2oIpXOv.jpg\" alt=\"La reine et son fils Andrew aux Badminton Horse Trials, en 1973.\"\/><strong>La reine et son fils Andrew aux Badminton Horse Trials, en 1973.<\/strong> \u00a9 Tim Graham Photo Library\/Getty Images<\/p>\n<p>\u00ab\u00a0Il restait son pr\u00e9f\u00e9r\u00e9 malgr\u00e9 tout. <strong>La reine pensait que les affaires pouvaient \u00eatre enterr\u00e9es plut\u00f4t que trait\u00e9es<\/strong>. En vieillissant, elle ne voulait plus de conflits. Alors, elle a pr\u00e9f\u00e9r\u00e9 mettre la t\u00eate dans le sable en esp\u00e9rant que le probl\u00e8me dispara\u00eetrait. <strong>Elle \u00e9tait sa grande protectrice<\/strong>.\u00a0\u00bb Dans une nouvelle interview au <a target=\"_blank\" href=\"https:\/\/www.thetimes.com\/uk\/royal-family\/article\/prince-andrew-book-author-andrew-lownie-hk7qhszpw\" rel=\"nofollow noopener\">Times<\/a>, l&rsquo;auteur ajoute \u00e0 propos des derni\u00e8res r\u00e9v\u00e9lations en date\u00a0: \u00ab\u00a0C&rsquo;est ce qui m&rsquo;a choqu\u00e9, <strong>la dissimulation du Palais<\/strong>. Ils savaient pertinemment ce qui se passait. \u00c7a ne va pas plaire, mais <strong>la reine \u00e9tait complice<\/strong>. J&rsquo;ai d&rsquo;abord pens\u00e9 qu&rsquo;elle se mettait simplement la t\u00eate dans le sable. Mais je suis de plus en plus convaincu qu&rsquo;elle savait pertinemment ce qui se passait et qu&rsquo;elle l&rsquo;a laiss\u00e9 faire.\u00a0\u00bb<\/p>\n<p><strong>Les cadets, \u00e9ternels maillons faibles des familles royales<\/strong><\/p>\n<p>Pourquoi la reine \u00c9lisabeth\u00a0avait-elle tant de cl\u00e9mence pour son deuxi\u00e8me fils\u00a0? <a target=\"_blank\" href=\"https:\/\/www.pointdevue.fr\/royal\/royaume-uni\/dans-les-archives-de-point-de-vue-langleterre-eclate-de-joie-cest-un-petit-prince\" rel=\"nofollow noopener\">N\u00e9 en 1960<\/a>, Andrew est son troisi\u00e8me enfant mais le premier \u00e0 na\u00eetre apr\u00e8s son accession au tr\u00f4ne. <strong>Le premier dont elle se soit vraiment occup\u00e9e<\/strong> dans son enfance, comme une m\u00e8re. Andrew la faisait rire, une qualit\u00e9 \u00e0 laquelle la reine \u00e9tait tr\u00e8s sensible. Peut-\u00eatre lui rappelait-il aussi <a target=\"_blank\" href=\"https:\/\/www.pointdevue.fr\/royal\/royaume-uni\/les-amours-decues-de-la-princesse-margaret\" rel=\"nofollow noopener\">le destin malheureux<\/a> de sa propre s\u0153ur cadette, la <a target=\"_blank\" href=\"https:\/\/www.pointdevue.fr\/grand-angle\/biographies\/princesse-margaret\" rel=\"nofollow noopener\">princesse Margaret<\/a>&#8230; \u00c9lisabeth savait combien il est difficile de vivre <a target=\"_blank\" href=\"https:\/\/www.pointdevue.fr\/royal\/royaume-uni\/cadettes-en-monarchie-comment-exister-dans-lombre-dune-reine\" rel=\"nofollow noopener\">dans l\u2019ombre d\u2019un monarque<\/a> ou d\u2019un a\u00een\u00e9, et ne s\u2019est jamais pardonn\u00e9e d\u2019avoir ruin\u00e9 la vie amoureuse de sa s\u0153ur. Alors, avec l\u2019\u00e2ge, elle a tent\u00e9 de <strong>se montrer plus souple avec d\u2019autres \u00ab\u00a0spares\u00a0\u00bb, son fils Andrew et son petit-fils Harry<\/strong>.<\/p>\n<p>Une th\u00e9orie soutenue par l\u2019historien Robert Hardman. \u00ab\u00a0Les gens se demandent pourquoi la reine a \u00e9t\u00e9 si indulgente envers Andrew ou Harry. Je pense que c&rsquo;est parce qu&rsquo;<strong>elle voyait en eux le reflet de son p\u00e8re, qui \u00e9tait lui aussi un \u00ab\u00a0rempla\u00e7ant\u00a0\u00bb<\/strong>, et qu&rsquo;elle \u00e9prouvait une grande sympathie pour sa s\u0153ur Margaret, qui n&rsquo;a jamais r\u00e9ussi \u00e0 trouver sa place dans la vie\u00a0\u00bb explique-t-il <a target=\"_blank\" href=\"https:\/\/www.dailymail.co.uk\/news\/royals\/article-15209967\/queen-elizabeth-sympathy-prince-harry-andrew-spare-robert-hardman-kate-williams-podcast.html\" rel=\"nofollow noopener\">dans un podcast<\/a>.<\/p>\n<p>Et maintenant, que va devenir Andrew ?<\/p>\n<p>Ce mercredi 22 octobre, la d\u00e9put\u00e9 de York Central Rachael Maskell doit pr\u00e9senter devant la Chambre des communes <strong>un projet de loi qui donnerait au roi <\/strong><a target=\"_blank\" href=\"https:\/\/www.pointdevue.fr\/grand-angle\/biographies\/charles-iii\" rel=\"nofollow noopener\"><strong>Charles III<\/strong><\/a><strong> le pouvoir de r\u00e9voquer la pairie et le titre de duc d\u2019York<\/strong> au prince Andrew. Le monarque pourrait le faire de sa propre initiative, sur recommandation d&rsquo;une commission parlementaire ou \u00e0 la demande de la personne qui d\u00e9tient le titre.<\/p>\n<p>Par ailleurs, le chef du Parti lib\u00e9ral d\u00e9mocrate a demand\u00e9 la <strong>cr\u00e9ation d&rsquo;une commission d&rsquo;enqu\u00eate sur le Crown Estate<\/strong> et la convocation du prince Andrew pour t\u00e9moigner des conditions de <a target=\"_blank\" href=\"https:\/\/www.pointdevue.fr\/royal\/royaume-uni\/le-prince-andrew-bientot-ecarte-du-royal-lodge-il-ne-paie-meme-pas-de-loyer\" rel=\"nofollow noopener\">son bail pour occuper le Royal Lodge<\/a>. L&rsquo;avenir pourrait bien r\u00e9server quelques nouveaut\u00e9s du c\u00f4t\u00e9 de la monarchie britannique.<\/p>\n<p>Lire aussi &gt;&gt; <a target=\"_blank\" href=\"https:\/\/www.pointdevue.fr\/royal\/royaume-uni\/la-fin-des-york\" rel=\"nofollow noopener\">La fin des York<\/a><\/p>\n","protected":false},"excerpt":{"rendered":"Malgr\u00e9 le choc et la d\u00e9ception qu\u2019ils entra\u00eenent, les derniers \u00e9l\u00e9ments rendus publics dans l\u2019affaire Epstein laissent peu&hellip;\n","protected":false},"author":2,"featured_media":482083,"comment_status":"","ping_status":"","sticky":false,"template":"","format":"standard","meta":{"footnotes":""},"categories":[1588],"tags":[11,1777,674,12,473,1853,1851,1850,1852],"class_list":{"0":"post-482082","1":"post","2":"type-post","3":"status-publish","4":"format-standard","5":"has-post-thumbnail","7":"category-royaume-uni","8":"tag-actualites","9":"tag-eu","10":"tag-europe","11":"tag-news","12":"tag-royaume-uni","13":"tag-royaume-uni-de-grande-bretagne-et-dirlande-du-nord","14":"tag-uk","15":"tag-united-kingdom","16":"tag-united-kingdom-of-great-britain-and-northern-ireland"},"share_on_mastodon":{"url":"https:\/\/pubeurope.com\/@fr\/115418101947236662","error":""},"_links":{"self":[{"href":"https:\/\/www.europesays.com\/fr\/wp-json\/wp\/v2\/posts\/482082","targetHints":{"allow":["GET"]}}],"collection":[{"href":"https:\/\/www.europesays.com\/fr\/wp-json\/wp\/v2\/posts"}],"about":[{"href":"https:\/\/www.europesays.com\/fr\/wp-json\/wp\/v2\/types\/post"}],"author":[{"embeddable":true,"href":"https:\/\/www.europesays.com\/fr\/wp-json\/wp\/v2\/users\/2"}],"replies":[{"embeddable":true,"href":"https:\/\/www.europesays.com\/fr\/wp-json\/wp\/v2\/comments?post=482082"}],"version-history":[{"count":0,"href":"https:\/\/www.europesays.com\/fr\/wp-json\/wp\/v2\/posts\/482082\/revisions"}],"wp:featuredmedia":[{"embeddable":true,"href":"https:\/\/www.europesays.com\/fr\/wp-json\/wp\/v2\/media\/482083"}],"wp:attachment":[{"href":"https:\/\/www.europesays.com\/fr\/wp-json\/wp\/v2\/media?parent=482082"}],"wp:term":[{"taxonomy":"category","embeddable":true,"href":"https:\/\/www.europesays.com\/fr\/wp-json\/wp\/v2\/categories?post=482082"},{"taxonomy":"post_tag","embeddable":true,"href":"https:\/\/www.europesays.com\/fr\/wp-json\/wp\/v2\/tags?post=482082"}],"curies":[{"name":"wp","href":"https:\/\/api.w.org\/{rel}","templated":true}]}}