{"id":482096,"date":"2025-10-22T13:46:14","date_gmt":"2025-10-22T13:46:14","guid":{"rendered":"https:\/\/www.europesays.com\/fr\/482096\/"},"modified":"2025-10-22T13:46:14","modified_gmt":"2025-10-22T13:46:14","slug":"genesis-championship-ca-passe-ou-ca-casse","status":"publish","type":"post","link":"https:\/\/www.europesays.com\/fr\/482096\/","title":{"rendered":"Genesis Championship, \u00e7a passe ou \u00e7a casse !"},"content":{"rendered":"<p>\t\t\t\t\t\t<img width=\"770\" height=\"556\" src=\"https:\/\/www.europesays.com\/fr\/wp-content\/uploads\/2025\/10\/clement-sordet-nathan-cardetgolf-planete-2-770x556.jpg\" class=\"img-responsive wp-post-image\" alt=\"\" decoding=\"async\" fetchpriority=\"high\"  \/>\t\t\t\t\t<\/p>\n<p>\t\t\t\t\t\t Partager cet article <\/p>\n<p class=\"screen-reader-text juiz_sps_maybe_hidden_text\">Partager la publication \u00ab\u00a0Genesis Championship, \u00e7a passe ou \u00e7a casse !\u00a0\u00bb<\/p>\n<p><strong>Dernier rendez-vous de la saison r\u00e9guli\u00e8re du DP World Tour, le Genesis Championship (4 millions de dollars de dotation) est l\u2019ultime chance de sauver son ann\u00e9e en int\u00e9grant le top 115 de la Race ou en accrochant le top 70, synonyme de playoffs dans les Emirats arabes unis. Les Fran\u00e7ais Cl\u00e9ment Sordet (photo), Tom Vaillant, Jeong weon Ko et Julien Guerrier sont directement concern\u00e9s par ces deux cas de figure.<\/strong><\/p>\n<p><strong>L.V.<\/strong><\/p>\n<p>Il y a un an, presque jour pour jour, <strong>Marco Penge<\/strong> sauvait sa \u00ab\u00a0peau\u00a0\u00bb sur le Tour europ\u00e9en en r\u00e9ussissant un dernier birdie salvateur sur le green du 18 du <strong>Jack Nicklaus Golf Club<\/strong> d\u2019Incheon, h\u00f4te du <strong>Genesis Championship<\/strong>. Sa carte immacul\u00e9e de 67 (-5) permettait ainsi \u00e0 l\u2019Anglais, d\u00e9barqu\u00e9 sur le <strong>DP World Tour<\/strong> en 2024 via le <strong>Challenge Tour<\/strong> (aujourd\u2019hui <strong>HotelPlanner Tour<\/strong>), de finir 22e de l\u2019\u00e9tape sud-cor\u00e9enne et d\u2019accrocher la 110e place de la Race. <a href=\"https:\/\/www.europeantour.com\/dpworld-tour\/rankings\/overview\/rankings\/\" target=\"_blank\" rel=\"noopener nofollow\">Aujourd\u2019hui class\u00e9 2e de la Race 2025<\/a> gr\u00e2ce \u00e0 trois succ\u00e8s cette saison, dont le dernier \u00e0 <a href=\"https:\/\/www.golfplanete.com\/actualites\/champion-despagne-marco-penge-entre-dans-la-troisieme-dimension\/\" target=\"_blank\" rel=\"noopener nofollow\">l\u2019Open d\u2019Espagne le 12 octobre<\/a>, Marco Penge est assur\u00e9 d\u2019\u00e9voluer sur le <strong>PGA Tour<\/strong> en 2026 avec en bonus XXL le droit de jouer le <strong>Masters<\/strong> et <strong>The Open<\/strong> dans quelques mois.<\/p>\n<p>Tout peut donc aller tr\u00e8s vite dans le golf de haut niveau. Et les joueurs pr\u00e9sents cette semaine au <strong>Woo Jeong Hills<\/strong> de Cheonan ont bien \u00e9videmment int\u00e9gr\u00e9 cette \u00e9quation dans leur plan de marche. Notamment ceux qui ont dans l\u2019obligation de r\u00e9aliser une perf\u2019 comme l\u2019on dit pour esp\u00e9rer demeurer dans le top 115 de la Race, condition sine qua non pour conserver ses droits de jeu plein une ann\u00e9e suppl\u00e9mentaire.<\/p>\n<p>Cl\u00e9ment Sordet, en ballotage d\u00e9favorable<\/p>\n<p>C\u2019est le cas de <strong>Cl\u00e9ment Sordet<\/strong>. 114e de la Race mais absent en Cor\u00e9e en raison d\u2019une cat\u00e9gorie de jeu (18) insuffisante pour entrer dans le champ de ce tournoi co-sanctionn\u00e9 avec le <strong>Korean Professional Golf Tour<\/strong>, le Fran\u00e7ais est sous la menace directe de sept joueurs class\u00e9s juste derri\u00e8re lui : <strong>Adam Scott<\/strong> (115e), <strong>Yannik Paul<\/strong> (116e), <strong>Aaron Cockerill<\/strong> (117e), <strong>Fabrizio Zanotti<\/strong> (118e), <strong>Jordan Gumberg<\/strong> (127e), <strong>Robin Williams<\/strong> (128e) et <strong>Thomas Detry<\/strong> (129e).<\/p>\n<p>Si au moins deux d\u2019entre eux franchissent le cut vendredi \u00e0 l\u2019issue du 2e tour, le Lyonnais domicili\u00e9 sur la C\u00f4te d\u2019Azur devra se r\u00e9soudre \u00e0 passer par les <strong>PQ3 des Cartes europ\u00e9ennes<\/strong> pr\u00e9vues en Espagne (7-12 novembre). Ses chances (\u00e9valu\u00e9es \u00e0\u2026 2 %) de garder sa carte pour 2026 sont donc quasi nulles. Mais on le r\u00e9p\u00e8te, tout peut arriver au golf !<\/p>\n<p>Antoine Rozner avait montr\u00e9 la voie<\/p>\n<p>L\u2019exemple d\u2019<strong>Antoine Rozner<\/strong> est l\u00e0 pour nous le rappeler. 50e de la Race au moment de prendre part au Genesis Championship 2024 \u2013 il \u00e9tait encore 65e une semaine plus t\u00f4t en Andalousie \u2013 le Racingman avait termin\u00e9 4e avant d\u2019enchainer admirablement avec une 6e place \u00e0 Abu Dhabi puis une 3e place \u00e0 Duba\u00ef lors de la finale, compostant du m\u00eame coup son ticket pour le PGA Tour 2025.<\/p>\n<p>Class\u00e9 94e de la Race avec 562,78 points, <strong>Tom Vaillant<\/strong> a assur\u00e9 <a href=\"https:\/\/www.golfplanete.com\/actualites\/tommy-fleetwood-met-tout-le-monde-daccord-tom-vaillant-sauve-sa-peau\/\" target=\"_blank\" rel=\"noopener nofollow\">sa carte la semaine pass\u00e9e en Inde en prenant la 13e place finale<\/a>. Pour int\u00e9grer le top 70 qui lui donnerait acc\u00e8s \u00e0 l\u2019<strong>Abu Dhabi HSBC Championship<\/strong> (6-9 novembre), l\u2019Azur\u00e9en, que nous avons contact\u00e9 en d\u00e9but de semaine, doit viser selon lui \u00ab un top 4 voire un top 5.\u00a0\u00bb Pas simple, mais pas impossible non plus.<\/p>\n<blockquote><p>\nA quelle place je dois finir ? Je n\u2019en ai aucune id\u00e9e. \u00catre comptable quand on est golfeur pro, c\u2019est rarement b\u00e9n\u00e9fique.\u00a0<\/p>\n<p>Julien Guerrier<\/p>\n<\/blockquote>\n<p>Plusieurs autres golfeurs, mieux positionn\u00e9s que Vaillant \u00e0 la Race, apparaissent dans cette fameuse bulle. On peut ici citer le v\u00e9t\u00e9ran <strong>Richard Sterne<\/strong>, 44 ans, class\u00e9 pour l\u2019instant 69e, <strong>Rafa Cabrera Bello<\/strong> (70e), <strong>Ashun Wu<\/strong> (74e) mais aussi les deux Tricolores <strong>Jeong weon Ko<\/strong> et <strong>Julien Guerrier<\/strong>, respectivement 67e et 76e \u00e0 la Race avant ce d\u00e9cisif rendez-vous cor\u00e9en.<\/p>\n<p>\u00ab\u00a0Je n\u2019ai pas d\u2019id\u00e9e l\u00e0-dessus, je n\u2019y pense pas trop\u00a0\u00bb, nous souligne bri\u00e8vement celui qui a pris la <a href=\"https:\/\/www.golfplanete.com\/actualites\/jeong-weon-ko-je-ne-laurais-pas-fait-sans-le-public\/\" target=\"_blank\" rel=\"noopener nofollow\">2e place ex aequo du FedEx Open de France \u00e0 St-Nom-la-Bret\u00e8che<\/a> le 21 septembre dernier. Le son de cloche est quasiment identique pour <strong>Julien Guerrier<\/strong>\u00a0: \u00ab\u00a0A quelle place je dois finir\u00a0? Je n\u2019en ai aucune id\u00e9e. Je ne regarde pas \u00e7a ! Je fais mon max, c\u2019est tout ! \u00catre comptable quand on est golfeur pro, c\u2019est rarement b\u00e9n\u00e9fique.\u00a0\u00bb<\/p>\n<p>\t\t\t\t\t<a id=\"188235\" href=\"https:\/\/www.formigolf.fr\/voyage-pays~rocco-forte-s-verdura-golf--spa-resort-5etoilesl~370~sicile\" target=\"_blank\" rel=\"sponsorised nofollow noopener\"><img decoding=\"async\" src=\"data:image\/svg+xml,%3Csvg%20xmlns=\" http:=\"\" class=\"img-responsive\" alt=\"\" data-lazy-src=\"https:\/\/www.europesays.com\/fr\/wp-content\/uploads\/2025\/10\/formigolf-e10-sicile-verdura-1170x275-1.gif\"\/><\/a><\/p>\n<p>Photo : Nathan Cardet \/ Golf Plan\u00e8te<\/p>\n","protected":false},"excerpt":{"rendered":"Partager cet article Partager la publication \u00ab\u00a0Genesis Championship, \u00e7a passe ou \u00e7a casse !\u00a0\u00bb Dernier rendez-vous de la&hellip;\n","protected":false},"author":2,"featured_media":482097,"comment_status":"","ping_status":"","sticky":false,"template":"","format":"standard","meta":{"footnotes":""},"categories":[1418],"tags":[1011,27,1472,60],"class_list":{"0":"post-482096","1":"post","2":"type-post","3":"status-publish","4":"format-standard","5":"has-post-thumbnail","7":"category-golf","8":"tag-fr","9":"tag-france","10":"tag-golf","11":"tag-sports"},"share_on_mastodon":{"url":"https:\/\/pubeurope.com\/@fr\/115418129545280522","error":""},"_links":{"self":[{"href":"https:\/\/www.europesays.com\/fr\/wp-json\/wp\/v2\/posts\/482096","targetHints":{"allow":["GET"]}}],"collection":[{"href":"https:\/\/www.europesays.com\/fr\/wp-json\/wp\/v2\/posts"}],"about":[{"href":"https:\/\/www.europesays.com\/fr\/wp-json\/wp\/v2\/types\/post"}],"author":[{"embeddable":true,"href":"https:\/\/www.europesays.com\/fr\/wp-json\/wp\/v2\/users\/2"}],"replies":[{"embeddable":true,"href":"https:\/\/www.europesays.com\/fr\/wp-json\/wp\/v2\/comments?post=482096"}],"version-history":[{"count":0,"href":"https:\/\/www.europesays.com\/fr\/wp-json\/wp\/v2\/posts\/482096\/revisions"}],"wp:featuredmedia":[{"embeddable":true,"href":"https:\/\/www.europesays.com\/fr\/wp-json\/wp\/v2\/media\/482097"}],"wp:attachment":[{"href":"https:\/\/www.europesays.com\/fr\/wp-json\/wp\/v2\/media?parent=482096"}],"wp:term":[{"taxonomy":"category","embeddable":true,"href":"https:\/\/www.europesays.com\/fr\/wp-json\/wp\/v2\/categories?post=482096"},{"taxonomy":"post_tag","embeddable":true,"href":"https:\/\/www.europesays.com\/fr\/wp-json\/wp\/v2\/tags?post=482096"}],"curies":[{"name":"wp","href":"https:\/\/api.w.org\/{rel}","templated":true}]}}