{"id":482098,"date":"2025-10-22T13:47:15","date_gmt":"2025-10-22T13:47:15","guid":{"rendered":"https:\/\/www.europesays.com\/fr\/482098\/"},"modified":"2025-10-22T13:47:15","modified_gmt":"2025-10-22T13:47:15","slug":"le-suspense-est-garanti-lors-de-cette-saison-2025-2026","status":"publish","type":"post","link":"https:\/\/www.europesays.com\/fr\/482098\/","title":{"rendered":"le suspense est garanti lors de cette saison 2025-2026"},"content":{"rendered":"<p>Show devant\u00a0! Les vacances sont bel et bien termin\u00e9es pour les quatorze clubs de MarmaraSpike Ligue. Et si certains ne l\u2019avaient pas compris, ils vont vite \u00eatre mis dans le bain avec quatre premiers matchs \u00e0 disputer en douze petits jours pour lancer une saison r\u00e9guli\u00e8re qui s\u2019\u00e9tirera sur seulement cinq mois. Le rythme promet d\u2019\u00eatre intense et il va falloir \u00eatre capable de le suivre&#8230;. <\/p>\n<p>    Cet article a \u00e9t\u00e9 tronqu\u00e9. Abonnez-vous pour lire l&rsquo;article complet sur notre site.<\/p>\n<p style=\"margin: 0 !important; padding: 0 !important; font-size: 12px !important;\">Cet article a \u00e9t\u00e9 tronqu\u00e9. Abonnez-vous pour lire l&rsquo;article complet.<\/p>\n<p>    <a href=\"https:\/\/www.lanouvellerepublique.fr\/abonnements\" style=\"display: inline-block; margin-top: 5px !important; padding: 6px 12px !important; background: #cb1c27; color: white; text-decoration: none; border-radius: 4px; font-size: 12px !important;\" target=\"_blank\" rel=\"noopener\"><br \/>\n      S&rsquo;abonner<br \/>\n    <\/a><\/p>\n","protected":false},"excerpt":{"rendered":"Show devant\u00a0! Les vacances sont bel et bien termin\u00e9es pour les quatorze clubs de MarmaraSpike Ligue. Et si&hellip;\n","protected":false},"author":2,"featured_media":482099,"comment_status":"","ping_status":"","sticky":false,"template":"","format":"standard","meta":{"footnotes":""},"categories":[1417],"tags":[1654,1011,27,1655,1653,60,1390,1471,2767,1584,1470,1469],"class_list":{"0":"post-482098","1":"post","2":"type-post","3":"status-publish","4":"format-standard","5":"has-post-thumbnail","7":"category-volley","8":"tag-alterna-stade-poitevin-volley-ball","9":"tag-fr","10":"tag-france","11":"tag-ligue-a","12":"tag-poitiers","13":"tag-sports","14":"tag-tours","15":"tag-tours-volley-ball","16":"tag-tvb-37","17":"tag-vienne","18":"tag-volley","19":"tag-volleyball"},"share_on_mastodon":{"url":"https:\/\/pubeurope.com\/@fr\/115418132835204878","error":""},"_links":{"self":[{"href":"https:\/\/www.europesays.com\/fr\/wp-json\/wp\/v2\/posts\/482098","targetHints":{"allow":["GET"]}}],"collection":[{"href":"https:\/\/www.europesays.com\/fr\/wp-json\/wp\/v2\/posts"}],"about":[{"href":"https:\/\/www.europesays.com\/fr\/wp-json\/wp\/v2\/types\/post"}],"author":[{"embeddable":true,"href":"https:\/\/www.europesays.com\/fr\/wp-json\/wp\/v2\/users\/2"}],"replies":[{"embeddable":true,"href":"https:\/\/www.europesays.com\/fr\/wp-json\/wp\/v2\/comments?post=482098"}],"version-history":[{"count":0,"href":"https:\/\/www.europesays.com\/fr\/wp-json\/wp\/v2\/posts\/482098\/revisions"}],"wp:featuredmedia":[{"embeddable":true,"href":"https:\/\/www.europesays.com\/fr\/wp-json\/wp\/v2\/media\/482099"}],"wp:attachment":[{"href":"https:\/\/www.europesays.com\/fr\/wp-json\/wp\/v2\/media?parent=482098"}],"wp:term":[{"taxonomy":"category","embeddable":true,"href":"https:\/\/www.europesays.com\/fr\/wp-json\/wp\/v2\/categories?post=482098"},{"taxonomy":"post_tag","embeddable":true,"href":"https:\/\/www.europesays.com\/fr\/wp-json\/wp\/v2\/tags?post=482098"}],"curies":[{"name":"wp","href":"https:\/\/api.w.org\/{rel}","templated":true}]}}