{"id":482110,"date":"2025-10-22T13:54:13","date_gmt":"2025-10-22T13:54:13","guid":{"rendered":"https:\/\/www.europesays.com\/fr\/482110\/"},"modified":"2025-10-22T13:54:13","modified_gmt":"2025-10-22T13:54:13","slug":"un-club-de-r1-pourrait-lourdement-etre-sanctionne","status":"publish","type":"post","link":"https:\/\/www.europesays.com\/fr\/482110\/","title":{"rendered":"un club de R1 pourrait lourdement \u00eatre sanctionn\u00e9"},"content":{"rendered":"<p>Zapping Foot National Laure Boulleau : \u00ab J\u2019imagine une s\u00e9quence o\u00f9 Mbapp\u00e9 parle d\u2019un match des Bleues \u2026 \u00bb <\/p>\n<p>Une mauvaise nouvelle suppl\u00e9mentaire pour la formation qui est parvenue \u00e0 donner du fil \u00e0 retordre au Stade Malherbe de Caen (N1) lors du cinqui\u00e8me tour de la Coupe de France ? Comme d\u00e9voil\u00e9 par nos confr\u00e8res de <a href=\"http:\/\/SportACaen.fr\" rel=\"nofollow noopener\" target=\"_blank\">SportACaen.fr<\/a>, l\u2019Avant Garde Caennaise a titularis\u00e9 un joueur suspendu au cours de ses premiers matchs de championnat. Le club rel\u00e9gu\u00e9 en R\u00e9gional 1 a jou\u00e9 avec Medhi Ta\u00efleb, qui avait pourtant \u00e9cop\u00e9 d\u2019un match de suspension en fin de saison derni\u00e8re pour avoir re\u00e7u trois cartons jaunes en l\u2019espace de trois mois lorsqu\u2019il jouait en R\u00e9gional 2 avec l\u2019\u00e9quipe r\u00e9serve de l\u2019ASPTT Caen.\u00a0<\/p>\n<p>Une r\u00e9serve pos\u00e9e, une grosse sanction \u00e0 venir ?\u00a0<\/p>\n<p>Le milieu de terrain aurait ainsi d\u00fb \u00eatre laiss\u00e9 \u00e0 quai le samedi 6 septembre 2025 contre H\u00e9rouville. Il a pourtant particip\u00e9 \u00e0 la lourde d\u00e9faite sur le terrain (7-1), qui s\u2019est ensuite transform\u00e9e en victoire sur tapis vert en raison d\u2019un joueur mut\u00e9 en trop. Apparu contre la Maladrerie (1-1) et Grand-Quevilly (victoire 4-0), Ta\u00efleb n\u2019a donc pas purg\u00e9 sa suspension. Toujours selon la m\u00eame source, les clubs d\u2019H\u00e9rouville et de la Maladrerie ont fait une demande d\u2019\u00e9vocation aupr\u00e8s de la Ligue de football de Normandie.\u00a0<\/p>\n<p>Inform\u00e9e des d\u00e9marches intent\u00e9es \u00e0 son encontre, l\u2019AG Caen a laiss\u00e9 son joueur hors du groupe le week-end dernier, lors de la d\u00e9faite subie contre le leader Granville (1-2). Si la Ligue retient les trois matchs disput\u00e9s par le milieu de terrain, la formation normande perdrait sept points remport\u00e9s, en plus d\u2019une p\u00e9nalit\u00e9 d\u2019un point par match. Soit un total de dix points. Pour rappel, le club avait d\u00e9j\u00e0 perdu huit points pour un probl\u00e8me de licence d\u2019un de ses joueurs, la saison derni\u00e8re en National 3.\u00a0<\/p>\n<p>Partagez cette info avec vos amis et vos proches en cliquant ici<br \/>Pour r\u00e9sumer<\/p>\n<p>Une mauvaise nouvelle suppl\u00e9mentaire pour la formation qui est parvenue \u00e0 donner du fil \u00e0 retordre au Stade Malherbe de Caen (N1) lors du cinqui\u00e8me tour de la Coupe de France ? Comme d\u00e9voil\u00e9 par nos confr\u00e8res de SportACaen.fr, l\u2019Avant Garde Caennaise a titularis\u00e9 un joueur suspendu au cours de ses premiers matchs de championnat.<\/p>\n<p> <img decoding=\"async\" width=\"76\" height=\"76\" loading=\"lazy\" src=\"https:\/\/static.wui.fr\/images_v3\/avatar-footnational.png\" alt=\"Youcef Ghalaza-Boudra\"\/><\/p>\n","protected":false},"excerpt":{"rendered":"Zapping Foot National Laure Boulleau : \u00ab J\u2019imagine une s\u00e9quence o\u00f9 Mbapp\u00e9 parle d\u2019un match des Bleues \u2026&hellip;\n","protected":false},"author":2,"featured_media":482111,"comment_status":"","ping_status":"","sticky":false,"template":"","format":"standard","meta":{"footnotes":""},"categories":[1410],"tags":[9314,63,1011,27,60],"class_list":{"0":"post-482110","1":"post","2":"type-post","3":"status-publish","4":"format-standard","5":"has-post-thumbnail","7":"category-football","8":"tag-foot-amateur","9":"tag-football","10":"tag-fr","11":"tag-france","12":"tag-sports"},"share_on_mastodon":{"url":"https:\/\/pubeurope.com\/@fr\/115418161054827354","error":""},"_links":{"self":[{"href":"https:\/\/www.europesays.com\/fr\/wp-json\/wp\/v2\/posts\/482110","targetHints":{"allow":["GET"]}}],"collection":[{"href":"https:\/\/www.europesays.com\/fr\/wp-json\/wp\/v2\/posts"}],"about":[{"href":"https:\/\/www.europesays.com\/fr\/wp-json\/wp\/v2\/types\/post"}],"author":[{"embeddable":true,"href":"https:\/\/www.europesays.com\/fr\/wp-json\/wp\/v2\/users\/2"}],"replies":[{"embeddable":true,"href":"https:\/\/www.europesays.com\/fr\/wp-json\/wp\/v2\/comments?post=482110"}],"version-history":[{"count":0,"href":"https:\/\/www.europesays.com\/fr\/wp-json\/wp\/v2\/posts\/482110\/revisions"}],"wp:featuredmedia":[{"embeddable":true,"href":"https:\/\/www.europesays.com\/fr\/wp-json\/wp\/v2\/media\/482111"}],"wp:attachment":[{"href":"https:\/\/www.europesays.com\/fr\/wp-json\/wp\/v2\/media?parent=482110"}],"wp:term":[{"taxonomy":"category","embeddable":true,"href":"https:\/\/www.europesays.com\/fr\/wp-json\/wp\/v2\/categories?post=482110"},{"taxonomy":"post_tag","embeddable":true,"href":"https:\/\/www.europesays.com\/fr\/wp-json\/wp\/v2\/tags?post=482110"}],"curies":[{"name":"wp","href":"https:\/\/api.w.org\/{rel}","templated":true}]}}