{"id":482112,"date":"2025-10-22T13:55:11","date_gmt":"2025-10-22T13:55:11","guid":{"rendered":"https:\/\/www.europesays.com\/fr\/482112\/"},"modified":"2025-10-22T13:55:11","modified_gmt":"2025-10-22T13:55:11","slug":"il-a-trop-les-boules-carla-bruni-sans-detour-sur-cette-frustration-de-lex-president","status":"publish","type":"post","link":"https:\/\/www.europesays.com\/fr\/482112\/","title":{"rendered":"\u00ab\u00a0Il a trop les boules\u00a0\u00bb, Carla Bruni sans d\u00e9tour sur cette frustration de l\u2019ex-pr\u00e9sident"},"content":{"rendered":"<p>Mannequin depuis son plus jeune \u00e2ge, Carla Bruni a tr\u00e8s t\u00f4t<br \/>\nattir\u00e9 les regards masculins. Il faut dire qu\u2019avec son physique<br \/>\navantageux, la sculpturale brune ne passe pas inaper\u00e7ue. Cette<br \/>\nderni\u00e8re a d\u2019ailleurs c\u00f4toy\u00e9 de nombreuses personnalit\u00e9s. Louis<br \/>\nBertignac, Eric Clapton, Mick Jagger, Vincent Perez, Rapha\u00ebl<br \/>\nEnthoven\u2026 tous ont succomb\u00e9 au charme de Carla Bruni. Mais c\u2019est<br \/>\nbel et bien Nicolas Sarkozy qui a finalement r\u00e9ussi \u00e0 la s\u00e9duire et<br \/>\nlui passer la bague au doigt en 2008.<\/p>\n<p>Carla Bruni assure que Nicolas Sarkozy est le seul homme de sa<br \/>\nvie<\/p>\n<p>Depuis, les deux tourtereaux vivent <strong>un amour sans<br \/>\nnuage<\/strong> et <strong>se soutiennent dans les moments les plus<br \/>\ndifficiles<\/strong>. Carla Bruni l\u2019a d\u2019ailleurs prouv\u00e9 ce mardi 21<br \/>\noctobre alors qu\u2019elle accompagnait Nicolas Sarkozy jusqu\u2019\u00e0 la<br \/>\nvoiture qui <a href=\"https:\/\/www.melty.fr\/people\/nicolas-sarkozy-pour-sa-premiere-nuit-en-prison-lex-president-netait-pas-seul-2270452.html\" rel=\"nofollow noopener\" target=\"_blank\"><br \/>\nl\u2019emmenait \u00e0 la prison de la Sant\u00e9 apr\u00e8s sa condamnation<\/a>.<\/p>\n<p>Amoureuse, la quinquag\u00e9naire l\u2019est certainement. Dans les<br \/>\ncolonnes de Vanity Fair en 2017, Carla Bruni ne s\u2019est en effet pas<br \/>\ng\u00ean\u00e9e pour faire <strong>une belle d\u00e9claration \u00e0 celui qui partage<br \/>\nsa vie<\/strong>. <strong>\u00ab\u00a0Comme homme de ma vie, je n\u2019ai eu que<br \/>\nlui\u00a0\u00bb<\/strong>, assurait-elle \u00e0 l\u2019\u00e9poque avant de mettre en<br \/>\navant son charisme : \u00ab\u00a0Ce truc magn\u00e9tique quand il parle, c\u2019est<br \/>\n<strong>une bombe atomique\u00a0\u00bb<\/strong>. Nicolas Sarkozy est<br \/>\n\u00e9galement une source d\u2019inspiration pour Carla comme elle le<br \/>\nracontait aupr\u00e8s de nos confr\u00e8res : \u00ab\u00a0Depuis ma rencontre avec<br \/>\nmon mari, toutes mes chansons d\u2019amour sont pour lui.<br \/>\n<strong>J\u2019\u00e9cris tout pour lui\u00a0\u00bb<\/strong>.<\/p>\n<p>Carla Bruni consciente de la chance qu\u2019elle a<\/p>\n<p>Aupr\u00e8s de Paris Match cette fois-ci, <strong>Carla Bruni<br \/>\nassurait que Nicolas Sarkozy est la plus belle rencontre de sa<br \/>\nvie<\/strong>. \u00ab\u00a0C\u2019est <strong>la plus importante, la plus<br \/>\nchanceuse<\/strong>. Il a eu la peau de mon angoisse. J\u2019ai rencontr\u00e9<br \/>\n<strong>quelqu\u2019un avec qui partager le chemin\u00a0\u00bb<\/strong>,<br \/>\nconfiait-elle en effet.<\/p>\n<p>Et de poursuivre avec tendresse : <strong>\u00ab\u00a0J\u2019adore les<br \/>\nenfants de mon mari, les enfants de ses enfants<\/strong>, ses<br \/>\nfr\u00e8res, ses parents, j\u2019ai m\u00eame de l\u2019affection pour ses deux<br \/>\npr\u00e9c\u00e9dentes \u00e9pouses\u00a0\u00bb. Alors qu\u2019elle partage la vie de l\u2019ancien<br \/>\npr\u00e9sident de la R\u00e9publique depuis pr\u00e8s de vingt ans, Carla Bruni a<br \/>\neffectivement eu l\u2019opportunit\u00e9 de <a href=\"https:\/\/www.melty.fr\/people\/carla-bruni-brutalement-honnete-sur-ses-beaux-fils-les-trois-enfants-de-mon-mari-ils-sont-2269222.html\" rel=\"nofollow noopener\" target=\"_blank\"><br \/>\ncr\u00e9er des liens forts avec Pierre, Jean et Louis<\/a>, les trois<br \/>\ngar\u00e7ons du politicien.<\/p>\n<p>Cette chose qui a particuli\u00e8rement<br \/>\nirrit\u00e9 Nicolas Sarkozy<\/p>\n<p>Carla Bruni a beau aimer Nicolas Sarkozy plus que tout,<br \/>\n<strong>cela ne l\u2019emp\u00eache pas de le taquiner de temps \u00e0<br \/>\nautre<\/strong>. Ainsi, l\u2019artiste a <strong>choisi le pr\u00e9nom Raymond<br \/>\npour sa chanson d\u00e9di\u00e9e \u00e0 son mari<\/strong> sur l\u00a0\u00bbalbum Little<br \/>\nFrench Songs. Un choix m\u00fbrement r\u00e9fl\u00e9chi alors que le pr\u00e9nom<br \/>\nNicolas \u00e9tait d\u00e9j\u00e0 utilis\u00e9 par Sylvie Vartan pour l\u2019un de ses<br \/>\ntubes. De passage sur RFM en 2016, l\u2019ancienne Premi\u00e8re dame avait<br \/>\nconfi\u00e9 avec humour que <strong>\u00ab\u00a0\u00e7a lui va bien\u00a0\u00bb<\/strong><br \/>\ntout en avouant la g\u00eane de Sarkozy.<\/p>\n<p><strong>\u00ab\u00a0Tout le monde l&rsquo;appelle Raymond. Il a trop les<br \/>\nboules !\u00a0\u00bb<\/strong>, d\u00e9voilait-elle sans d\u00e9tour alors que<br \/>\nNicolas aurait pr\u00e9f\u00e9r\u00e9 que Carla appelle sa chanson \u00ab\u00a0Jean\u00a0\u00bb. Hors de<br \/>\nquestion pour l\u2019artiste qui souhaitait un pr\u00e9nom commen\u00e7ant par la<br \/>\nlettre \u00ab\u00a0R\u00a0\u00bb : \u00ab\u00a0Roger, R\u00e9gis, Raymond\u2026 Et aussi Raoul. Mais ce<br \/>\ndernier \u00e7a rime avec tr\u00e8s peu de truc : foule, houle et cool\u00a0\u00bb.<br \/>\nSarkozy n\u2019aura pas eu gain de cause cette fois-ci.<\/p>\n","protected":false},"excerpt":{"rendered":"Mannequin depuis son plus jeune \u00e2ge, Carla Bruni a tr\u00e8s t\u00f4t attir\u00e9 les regards masculins. Il faut dire&hellip;\n","protected":false},"author":2,"featured_media":482113,"comment_status":"","ping_status":"","sticky":false,"template":"","format":"standard","meta":{"footnotes":""},"categories":[1359],"tags":[905,12667,58,59,1011,27,3091,973],"class_list":{"0":"post-482112","1":"post","2":"type-post","3":"status-publish","4":"format-standard","5":"has-post-thumbnail","7":"category-people","8":"tag-a-la-une-melty","9":"tag-carla-bruni","10":"tag-divertissement","11":"tag-entertainment","12":"tag-fr","13":"tag-france","14":"tag-nicolas-sarkozy","15":"tag-people"},"share_on_mastodon":{"url":"https:\/\/pubeurope.com\/@fr\/115418164350978176","error":""},"_links":{"self":[{"href":"https:\/\/www.europesays.com\/fr\/wp-json\/wp\/v2\/posts\/482112","targetHints":{"allow":["GET"]}}],"collection":[{"href":"https:\/\/www.europesays.com\/fr\/wp-json\/wp\/v2\/posts"}],"about":[{"href":"https:\/\/www.europesays.com\/fr\/wp-json\/wp\/v2\/types\/post"}],"author":[{"embeddable":true,"href":"https:\/\/www.europesays.com\/fr\/wp-json\/wp\/v2\/users\/2"}],"replies":[{"embeddable":true,"href":"https:\/\/www.europesays.com\/fr\/wp-json\/wp\/v2\/comments?post=482112"}],"version-history":[{"count":0,"href":"https:\/\/www.europesays.com\/fr\/wp-json\/wp\/v2\/posts\/482112\/revisions"}],"wp:featuredmedia":[{"embeddable":true,"href":"https:\/\/www.europesays.com\/fr\/wp-json\/wp\/v2\/media\/482113"}],"wp:attachment":[{"href":"https:\/\/www.europesays.com\/fr\/wp-json\/wp\/v2\/media?parent=482112"}],"wp:term":[{"taxonomy":"category","embeddable":true,"href":"https:\/\/www.europesays.com\/fr\/wp-json\/wp\/v2\/categories?post=482112"},{"taxonomy":"post_tag","embeddable":true,"href":"https:\/\/www.europesays.com\/fr\/wp-json\/wp\/v2\/tags?post=482112"}],"curies":[{"name":"wp","href":"https:\/\/api.w.org\/{rel}","templated":true}]}}