{"id":48214,"date":"2025-04-24T03:51:07","date_gmt":"2025-04-24T03:51:07","guid":{"rendered":"https:\/\/www.europesays.com\/fr\/48214\/"},"modified":"2025-04-24T03:51:07","modified_gmt":"2025-04-24T03:51:07","slug":"etienne-lyon-la-ligue-rendra-sa-decision-le-7-mai-apres-le-jet-de-projectile-dont-a-ete-victime-larbitre-de-touche","status":"publish","type":"post","link":"https:\/\/www.europesays.com\/fr\/48214\/","title":{"rendered":"\u00c9tienne &#8211; Lyon : la Ligue rendra sa d\u00e9cision le 7 mai apr\u00e8s le jet de projectile dont a \u00e9t\u00e9 victime l\u2019arbitre de touche"},"content":{"rendered":"<p>La Commission de discipline de la LFP a d\u00e9cid\u00e9 de mettre le dossier en instruction et indique que la d\u00e9cision sera rendue \u00e0 l\u2019issue de la s\u00e9ance du 7 mai.<\/p>\n<p class=\"fig-paragraph\">La commission de discipline de la Ligue du football professionnel se prononcera le 7 mai sur d&rsquo;\u00e9ventuelles sanctions apr\u00e8s\u00a0<a href=\"http:\/\/www.lefigaro.fr\/sports\/football\/ligue-1\/ligue-1-un-arbitre-touche-par-un-projectile-le-derby-saint-etienne-lyon-interrompu-20250420\" data-fig-type=\"NewsFlash\" data-gtm-custom-categorie=\"navigation\" data-gtm-custom-action=\"crossclick\" data-gtm-custom-label=\"Contextuel\" data-gtm-event=\"customEventSPE\" data-fig-domain=\"LEFIGARO\" target=\"_blank\" rel=\"noopener\">l&rsquo;interruption du match entre Saint-\u00c9tienne et Lyon<\/a>\u00a0\u00e0 la suite du jet d&rsquo;une pi\u00e8ce sur un arbitre, a annonc\u00e9 la LFP mercredi. \u00abAu regard de la gravit\u00e9 des faits et du risque de r\u00e9it\u00e9ration, la Commission de discipline de la LFP d\u00e9cide de mettre le dossier en instruction\u00bb et \u00abla d\u00e9cision sera rendue \u00e0 l&rsquo;issue de la s\u00e9ance du 7 mai\u00bb, a \u00e9crit la Ligue dans un communiqu\u00e9.<\/p>\n<p class=\"fig-paragraph\">En parall\u00e8le \u00e0 d&rsquo;\u00e9ventuelles sanctions sportives,\u00a0<a href=\"http:\/\/www.lefigaro.fr\/sports\/football\/ligue-1\/saint-etienne-lyon-le-supporter-de-l-asse-qui-a-cause-l-interruption-du-derby-sera-juge-le-13-octobre-20250422\" data-fig-type=\"NewsFlash\" data-gtm-custom-categorie=\"navigation\" data-gtm-custom-action=\"crossclick\" data-gtm-custom-label=\"Contextuel\" data-gtm-event=\"customEventSPE\" data-fig-domain=\"LEFIGARO\" target=\"_blank\" rel=\"noopener\">le tribunal de Saint-\u00c9tienne jugera le 13 octobre un supporter st\u00e9phanois\u00a0<\/a>soup\u00e7onn\u00e9 d&rsquo;avoir jet\u00e9 une pi\u00e8ce de monnaie sur la t\u00eate d&rsquo;un arbitre de touche dimanche soir au stade Geoffroy-Guichard. Son geste avait entra\u00een\u00e9 l&rsquo;interruption pendant une quarantaine de minutes du\u00a0<a href=\"http:\/\/www.lefigaro.fr\/sports\/football\/ligue-1\/ligue-1-l-asse-arrache-un-derby-sous-haute-tension-lyon-reste-groggy-et-perd-gros-20250420\" data-fig-type=\"NewsFlash\" data-gtm-custom-categorie=\"navigation\" data-gtm-custom-action=\"crossclick\" data-gtm-custom-label=\"Contextuel\" data-gtm-event=\"customEventSPE\" data-fig-domain=\"LEFIGARO\" target=\"_blank\" rel=\"noopener\">match finalement remport\u00e9 par l&rsquo;ASSE<\/a>\u00a0(2-1). Par ailleurs, le SAFE, Syndicat des arbitres du football d\u2019\u00e9lite, a lui aussi annonc\u00e9 le d\u00e9p\u00f4t d\u2019une plainte dans un communiqu\u00e9 publi\u00e9 ce mercredi.<\/p>\n","protected":false},"excerpt":{"rendered":"La Commission de discipline de la LFP a d\u00e9cid\u00e9 de mettre le dossier en instruction et indique que&hellip;\n","protected":false},"author":2,"featured_media":48215,"comment_status":"","ping_status":"","sticky":false,"template":"","format":"standard","meta":{"footnotes":""},"categories":[9653],"tags":[1111,11,461,2430,525,1981,814,1777,674,2257,63,1011,27,3309,66,1307,955,12,1176,978,93,25,1980,4001],"class_list":{"0":"post-48214","1":"post","2":"type-post","3":"status-publish","4":"format-standard","5":"has-post-thumbnail","7":"category-saint-etienne","8":"tag-actu","9":"tag-actualites","10":"tag-asse","11":"tag-auvergne-rhone-alpes","12":"tag-calendrier","13":"tag-classement","14":"tag-direct","15":"tag-eu","16":"tag-europe","17":"tag-foot","18":"tag-football","19":"tag-fr","20":"tag-france","21":"tag-l1","22":"tag-ligue-1","23":"tag-lille","24":"tag-match","25":"tag-news","26":"tag-olympique-de-marseille","27":"tag-olympique-lyonnais","28":"tag-psg","29":"tag-republique-francaise","30":"tag-resultats","31":"tag-saint-etienne"},"share_on_mastodon":{"url":"https:\/\/pubeurope.com\/@fr\/114390911185333490","error":""},"_links":{"self":[{"href":"https:\/\/www.europesays.com\/fr\/wp-json\/wp\/v2\/posts\/48214","targetHints":{"allow":["GET"]}}],"collection":[{"href":"https:\/\/www.europesays.com\/fr\/wp-json\/wp\/v2\/posts"}],"about":[{"href":"https:\/\/www.europesays.com\/fr\/wp-json\/wp\/v2\/types\/post"}],"author":[{"embeddable":true,"href":"https:\/\/www.europesays.com\/fr\/wp-json\/wp\/v2\/users\/2"}],"replies":[{"embeddable":true,"href":"https:\/\/www.europesays.com\/fr\/wp-json\/wp\/v2\/comments?post=48214"}],"version-history":[{"count":0,"href":"https:\/\/www.europesays.com\/fr\/wp-json\/wp\/v2\/posts\/48214\/revisions"}],"wp:featuredmedia":[{"embeddable":true,"href":"https:\/\/www.europesays.com\/fr\/wp-json\/wp\/v2\/media\/48215"}],"wp:attachment":[{"href":"https:\/\/www.europesays.com\/fr\/wp-json\/wp\/v2\/media?parent=48214"}],"wp:term":[{"taxonomy":"category","embeddable":true,"href":"https:\/\/www.europesays.com\/fr\/wp-json\/wp\/v2\/categories?post=48214"},{"taxonomy":"post_tag","embeddable":true,"href":"https:\/\/www.europesays.com\/fr\/wp-json\/wp\/v2\/tags?post=48214"}],"curies":[{"name":"wp","href":"https:\/\/api.w.org\/{rel}","templated":true}]}}