{"id":482167,"date":"2025-10-22T14:27:16","date_gmt":"2025-10-22T14:27:16","guid":{"rendered":"https:\/\/www.europesays.com\/fr\/482167\/"},"modified":"2025-10-22T14:27:16","modified_gmt":"2025-10-22T14:27:16","slug":"la-collectivite-europeenne-dalsace-va-multiplier-par-10-la-surface-des-panneaux-solaires","status":"publish","type":"post","link":"https:\/\/www.europesays.com\/fr\/482167\/","title":{"rendered":"la Collectivit\u00e9 europ\u00e9enne d&rsquo;Alsace va multiplier par 10 la surface des panneaux solaires"},"content":{"rendered":"<p>            Par<br \/>\n        <strong><br \/>\n            <a href=\"https:\/\/actu.fr\/auteur\/thomas-blanc\" title=\"Consulter tous les articles de Thomas Blanc\" target=\"_blank\" rel=\"noopener\">Thomas Blanc<\/a><br \/>\n        <\/strong><\/p>\n<p>        Publi\u00e9 le<\/p>\n<p>            22 oct. 2025 \u00e0 15h55        <\/p>\n<p>La <a href=\"https:\/\/actu.fr\/tag\/collectivite-europeenne-d-alsace\" target=\"_blank\" rel=\"noopener\">Collectivit\u00e9 europ\u00e9enne d\u2019Alsace (CeA)<\/a> donne une nouvelle envergure \u00e0 l\u2019\u00e9nergie solaire avec son<strong> plan photovolta\u00efque 2025-2030<\/strong> qui va plus que multiplier par dix les infrastructures d\u00e9j\u00e0 existantes. Il permettra aux Alsaciens de profiter d\u2019une <strong>\u00e9nergie renouvelable produite localement<\/strong>.<\/p>\n<p>250 000 m\u00b2 de panneaux solaires pour d\u00e9velopper le photovolta\u00efque en Alsace<\/p>\n<p class=\" wall-content\">L\u2019\u00e9nergie solaire est d\u00e9j\u00e0 partiellement mise \u00e0 l\u2019honneur en Alsace. En effet, aujourd\u2019hui, <strong>50 centrales photovolta\u00efques <\/strong>peuplent les toits des coll\u00e8ges du <a href=\"https:\/\/actu.fr\/grand-est\/bas-rhin_67\" target=\"_blank\" rel=\"noopener\">Bas-Rhin<\/a> et du <a href=\"https:\/\/actu.fr\/grand-est\/haut-rhin_68\" target=\"_blank\" rel=\"noopener\">Haut-Rhin<\/a>, dont 17 se trouvent au sein de l\u2019<a href=\"https:\/\/actu.fr\/tag\/eurometropole-de-strasbourg\" target=\"_blank\" rel=\"noopener\">Eurom\u00e9tropole de Strasbourg<\/a>.<\/p>\n<p class=\" wall-content\">Au total, ce sont <strong>26 000 m\u00b2 de panneaux solaires qui permettent de couvrir 30\u2009% des besoins<\/strong> en \u00e9lectricit\u00e9 des \u00e9tablissements. Mais la vitesse sup\u00e9rieure est en phase d\u2019\u00eatre pass\u00e9e.<\/p>\n<p class=\" wall-content\">Ce sont en effet <strong>40 toits suppl\u00e9mentaires<\/strong> que la collectivit\u00e9 compte \u00e9quiper dans le cadre de son plan photovolta\u00efque 2025-2030. Elle pr\u00e9voit aussi d\u2019utiliser <strong>plus de 250 000 m\u00b2 de terrains inutilis\u00e9s le long des routes pour y installer des panneaux<\/strong>.<\/p>\n<p>\u00ab\u2009L\u2019Alsace profite d\u2019un tr\u00e8s bon ensoleillement\u2009\u00bb<\/p>\n<p class=\" wall-content\">C\u2019est donc une <strong>multiplication par 10 du parc actuel<\/strong> qui va s\u2019op\u00e9rer. Le co\u00fbt total de l\u2019investissement s\u2019\u00e9l\u00e8ve \u00e0 <strong>quatre millions d\u2019euros<\/strong> \u00e9tal\u00e9s sur plusieurs ann\u00e9es pour les projets prioritaires, d\u2019autres enveloppes seront allou\u00e9es par la suite.<\/p>\n<p class=\" wall-content\">Selon Fr\u00e9d\u00e9ric Bierry, pr\u00e9sident de la CeA, \u00ab\u00a0l\u2019Alsace profite d\u2019un tr\u00e8s bon ensoleillement, contrairement \u00e0 ce que l\u2019on pourrait penser\u00a0\u00bb. D\u2019apr\u00e8s les donn\u00e9es de M\u00e9t\u00e9o-France, le territoire b\u00e9n\u00e9ficierait de 1 600 \u00e0 1 800 heures d\u2019ensoleillement par an, <strong>une donn\u00e9e l\u00e9g\u00e8rement inf\u00e9rieure \u00e0 la moyenne nationale<\/strong>.<\/p>\n<p class=\" wall-content\">En parall\u00e8le, l\u2019Eurom\u00e9tropole de Strasbourg m\u00e8ne aussi <strong>ses propres programmes<\/strong> bas\u00e9s sur l\u2019\u00e9nergie solaire comme <a href=\"https:\/\/actu.fr\/grand-est\/reichstett_67389\/une-grosse-centrale-photovoltaique-doit-voir-le-jour-aux-portes-de-strasbourg-ce-qu-il-faut-savoir_62339765.html\" target=\"_blank\" rel=\"noopener\">Sunn\u2019Stett, le plus grand projet de centrale photovolta\u00efque au sol<\/a> de son territoire.<\/p>\n<p class=\" wall-content\">Personnalisez votre actualit\u00e9 en ajoutant vos villes et m\u00e9dias en favori avec <a href=\"https:\/\/moncompte.actu.fr\" title=\"D\u00e9couvez Mon Actu\" rel=\"nofollow noopener\" data-trk=\"{&quot;cta&quot;:{&quot;action&quot;:&quot;https:\\\/\\\/moncompte.actu.fr&quot;,&quot;category&quot;:&quot;mon compte&quot;,&quot;from&quot;:&quot;article footer&quot;,&quot;name&quot;:&quot;Mon actu&quot;,&quot;type&quot;:&quot;cta&quot;}}\" target=\"_blank\">Mon Actu<\/a>.<\/p>\n","protected":false},"excerpt":{"rendered":"Par Thomas Blanc Publi\u00e9 le 22 oct. 2025 \u00e0 15h55 La Collectivit\u00e9 europ\u00e9enne d\u2019Alsace (CeA) donne une nouvelle&hellip;\n","protected":false},"author":2,"featured_media":482168,"comment_status":"","ping_status":"","sticky":false,"template":"","format":"standard","meta":{"footnotes":""},"categories":[2820],"tags":[1111,11,3677,51,4427,1777,674,1011,27,775,12,52,25,640],"class_list":{"0":"post-482167","1":"post","2":"type-post","3":"status-publish","4":"format-standard","5":"has-post-thumbnail","7":"category-strasbourg","8":"tag-actu","9":"tag-actualites","10":"tag-collectivite-europeenne-dalsace","11":"tag-ecologie","12":"tag-energies","13":"tag-eu","14":"tag-europe","15":"tag-fr","16":"tag-france","17":"tag-grand-est","18":"tag-news","19":"tag-planete","20":"tag-republique-francaise","21":"tag-strasbourg"},"share_on_mastodon":{"url":"https:\/\/pubeurope.com\/@fr\/115418290357105186","error":""},"_links":{"self":[{"href":"https:\/\/www.europesays.com\/fr\/wp-json\/wp\/v2\/posts\/482167","targetHints":{"allow":["GET"]}}],"collection":[{"href":"https:\/\/www.europesays.com\/fr\/wp-json\/wp\/v2\/posts"}],"about":[{"href":"https:\/\/www.europesays.com\/fr\/wp-json\/wp\/v2\/types\/post"}],"author":[{"embeddable":true,"href":"https:\/\/www.europesays.com\/fr\/wp-json\/wp\/v2\/users\/2"}],"replies":[{"embeddable":true,"href":"https:\/\/www.europesays.com\/fr\/wp-json\/wp\/v2\/comments?post=482167"}],"version-history":[{"count":0,"href":"https:\/\/www.europesays.com\/fr\/wp-json\/wp\/v2\/posts\/482167\/revisions"}],"wp:featuredmedia":[{"embeddable":true,"href":"https:\/\/www.europesays.com\/fr\/wp-json\/wp\/v2\/media\/482168"}],"wp:attachment":[{"href":"https:\/\/www.europesays.com\/fr\/wp-json\/wp\/v2\/media?parent=482167"}],"wp:term":[{"taxonomy":"category","embeddable":true,"href":"https:\/\/www.europesays.com\/fr\/wp-json\/wp\/v2\/categories?post=482167"},{"taxonomy":"post_tag","embeddable":true,"href":"https:\/\/www.europesays.com\/fr\/wp-json\/wp\/v2\/tags?post=482167"}],"curies":[{"name":"wp","href":"https:\/\/api.w.org\/{rel}","templated":true}]}}