{"id":482171,"date":"2025-10-22T14:29:11","date_gmt":"2025-10-22T14:29:11","guid":{"rendered":"https:\/\/www.europesays.com\/fr\/482171\/"},"modified":"2025-10-22T14:29:11","modified_gmt":"2025-10-22T14:29:11","slug":"un-an-de-prison-ferme-pour-un-septuagenaire-qui-transportait-22-kilos-de-cocaine-dans-sa-voiture","status":"publish","type":"post","link":"https:\/\/www.europesays.com\/fr\/482171\/","title":{"rendered":"un an de prison ferme pour un septuag\u00e9naire qui transportait 22 kilos de coca\u00efne dans sa voiture"},"content":{"rendered":"<p>\n    Le septuag\u00e9naire, de nationalit\u00e9 allemande, a \u00e9t\u00e9 interpell\u00e9 par les agents douaniers alors qu\u2019il revenait d\u2019Espagne et se rendait en Autriche. \u00c0 bord de son v\u00e9hicule, dissimul\u00e9 dans une cache, vingt-deux kilos de coca\u00efne et dix cartouches de cigarettes.<\/p>\n<p class=\"fig-paragraph\">Un septuag\u00e9naire allemand, qui transportait un peu plus de vingt-deux kilos de coca\u00efne en provenance d\u2019Espagne et en direction l\u2019Autriche, a \u00e9t\u00e9 condamn\u00e9 \u00e0 douze mois de prison ferme lundi par le\u00a0<a href=\"http:\/\/www.lefigaro.fr\/nice\/nice-5-ans-de-prison-pour-le-faux-lord-irlandais-qui-a-arnaque-l-acteur-dany-boon-20250926\" data-fig-type=\"NewsFlash\" data-gtm-custom-categorie=\"navigation\" data-gtm-custom-action=\"crossclick\" data-gtm-custom-label=\"Contextuel\" data-gtm-event=\"customEventSPE\" data-fig-domain=\"LEFIGARO\" rel=\"nofollow noopener\" target=\"_blank\">tribunal judiciaire de Nice<\/a>\u00a0(Alpes-Maritimes). Il a \u00e9galement \u00e9cop\u00e9 d\u2019une interdiction du territoire fran\u00e7ais \u00e0 titre d\u00e9finitif et du paiement d\u2019une amende douani\u00e8re d\u2019un montant de 1, 45 millions d\u2019euros. Soit la valeur marchande de la coca\u00efne qu\u2019il transportait, et retrouv\u00e9e \u00e0 bord de son v\u00e9hicule en ao\u00fbt.<\/p>\n<p>Double fond creus\u00e9 dans le coffre<\/p>\n<p class=\"fig-paragraph\">Lors d\u2019un contr\u00f4le sur l\u2019autoroute A8 vers le p\u00e9age de La Turbie le 18 ao\u00fbt, les agents de la brigade des douanes de Menton appr\u00e9hendent un v\u00e9hicule immatricul\u00e9 en Allemagne et conduit par un homme de 76 ans. Ce dernier leur indique venir d\u2019Espagne et se rendre en Autriche, puis en Allemagne, chez lui. Au moment du contr\u00f4le, les policiers d\u00e9couvrent une anomalie dans le coffre.<\/p>\n<p class=\"fig-body-link\">\n            \u00c0 lire aussi<br \/>\n        <a class=\"fig-body-link__link\" href=\"http:\/\/www.lefigaro.fr\/nice\/nice-plus-de-100-kilos-de-pollen-de-cannabis-interceptes-sur-une-aire-d-autoroute-20251014\" data-fig-type=\"NewsFlash\" data-gtm-custom-categorie=\"navigation\" data-gtm-custom-action=\"crossclick\" data-gtm-custom-label=\"Contextuel\" data-gtm-event=\"customEventSPE\" data-fig-domain=\"LEFIGARO\" rel=\"nofollow noopener\" target=\"_blank\">Nice\u00a0: plus de 100 kilos de pollen de cannabis intercept\u00e9s sur une aire d\u2019autoroute<br \/>\n    <\/a>\n<\/p>\n<p>                                    <a class=\"fig-a11y-skip a11y-hidden\" href=\"#fig-a11y-skip-main-inarticle\"><br \/>\n        Passer la publicit\u00e9<br \/>\n    <\/a><\/p>\n<p class=\"fig-paragraph\">Et pour cause, un double fond a \u00e9t\u00e9 creus\u00e9 au niveau de l\u2019espace attribu\u00e9 normalement \u00e0 la roue de secours. Dans cette cache, ils d\u00e9couvrent plusieurs\u00a0<a href=\"http:\/\/www.lefigaro.fr\/faits-divers\/un-touriste-francais-de-19-ans-arrete-a-saint-domingue-avec-1-6-kg-de-cocaine-en-sachets-ingeres-20251021\" data-fig-type=\"NewsFlash\" data-gtm-custom-categorie=\"navigation\" data-gtm-custom-action=\"crossclick\" data-gtm-custom-label=\"Contextuel\" data-gtm-event=\"customEventSPE\" data-fig-domain=\"LEFIGARO\" rel=\"nofollow noopener\" target=\"_blank\">sachets de coca\u00efne<\/a>, pour un total de 22, 4 kilogrammes, et dix\u00a0<a href=\"http:\/\/www.lefigaro.fr\/marseille\/marseille-un-trafic-de-cigarettes-de-contrebande-demantele-plus-de-500-cartouches-et-25-000-euros-saisis-20250220\" data-fig-type=\"NewsFlash\" data-gtm-custom-categorie=\"navigation\" data-gtm-custom-action=\"crossclick\" data-gtm-custom-label=\"Contextuel\" data-gtm-event=\"customEventSPE\" data-fig-domain=\"LEFIGARO\" rel=\"nofollow noopener\" target=\"_blank\">cartouches de cigarettes<\/a>\u00a0portant des vignettes fiscales italiennes. \u00abConfus\u00bb sur les trajets effectu\u00e9s les jours pr\u00e9c\u00e9dents, le septuag\u00e9naire a \u00e9t\u00e9 d\u00e9f\u00e9r\u00e9 le 20 ao\u00fbt au parquet de Nice, avant son incarc\u00e9ration dans l\u2019attente de son proc\u00e8s.<\/p>\n<p class=\"fig-paragraph\">Au total, 3,3 tonnes de stup\u00e9fiants ont \u00e9t\u00e9 saisies sur les vecteurs routiers et a\u00e9riens du d\u00e9partement des Alpes Maritimes en 2024, dont 192 kg de coca\u00efne, ce qui repr\u00e9sente un record en la mati\u00e8re, indique la direction r\u00e9gionale des douanes.<\/p>\n","protected":false},"excerpt":{"rendered":"Le septuag\u00e9naire, de nationalit\u00e9 allemande, a \u00e9t\u00e9 interpell\u00e9 par les agents douaniers alors qu\u2019il revenait d\u2019Espagne et se&hellip;\n","protected":false},"author":2,"featured_media":482172,"comment_status":"","ping_status":"","sticky":false,"template":"","format":"standard","meta":{"footnotes":""},"categories":[2819],"tags":[1111,11,3993,981,1777,674,1011,27,12,2401,882,25,887],"class_list":{"0":"post-482171","1":"post","2":"type-post","3":"status-publish","4":"format-standard","5":"has-post-thumbnail","7":"category-nice","8":"tag-actu","9":"tag-actualites","10":"tag-cocaine","11":"tag-douane","12":"tag-eu","13":"tag-europe","14":"tag-fr","15":"tag-france","16":"tag-news","17":"tag-nice","18":"tag-provence-alpes-cote-dazur","19":"tag-republique-francaise","20":"tag-trafic-de-drogue"},"share_on_mastodon":{"url":"https:\/\/pubeurope.com\/@fr\/115418298209101050","error":""},"_links":{"self":[{"href":"https:\/\/www.europesays.com\/fr\/wp-json\/wp\/v2\/posts\/482171","targetHints":{"allow":["GET"]}}],"collection":[{"href":"https:\/\/www.europesays.com\/fr\/wp-json\/wp\/v2\/posts"}],"about":[{"href":"https:\/\/www.europesays.com\/fr\/wp-json\/wp\/v2\/types\/post"}],"author":[{"embeddable":true,"href":"https:\/\/www.europesays.com\/fr\/wp-json\/wp\/v2\/users\/2"}],"replies":[{"embeddable":true,"href":"https:\/\/www.europesays.com\/fr\/wp-json\/wp\/v2\/comments?post=482171"}],"version-history":[{"count":0,"href":"https:\/\/www.europesays.com\/fr\/wp-json\/wp\/v2\/posts\/482171\/revisions"}],"wp:featuredmedia":[{"embeddable":true,"href":"https:\/\/www.europesays.com\/fr\/wp-json\/wp\/v2\/media\/482172"}],"wp:attachment":[{"href":"https:\/\/www.europesays.com\/fr\/wp-json\/wp\/v2\/media?parent=482171"}],"wp:term":[{"taxonomy":"category","embeddable":true,"href":"https:\/\/www.europesays.com\/fr\/wp-json\/wp\/v2\/categories?post=482171"},{"taxonomy":"post_tag","embeddable":true,"href":"https:\/\/www.europesays.com\/fr\/wp-json\/wp\/v2\/tags?post=482171"}],"curies":[{"name":"wp","href":"https:\/\/api.w.org\/{rel}","templated":true}]}}