{"id":482211,"date":"2025-10-22T14:50:11","date_gmt":"2025-10-22T14:50:11","guid":{"rendered":"https:\/\/www.europesays.com\/fr\/482211\/"},"modified":"2025-10-22T14:50:11","modified_gmt":"2025-10-22T14:50:11","slug":"le-cout-des-catastrophes-naturelles-aux-etats-unis-a-explose-debut-2025","status":"publish","type":"post","link":"https:\/\/www.europesays.com\/fr\/482211\/","title":{"rendered":"Le co\u00fbt des catastrophes naturelles aux \u00c9tats-Unis a explos\u00e9 d\u00e9but 2025"},"content":{"rendered":"<p class=\"fig-paragraph\">Supprim\u00e9e par\u00a0<a href=\"http:\/\/www.lefigaro.fr\/international\/dossier\/chine-pekin-mao-nixon-covid-19-donald-trump-xi-jimping-la-chine-face-au-monde\" target=\"_blank\" data-fig-type=\"Topic\" rel=\"noopener\" data-gtm-custom-categorie=\"navigation\" data-gtm-custom-action=\"crossclick\" data-gtm-custom-label=\"Contextuel\" data-gtm-event=\"customEventSPE\" data-fig-domain=\"LEFIGARO\">Donald Trump<\/a>\u00a0\u00e0 son retour au pouvoir puis raviv\u00e9e par un scientifique, une base de donn\u00e9es sur les catastrophes climatiques aux \u00c9tats-Unis dresse mercredi un bilan record des pertes enregistr\u00e9es pour la premi\u00e8re moiti\u00e9 de l&rsquo;ann\u00e9e 2025. Entre les incendies meurtriers de Los Angeles et des temp\u00eates dans le centre et le sud du pays, les d\u00e9g\u00e2ts li\u00e9s aux \u00e9v\u00e9nements m\u00e9t\u00e9orologiques extr\u00eames entre janvier et juin dans le pays sont \u00e9valu\u00e9s \u00e0 plus de 101 milliards de dollars en prenant en compte l&rsquo;inflation, est-il estim\u00e9. Soit un record. Ce bilan aurait toutefois pu ne jamais \u00eatre rendu public, le suivi des catastrophes climatiques les plus co\u00fbteuses ayant \u00e9t\u00e9 abruptement interrompu en mai par l&rsquo;administration Trump.<\/p>\n<p class=\"fig-paragraph\">Maintenue par l&rsquo;Agence am\u00e9ricaine d&rsquo;observation oc\u00e9anique et atmosph\u00e9rique (NOAA) depuis 1980, cette base de donn\u00e9es a en effet fait les frais des importantes coupes budg\u00e9taires d\u00e9cid\u00e9es par le r\u00e9publicain. Cette d\u00e9cision, per\u00e7ue comme id\u00e9ologique en raison de l&rsquo;offensive climatosceptique men\u00e9e par Donald Trump, a \u00e9t\u00e9 condamn\u00e9e par les d\u00e9mocrates et les organisations environnementales, mais aussi&#8230; par des experts en charge de l&rsquo;\u00e9valuation des risques dans les secteurs de l&rsquo;assurance. Ces donn\u00e9es \u00e9taient en effet utilis\u00e9es par de nombreux acteurs pour suivre l&rsquo;envol\u00e9e des co\u00fbts des catastrophes climatiques.<\/p>\n<p class=\"fig-body-link\">\n            \u00c0 lire aussi<br \/>\n        <a class=\"fig-body-link__link\" href=\"http:\/\/www.lefigaro.fr\/actualite-france\/intemperies-l-etat-de-catastrophe-naturelle-reconnu-pour-une-centaine-de-communes-20250927\" target=\"_blank\" data-fig-type=\"NewsFlash\" rel=\"noopener\" data-gtm-custom-categorie=\"navigation\" data-gtm-custom-action=\"crossclick\" data-gtm-custom-label=\"Contextuel\" data-gtm-event=\"customEventSPE\" data-fig-domain=\"LEFIGARO\">Intemp\u00e9ries\u00a0: l\u2019\u00e9tat de catastrophe naturelle reconnu pour une centaine de communes<br \/>\n    <\/a>\n<\/p>\n<p>                                    <a class=\"fig-a11y-skip a11y-hidden\" href=\"#fig-a11y-skip-main-inarticle\"><br \/>\n        Passer la publicit\u00e9<br \/>\n    <\/a><\/p>\n<p>Un retour pl\u00e9biscit\u00e9<\/p>\n<p class=\"fig-paragraph\">\u00abLes demandes pour son retour venaient de tous les secteurs de la soci\u00e9t\u00e9\u00bb, explique Adam Smith, qui a pilot\u00e9 cette base de donn\u00e9es pendant 15 ans. Le climatologue, qui a d\u00e9missionn\u00e9 en mai de la NOAA en raison d&rsquo;un environnement \u00abde plus en plus difficile\u00bb s&rsquo;efforce depuis de poursuivre ce travail au sein de l&rsquo;ONG Climate Central avec divers experts en m\u00e9t\u00e9orologie, \u00e9conomie ou encore gestion des risques. Si selon leurs estimations le co\u00fbt des d\u00e9sastres a atteint un record historique pour les six premiers mois, l&rsquo;ann\u00e9e 2025 ne devrait pas constituer un record annuel, la saison des ouragans s&rsquo;\u00e9tant pour l&rsquo;instant av\u00e9r\u00e9e plus douce que pr\u00e9vu.<\/p>\n<p class=\"fig-paragraph\">Avec sa nouvelle \u00e9quipe, Adam Smith ambitionne d&rsquo;\u00e9largir dans le futur la base de donn\u00e9es avec les catastrophes naturelles causant moins de 100 millions de dollars de d\u00e9g\u00e2ts, actuellement non comptabilis\u00e9es, afin de mieux rendre compte \u00abdes r\u00e9percussions consid\u00e9rables sur la vie et les moyens de subsistance des populations\u00bb des \u00e9v\u00e9nements de moindre ampleur.<\/p>\n","protected":false},"excerpt":{"rendered":"Supprim\u00e9e par\u00a0Donald Trump\u00a0\u00e0 son retour au pouvoir puis raviv\u00e9e par un scientifique, une base de donn\u00e9es sur les&hellip;\n","protected":false},"author":2,"featured_media":482212,"comment_status":"","ping_status":"","sticky":false,"template":"","format":"standard","meta":{"footnotes":""},"categories":[1589],"tags":[11,4732,73,1866,590,12,1864,1865,1863,308],"class_list":{"0":"post-482211","1":"post","2":"type-post","3":"status-publish","4":"format-standard","5":"has-post-thumbnail","7":"category-etats-unis","8":"tag-actualites","9":"tag-catastrophe-naturelle","10":"tag-etats-unis","11":"tag-etats-unis-damerique","12":"tag-finance","13":"tag-news","14":"tag-united-states","15":"tag-united-states-of-america","16":"tag-us","17":"tag-usa"},"share_on_mastodon":{"url":"https:\/\/pubeurope.com\/@fr\/115418380767980165","error":""},"_links":{"self":[{"href":"https:\/\/www.europesays.com\/fr\/wp-json\/wp\/v2\/posts\/482211","targetHints":{"allow":["GET"]}}],"collection":[{"href":"https:\/\/www.europesays.com\/fr\/wp-json\/wp\/v2\/posts"}],"about":[{"href":"https:\/\/www.europesays.com\/fr\/wp-json\/wp\/v2\/types\/post"}],"author":[{"embeddable":true,"href":"https:\/\/www.europesays.com\/fr\/wp-json\/wp\/v2\/users\/2"}],"replies":[{"embeddable":true,"href":"https:\/\/www.europesays.com\/fr\/wp-json\/wp\/v2\/comments?post=482211"}],"version-history":[{"count":0,"href":"https:\/\/www.europesays.com\/fr\/wp-json\/wp\/v2\/posts\/482211\/revisions"}],"wp:featuredmedia":[{"embeddable":true,"href":"https:\/\/www.europesays.com\/fr\/wp-json\/wp\/v2\/media\/482212"}],"wp:attachment":[{"href":"https:\/\/www.europesays.com\/fr\/wp-json\/wp\/v2\/media?parent=482211"}],"wp:term":[{"taxonomy":"category","embeddable":true,"href":"https:\/\/www.europesays.com\/fr\/wp-json\/wp\/v2\/categories?post=482211"},{"taxonomy":"post_tag","embeddable":true,"href":"https:\/\/www.europesays.com\/fr\/wp-json\/wp\/v2\/tags?post=482211"}],"curies":[{"name":"wp","href":"https:\/\/api.w.org\/{rel}","templated":true}]}}