{"id":482213,"date":"2025-10-22T14:51:26","date_gmt":"2025-10-22T14:51:26","guid":{"rendered":"https:\/\/www.europesays.com\/fr\/482213\/"},"modified":"2025-10-22T14:51:26","modified_gmt":"2025-10-22T14:51:26","slug":"quelques-militaires-britanniques-participent-deja-a-la-mission-de-surveillance-du-cessez-le-feu-a-gaza","status":"publish","type":"post","link":"https:\/\/www.europesays.com\/fr\/482213\/","title":{"rendered":"Quelques militaires britanniques participent d\u00e9j\u00e0 \u00e0 la mission de surveillance du cessez-le-feu \u00e0 Gaza"},"content":{"rendered":"<p class=\"paragraph text_align_left lp-f-body-02\">Un \u00ab petit nombre \u00bb de militaires britanniques participent en Isra\u00ebl \u00e0 la mission men\u00e9e par les \u00c9tats-Unis de surveillance <a href=\"https:\/\/www.leparisien.fr\/international\/israel\/la-situation-sera-geree-fermement-donald-trump-affirme-que-le-cessez-le-feu-a-gaza-est-toujours-en-vigueur-20-10-2025-U5AUWB54XVGRNBMYFYH7JVUGWA.php\" target=\"_blank\" rel=\"noreferrer noopener\">du cessez-le-feu \u00e0 Gaza<\/a>, a indiqu\u00e9 mardi le minist\u00e8re britannique de la D\u00e9fense.<\/p>\n<p class=\"paragraph text_align_left lp-f-body-02\">\u00ab Un petit nombre d\u2019officiers britanniques charg\u00e9s de la planification ont \u00e9t\u00e9 int\u00e9gr\u00e9s au Centre de coordination militaro-civile (CMCC) dirig\u00e9 par les \u00c9tats-Unis \u00bb, a indiqu\u00e9 le minist\u00e8re de la D\u00e9fense dans un communiqu\u00e9.<\/p>\n<p class=\"paragraph text_align_left lp-f-body-02\">Le ministre britannique de la D\u00e9fense, John Healey, avait d\u00e9clar\u00e9 lundi que la Grande-Bretagne jouerait un \u00ab r\u00f4le central \u00bb dans les efforts d\u00e9ploy\u00e9s \u00e0 la demande de Washington.<\/p>\n<p class=\"paragraph text_align_left lp-f-body-02\">\u00ab Nous pouvons contribuer \u00e0 la surveillance du cessez-le-feu \u00bb, avait dit John Healey lors d\u2019un \u00e9v\u00e9nement organis\u00e9 dans le centre de Londres. \u00ab Nous avons \u00e9galement, en r\u00e9ponse \u00e0 la demande am\u00e9ricaine, affect\u00e9 un officier deux \u00e9toiles au commandement civil et militaire en tant que commandant-adjoint \u00bb.<\/p>\n<p>JD Vance assure le SAV du plan Trump<\/p>\n<p class=\"paragraph text_align_left lp-f-body-02\">Cette confirmation est intervenue alors que <a href=\"https:\/\/www.leparisien.fr\/international\/etats-unis\/cessez-le-feu-a-gaza-le-vice-president-americain-jd-vance-est-arrive-en-israel-21-10-2025-ZAY4ES2K5FCLNDYLVYQCCL75PY.php\" target=\"_blank\" rel=\"noreferrer noopener\">le vice-pr\u00e9sident am\u00e9ricain JD Vanc<\/a>e a inaugur\u00e9 mardi le Centre de coordination conjoint am\u00e9ricano-isra\u00e9lien de surveillance du cessez-le-feu \u00e0 Kiryat Gat, dans le sud-ouest d\u2019Isra\u00ebl. Le vice-pr\u00e9sident am\u00e9ricain s\u2019est dit \u00ab tr\u00e8s optimiste \u00bb sur le maintien du cessez-le-feu \u00e0 Gaza, sur fond de pressions maximales sur le mouvement islamiste palestinien Hamas.<\/p>\n<p class=\"paragraph text_align_left lp-f-body-02\">JD Vance a par ailleurs affirm\u00e9 que les \u00c9tats-Unis n\u2019avaient pas fix\u00e9 de date butoir pour le d\u00e9sarmement du Hamas, pr\u00e9vu par le plan de Donald Trump sur lequel est bas\u00e9 l\u2019accord de cessez-le-feu. Les \u00c9tats-Unis et Isra\u00ebl <a href=\"https:\/\/www.leparisien.fr\/international\/israel\/cessez-le-feu-a-gaza-nous-eradiquerons-le-hamas-si-necessaire-la-nouvelle-menace-de-donald-trump-21-10-2025-U5K6BX5I2JF3JHWHC5UGJVW3WM.php\" target=\"_blank\" rel=\"noreferrer noopener\">ont accus\u00e9 le mouvement islamiste de violer le cessez-le-feu<\/a> dans la bande de Gaza, o\u00f9 des violences meurtri\u00e8res dimanche ont menac\u00e9 la tr\u00eave. Ce que le Hamas a d\u00e9menti.<\/p>\n<p class=\"paragraph text_align_left lp-f-body-02\">Entr\u00e9 en vigueur le 10 octobre, ce cessez-le-feu est le troisi\u00e8me apr\u00e8s deux ans de guerre \u00e0 Gaza, qui avait \u00e9t\u00e9 d\u00e9clench\u00e9e par une attaque sans pr\u00e9c\u00e9dent du Hamas contre Isra\u00ebl le 7 octobre 2023.<\/p>\n<p class=\"paragraph text_align_left lp-f-body-02\">\u00ab Cela va n\u00e9cessiter beaucoup, beaucoup de temps \u00bb, ainsi qu\u2019une \u00ab supervision constante \u00bb, mais \u00ab ce qu\u2019on a vu durant la semaine \u00e9coul\u00e9e me rend tr\u00e8s optimiste sur le fait que le cessez-le-feu va durer \u00bb, a dit JD Vance \u00e0 Kiryat Gat, limitrophe de la bande de Gaza assi\u00e9g\u00e9e et ravag\u00e9e par les repr\u00e9sailles isra\u00e9liennes.<\/p>\n<p class=\"paragraph text_align_left lp-f-body-02\">\u00ab Chaque fois qu\u2019il y a un acte de violence, il y a cette tendance \u00e0 dire : oh, c\u2019est la fin du cessez-le-feu, c\u2019est la fin du plan de paix. Ce n\u2019est pas la fin \u00bb, a ajout\u00e9 le vice-pr\u00e9sident, qui doit rencontrer mercredi le Premier ministre isra\u00e9lien Benyamin Netanyahou.<\/p>\n<p>Deux corps d\u2019otages isra\u00e9liens restitu\u00e9s<\/p>\n<p class=\"paragraph text_align_left lp-f-body-02\">Mardi soir, Isra\u00ebl a annonc\u00e9 avoir r\u00e9cup\u00e9r\u00e9, via la Croix-Rouge internationale \u00e0 Gaza, <a href=\"https:\/\/www.leparisien.fr\/international\/israel\/cessez-le-feu-a-gaza-le-corps-rendu-lundi-a-israel-par-le-hamas-est-celui-de-tal-haimi-21-10-2025-NHXIBHSRCRFEFMQT6VMEIBLXMM.php\" target=\"_blank\" rel=\"noreferrer noopener\">deux nouvelles d\u00e9pouilles d\u2019otages restitu\u00e9es par le Hamas<\/a>. Aux termes de l\u2019accord qui a instaur\u00e9 le cessez-le-feu, le Hamas a lib\u00e9r\u00e9 au 13 octobre les 20 otages vivants qu\u2019il d\u00e9tenait depuis son attaque du 7 octobre.<\/p>\n<p class=\"paragraph text_align_left lp-f-body-02\">Il devait aussi rendre \u00e0 cette date tous les corps d\u2019otages, mais il n\u2019en a restitu\u00e9 jusque-l\u00e0 que 15 sur les 28 qu\u2019il retient, arguant de difficult\u00e9s pour trouver les d\u00e9pouilles dans le territoire d\u00e9vast\u00e9. En \u00e9change, Isra\u00ebl a remis pour l\u2019instant 165 corps de Palestiniens.<\/p>\n<p class=\"paragraph text_align_left lp-f-body-02\">Avant JD Vance, le pr\u00e9sident am\u00e9ricain a assur\u00e9 que ses alli\u00e9s au Moyen-Orient et autour \u00e9taient pr\u00eats \u00e0 \u00ab entrer \u00e0 Gaza en force et corriger le Hamas s\u2019il continuait \u00e0 mal se conduire, en violation de l\u2019accord \u00bb.<\/p>\n<p class=\"paragraph text_align_left lp-f-body-02\">Mais le n\u00e9gociateur en chef du Hamas, Khalil al-Hayya, a r\u00e9affirm\u00e9 l\u2019engagement du mouvement \u00e0 respecter l\u2019accord. \u00ab L\u2019accord pour Gaza tiendra \u00bb.<\/p>\n","protected":false},"excerpt":{"rendered":"Un \u00ab petit nombre \u00bb de militaires britanniques participent en Isra\u00ebl \u00e0 la mission men\u00e9e par les \u00c9tats-Unis&hellip;\n","protected":false},"author":2,"featured_media":482214,"comment_status":"","ping_status":"","sticky":false,"template":"","format":"standard","meta":{"footnotes":""},"categories":[1588],"tags":[11,1777,674,14,664,12,473,1853,1851,1850,1852],"class_list":{"0":"post-482213","1":"post","2":"type-post","3":"status-publish","4":"format-standard","5":"has-post-thumbnail","7":"category-royaume-uni","8":"tag-actualites","9":"tag-eu","10":"tag-europe","11":"tag-international","12":"tag-israel","13":"tag-news","14":"tag-royaume-uni","15":"tag-royaume-uni-de-grande-bretagne-et-dirlande-du-nord","16":"tag-uk","17":"tag-united-kingdom","18":"tag-united-kingdom-of-great-britain-and-northern-ireland"},"share_on_mastodon":{"url":"https:\/\/pubeurope.com\/@fr\/115418384552228891","error":""},"_links":{"self":[{"href":"https:\/\/www.europesays.com\/fr\/wp-json\/wp\/v2\/posts\/482213","targetHints":{"allow":["GET"]}}],"collection":[{"href":"https:\/\/www.europesays.com\/fr\/wp-json\/wp\/v2\/posts"}],"about":[{"href":"https:\/\/www.europesays.com\/fr\/wp-json\/wp\/v2\/types\/post"}],"author":[{"embeddable":true,"href":"https:\/\/www.europesays.com\/fr\/wp-json\/wp\/v2\/users\/2"}],"replies":[{"embeddable":true,"href":"https:\/\/www.europesays.com\/fr\/wp-json\/wp\/v2\/comments?post=482213"}],"version-history":[{"count":0,"href":"https:\/\/www.europesays.com\/fr\/wp-json\/wp\/v2\/posts\/482213\/revisions"}],"wp:featuredmedia":[{"embeddable":true,"href":"https:\/\/www.europesays.com\/fr\/wp-json\/wp\/v2\/media\/482214"}],"wp:attachment":[{"href":"https:\/\/www.europesays.com\/fr\/wp-json\/wp\/v2\/media?parent=482213"}],"wp:term":[{"taxonomy":"category","embeddable":true,"href":"https:\/\/www.europesays.com\/fr\/wp-json\/wp\/v2\/categories?post=482213"},{"taxonomy":"post_tag","embeddable":true,"href":"https:\/\/www.europesays.com\/fr\/wp-json\/wp\/v2\/tags?post=482213"}],"curies":[{"name":"wp","href":"https:\/\/api.w.org\/{rel}","templated":true}]}}