{"id":482231,"date":"2025-10-22T15:00:18","date_gmt":"2025-10-22T15:00:18","guid":{"rendered":"https:\/\/www.europesays.com\/fr\/482231\/"},"modified":"2025-10-22T15:00:18","modified_gmt":"2025-10-22T15:00:18","slug":"avant-son-grand-retour-mallia-confirme-les-ambitions-sans-limites-du-club-et-son-obsession-de-gagner","status":"publish","type":"post","link":"https:\/\/www.europesays.com\/fr\/482231\/","title":{"rendered":"avant son grand retour, Mallia confirme les ambitions sans limites du club et son \u00ab obsession de gagner \u00bb"},"content":{"rendered":"<p>C\u2019est l\u2019une des grandes forces de ce <a href=\"https:\/\/www.quinzemondial.com\/stade-toulousain\/stade-toulousain-le-staff-voit-une-recrue-exploser-et-lattend-dans-un-domaine-819818\" target=\"_blank\" rel=\"noopener\">Stade Toulousain<\/a>. Si la plupart de ses concurrents peinent \u00e0 s\u2019inscrire sur la dur\u00e9e et \u00e0 se maintenir au plus haut-niveau, le club haut-garonnais est quasiment toujours au rendez-vous. Depuis 2019, les hommes d\u2019Ugo Mola ont entam\u00e9 une v\u00e9ritable razzia, avec cinq Boucliers de Brennus soulev\u00e9 et deux Champions Cup.<\/p>\n<p>Mallia a toujours le m\u00eame app\u00e9tit<\/p>\n<p>Arriv\u00e9 en 2021 en tant que joker m\u00e9dical, <a href=\"https:\/\/www.quinzemondial.com\/top-14\/stade-toulousain-comment-mallia-guide-un-jeune-talent-pour-lintegrer-819824\" target=\"_blank\" rel=\"noopener\">Juan Cruz Mallia<\/a> est un des rouages essentiels de la machine toulousaine. Capable d\u2019\u00e9voluer quasiment partout dans les lignes arri\u00e8res, l\u2019Argentin brille aussi bien par sa polyvalence que par ses fulgurances. De retour apr\u00e8s le Rugby Championship, il devrait disputer le premier match de sa saison ce dimanche lors de la r\u00e9ception de Toulon. Dans les colonnes de<a href=\"https:\/\/www.ladepeche.fr\/2025\/10\/21\/stade-toulousain-tu-nes-jamais-fatigue-de-gagner-quand-juan-cruz-mallia-revient-pour-apporter-sa-grinta-13006064.php\" target=\"_blank\" rel=\"noopener\"> La D\u00e9p\u00eache,<\/a> il a \u00e9vacu\u00e9 toute forme de fatigue mentale et fait part de sa soif de troph\u00e9es.<\/p>\n<blockquote>\n<p>\u00ab Tu n\u2019es jamais fatigu\u00e9 de gagner. Le fait de commencer une nouvelle\u00a0saison, \u00e7a te donne l\u2019envie d\u00e9j\u00e0 de gagner, m\u00eame tous les matchs, tous les exercices ici \u00e0 l\u2019entra\u00eenement. C\u2019est la culture de ce club, de gagner tout le temps. L\u2019obsession de gagner. Et d\u00e9tester perdre.\u00a0Ce n\u2019est pas parce qu\u2019on a d\u00e9j\u00e0 gagn\u00e9 des choses que l\u2019envie\u00a0dispara\u00eet. \u00c7a continue et \u00e7a augmente encore plus. \u00bb<\/p>\n<\/blockquote>\n<p>Partagez cette info avec vos amis et vos proches en cliquant ici<br \/>Pour r\u00e9sumer<\/p>\n<p>Juan Cruz Mallia s\u2019est confi\u00e9 sur son app\u00e9tit avant de lancer sa saison de Top 14. S\u2019il empile les troph\u00e9es avec le Stade Toulousain, l\u2019Argentin est loin d\u2019\u00eatre rassasi\u00e9 et veut poursuivre sur cette lanc\u00e9e en obtenant de nouveaux titres.<\/p>\n<p> <img decoding=\"async\" width=\"76\" height=\"76\" loading=\"lazy\" src=\"https:\/\/www.europesays.com\/fr\/wp-content\/uploads\/2025\/04\/avatar-quinze.png\" alt=\"Arnaud D\u00e9chelotte\"\/><\/p>\n","protected":false},"excerpt":{"rendered":"C\u2019est l\u2019une des grandes forces de ce Stade Toulousain. Si la plupart de ses concurrents peinent \u00e0 s\u2019inscrire&hellip;\n","protected":false},"author":2,"featured_media":482232,"comment_status":"","ping_status":"","sticky":false,"template":"","format":"standard","meta":{"footnotes":""},"categories":[1416],"tags":[1011,27,479,1468,60,476,478],"class_list":{"0":"post-482231","1":"post","2":"type-post","3":"status-publish","4":"format-standard","5":"has-post-thumbnail","7":"category-rugby","8":"tag-fr","9":"tag-france","10":"tag-rugby","11":"tag-rugby-football","12":"tag-sports","13":"tag-stade-toulousain","14":"tag-top-14"},"share_on_mastodon":{"url":"https:\/\/pubeurope.com\/@fr\/115418420061342534","error":""},"_links":{"self":[{"href":"https:\/\/www.europesays.com\/fr\/wp-json\/wp\/v2\/posts\/482231","targetHints":{"allow":["GET"]}}],"collection":[{"href":"https:\/\/www.europesays.com\/fr\/wp-json\/wp\/v2\/posts"}],"about":[{"href":"https:\/\/www.europesays.com\/fr\/wp-json\/wp\/v2\/types\/post"}],"author":[{"embeddable":true,"href":"https:\/\/www.europesays.com\/fr\/wp-json\/wp\/v2\/users\/2"}],"replies":[{"embeddable":true,"href":"https:\/\/www.europesays.com\/fr\/wp-json\/wp\/v2\/comments?post=482231"}],"version-history":[{"count":0,"href":"https:\/\/www.europesays.com\/fr\/wp-json\/wp\/v2\/posts\/482231\/revisions"}],"wp:featuredmedia":[{"embeddable":true,"href":"https:\/\/www.europesays.com\/fr\/wp-json\/wp\/v2\/media\/482232"}],"wp:attachment":[{"href":"https:\/\/www.europesays.com\/fr\/wp-json\/wp\/v2\/media?parent=482231"}],"wp:term":[{"taxonomy":"category","embeddable":true,"href":"https:\/\/www.europesays.com\/fr\/wp-json\/wp\/v2\/categories?post=482231"},{"taxonomy":"post_tag","embeddable":true,"href":"https:\/\/www.europesays.com\/fr\/wp-json\/wp\/v2\/tags?post=482231"}],"curies":[{"name":"wp","href":"https:\/\/api.w.org\/{rel}","templated":true}]}}