{"id":482236,"date":"2025-10-22T15:04:11","date_gmt":"2025-10-22T15:04:11","guid":{"rendered":"https:\/\/www.europesays.com\/fr\/482236\/"},"modified":"2025-10-22T15:04:11","modified_gmt":"2025-10-22T15:04:11","slug":"red-bull-a-choisi-son-prochain-pilote","status":"publish","type":"post","link":"https:\/\/www.europesays.com\/fr\/482236\/","title":{"rendered":"Red Bull a choisi son prochain pilote"},"content":{"rendered":"<p><strong>En grande forme actuellement, Max<br \/>\nVerstappen sait \u00e0 quoi s&rsquo;en tenir \u00e0 l&rsquo;approche du Grand Prix du<br \/>\nMexique&#8230;<\/strong><\/p>\n<p>Imp\u00e9rial le week-end dernier aux Etats-Unis, vainqueur de la<br \/>\ncourse sprint et du Grand Prix, Max Verstappen a frapp\u00e9 fort. Et le<br \/>\nchampion du monde en titre s\u2019est encore replac\u00e9 dans la course au<br \/>\ntitre, qui ne devrait pas se jouer uniquement entre les pilotes<br \/>\nMcLaren.<\/p>\n<p>Verstappen va tenter d\u2019encha\u00eener cette semaine au Mexique, mais<br \/>\nne vous attendez pas \u00e0 voir son nom en haut de la feuille des temps<br \/>\nvendredi, \u00e0 l\u2019issue de la premi\u00e8re s\u00e9ance d\u2019essais libres. Et pour<br \/>\ncause, il ne sortira m\u00eame pas du garage.<\/p>\n<blockquote class=\"twitter-tweet\"><p><a class=\"twitter-link\" rel=\"noindex, nofollow noopener\" href=\"https:\/\/twitter.com\/molinajorget\/status\/1980929285126074480\" target=\"_blank\"><\/p><\/blockquote>\n<p>Chaque saison, les \u00e9curies sont tenues par le r\u00e8glement<br \/>\nd\u2019aligner des pilotes d\u00e9butants sur certaines s\u00e9ances d\u2019essais<br \/>\nlibres. La plupart des Teams ont choisi ce GP du Mexique, puisque<br \/>\nneuf \u00ab\u00a0rookies\u00a0\u00bb vont participer aux Libres 1. Pierre<br \/>\nGasly va c\u00e9der sa place \u00e0 Paul Aron, Lando Norris pr\u00eatera sa<br \/>\nmonoplace \u00e0 Pato O\u2019Ward, tandis que <a href=\"https:\/\/www.sports.fr\/auto-moto\/f1\/lewis-hamilton-remplace-cest-officiel-960615.html\" rel=\"nofollow noopener\" target=\"_blank\"><br \/>\n<strong>Lewis Hamilton va laisser sa Ferrari \u00e0 Antonio<br \/>\nPuoco.<\/strong><\/a><\/p>\n<p>Une p\u00e9pite \u00e0 la place de Verstappen<\/p>\n<p>Et pour Red Bull ? Max Verstappen va donc confier sa voiture \u00e0<br \/>\nla p\u00e9pite Arvid Lindblad. Le Britannique de 18 ans, actuel 7e du<br \/>\nchampionnat Formule 2 pour sa premi\u00e8re saison (avec deux victoires<br \/>\nau compteur), a d\u00e9j\u00e0 conduit une RB21, cette ann\u00e9e. C\u2019\u00e9tait celle<br \/>\nde Yuki Tsunoda, \u00e0 Silverstone, et Lindblad avait \u00e9pat\u00e9 en<br \/>\nterminant la s\u00e9ance \u00e0 seulement 526 milli\u00e8mes de Verstappen.<\/p>\n<p>Arvid Lindblad fait partie des options explor\u00e9es par la firme<br \/>\nautrichienne pour la saison prochaine. Il pourrait d\u00e9barquer chez<br \/>\nRacing Bulls, aux c\u00f4t\u00e9s de Liam Lawson ou de Yuki Tsunoda, pendant<br \/>\nqu\u2019Isack Hadjar est toujours pressenti pour faire le grand saut<br \/>\nchez Red Bull, o\u00f9 il ferait \u00e9quipe avec Verstappen.<\/p>\n<blockquote class=\"twitter-tweet\"><p><a class=\"twitter-link\" rel=\"noindex, nofollow noopener\" href=\"https:\/\/twitter.com\/redbullracing\/status\/1980189855989854349\" target=\"_blank\"><\/p><\/blockquote>\n<p>\u00a0<\/p>\n<p><script async src=\"https:\/\/platform.twitter.com\/widgets.js\" charset=\"utf-8\"><\/script><\/p>\n","protected":false},"excerpt":{"rendered":"En grande forme actuellement, Max Verstappen sait \u00e0 quoi s&rsquo;en tenir \u00e0 l&rsquo;approche du Grand Prix du Mexique&#8230;&hellip;\n","protected":false},"author":2,"featured_media":482237,"comment_status":"","ping_status":"","sticky":false,"template":"","format":"standard","meta":{"footnotes":""},"categories":[1412],"tags":[1451,1452,1453,1454,1455,1011,27,60],"class_list":{"0":"post-482236","1":"post","2":"type-post","3":"status-publish","4":"format-standard","5":"has-post-thumbnail","7":"category-f1","8":"tag-f1","9":"tag-formula-1","10":"tag-formula1","11":"tag-formule-1","12":"tag-formule1","13":"tag-fr","14":"tag-france","15":"tag-sports"},"share_on_mastodon":{"url":"https:\/\/pubeurope.com\/@fr\/115418435863505011","error":""},"_links":{"self":[{"href":"https:\/\/www.europesays.com\/fr\/wp-json\/wp\/v2\/posts\/482236","targetHints":{"allow":["GET"]}}],"collection":[{"href":"https:\/\/www.europesays.com\/fr\/wp-json\/wp\/v2\/posts"}],"about":[{"href":"https:\/\/www.europesays.com\/fr\/wp-json\/wp\/v2\/types\/post"}],"author":[{"embeddable":true,"href":"https:\/\/www.europesays.com\/fr\/wp-json\/wp\/v2\/users\/2"}],"replies":[{"embeddable":true,"href":"https:\/\/www.europesays.com\/fr\/wp-json\/wp\/v2\/comments?post=482236"}],"version-history":[{"count":0,"href":"https:\/\/www.europesays.com\/fr\/wp-json\/wp\/v2\/posts\/482236\/revisions"}],"wp:featuredmedia":[{"embeddable":true,"href":"https:\/\/www.europesays.com\/fr\/wp-json\/wp\/v2\/media\/482237"}],"wp:attachment":[{"href":"https:\/\/www.europesays.com\/fr\/wp-json\/wp\/v2\/media?parent=482236"}],"wp:term":[{"taxonomy":"category","embeddable":true,"href":"https:\/\/www.europesays.com\/fr\/wp-json\/wp\/v2\/categories?post=482236"},{"taxonomy":"post_tag","embeddable":true,"href":"https:\/\/www.europesays.com\/fr\/wp-json\/wp\/v2\/tags?post=482236"}],"curies":[{"name":"wp","href":"https:\/\/api.w.org\/{rel}","templated":true}]}}