{"id":482239,"date":"2025-10-22T15:06:13","date_gmt":"2025-10-22T15:06:13","guid":{"rendered":"https:\/\/www.europesays.com\/fr\/482239\/"},"modified":"2025-10-22T15:06:13","modified_gmt":"2025-10-22T15:06:13","slug":"les-chiffres-incroyables-de-luis-enrique-en-ligue-des-champions","status":"publish","type":"post","link":"https:\/\/www.europesays.com\/fr\/482239\/","title":{"rendered":"Les chiffres incroyables de Luis Enrique en Ligue des Champions"},"content":{"rendered":"<p><strong>Le Paris Saint-Germain s\u2019est impos\u00e9 2-7 <\/strong><strong>face au Bayer Leverkusen (<b><a href=\"https:\/\/www.parisfans.fr\/videos-psg\/resume-video-bayer-leverkusen-psg-2-7-un-match-dingue-pour-paris-865258.html\" target=\"_blank\" rel=\"noopener\">r\u00e9sum\u00e9 vid\u00e9o Bayer Leverkusen\/PSG<\/a>)<\/b> ce mardi \u00e0 la\u00a0BayArena <\/strong><strong>dans le cadre de la 3e journ\u00e9e de la Ligue des Champions 2025-2026. Apr\u00e8s cette victoire, le m\u00e9dia Stats Foot a mis en avant les chiffres tr\u00e8s impressionnants de l\u2019entra\u00eeneur parisien Luis Enrique dans cette comp\u00e9tition au cours de sa carri\u00e8re.<\/strong><\/p>\n<blockquote class=\"twitter-tweet\">\n<p dir=\"ltr\" lang=\"fr\">Luis Enrique a remport\u00e9 66% de ses matchs sur le banc en <a href=\"https:\/\/twitter.com\/ChampionsLeague?ref_src=twsrc%5Etfw\" target=\"_blank\" rel=\"noopener\">@ChampionsLeague<\/a> (43\/65) soit le plus gros ratios de victoire parmi les entraineurs \u00e0 50 matchs minimum dans la comp\u00e9tition devant Pep Guardiola (62%). <a href=\"https:\/\/twitter.com\/hashtag\/LEVPSG?src=hash&amp;ref_src=twsrc%5Etfw\" target=\"_blank\" rel=\"noopener\">#LEVPSG<\/a><\/p>\n<p>\u2014 Stats Foot (@Statsdufoot) <a href=\"https:\/\/twitter.com\/Statsdufoot\/status\/1980740693300768943?ref_src=twsrc%5Etfw\" target=\"_blank\" rel=\"noopener\">October 21, 2025<\/a><\/p>\n<\/blockquote>\n<p>Bien s\u00fbr, le fait d\u2019\u00eatre \u00e0 la t\u00eate des grandes \u00e9quipes aide \u00e0 avoir de tels chiffres. Mais Luis Enrique n\u2019est pas le seul et avoir cette premi\u00e8re place est particuli\u00e8rement marquant. Il n\u2019y a qu\u2019\u00e0 applaudir tout le travail du coach avec son staff au cours de sa carri\u00e8re, notamment au PSG mais pas que. Il a une certaine force tactique et dans la gestion du groupe, c\u2019est ind\u00e9niable.<\/p>\n<p>\t\t\t\t\t\t\t\t\t\t\t\t\t\t\t\t\t\t\t\t\t\t\t<img loading=\"lazy\" src=\"https:\/\/www.europesays.com\/fr\/wp-content\/uploads\/2025\/04\/ParisFans_Logo.png\" decoding=\"async\" class=\"lazyload\" width=\"240\" height=\"54\" data-eio-rwidth=\"240\" data-eio-rheight=\"54\"\/><\/p>\n<p>\t\t\t\t\t\t\t\t<script async src=\"https:\/\/platform.twitter.com\/widgets.js\" charset=\"utf-8\"><\/script><\/p>\n","protected":false},"excerpt":{"rendered":"Le Paris Saint-Germain s\u2019est impos\u00e9 2-7 face au Bayer Leverkusen (r\u00e9sum\u00e9 vid\u00e9o Bayer Leverkusen\/PSG) ce mardi \u00e0 la\u00a0BayArena&hellip;\n","protected":false},"author":2,"featured_media":482240,"comment_status":"","ping_status":"","sticky":false,"template":"","format":"standard","meta":{"footnotes":""},"categories":[1410],"tags":[59734,63,1011,27,921,60],"class_list":{"0":"post-482239","1":"post","2":"type-post","3":"status-publish","4":"format-standard","5":"has-post-thumbnail","7":"category-football","8":"tag-bayer-leverkusen-psg","9":"tag-football","10":"tag-fr","11":"tag-france","12":"tag-luis-enrique","13":"tag-sports"},"share_on_mastodon":{"url":"https:\/\/pubeurope.com\/@fr\/115418444160621817","error":""},"_links":{"self":[{"href":"https:\/\/www.europesays.com\/fr\/wp-json\/wp\/v2\/posts\/482239","targetHints":{"allow":["GET"]}}],"collection":[{"href":"https:\/\/www.europesays.com\/fr\/wp-json\/wp\/v2\/posts"}],"about":[{"href":"https:\/\/www.europesays.com\/fr\/wp-json\/wp\/v2\/types\/post"}],"author":[{"embeddable":true,"href":"https:\/\/www.europesays.com\/fr\/wp-json\/wp\/v2\/users\/2"}],"replies":[{"embeddable":true,"href":"https:\/\/www.europesays.com\/fr\/wp-json\/wp\/v2\/comments?post=482239"}],"version-history":[{"count":0,"href":"https:\/\/www.europesays.com\/fr\/wp-json\/wp\/v2\/posts\/482239\/revisions"}],"wp:featuredmedia":[{"embeddable":true,"href":"https:\/\/www.europesays.com\/fr\/wp-json\/wp\/v2\/media\/482240"}],"wp:attachment":[{"href":"https:\/\/www.europesays.com\/fr\/wp-json\/wp\/v2\/media?parent=482239"}],"wp:term":[{"taxonomy":"category","embeddable":true,"href":"https:\/\/www.europesays.com\/fr\/wp-json\/wp\/v2\/categories?post=482239"},{"taxonomy":"post_tag","embeddable":true,"href":"https:\/\/www.europesays.com\/fr\/wp-json\/wp\/v2\/tags?post=482239"}],"curies":[{"name":"wp","href":"https:\/\/api.w.org\/{rel}","templated":true}]}}