{"id":482243,"date":"2025-10-22T15:08:14","date_gmt":"2025-10-22T15:08:14","guid":{"rendered":"https:\/\/www.europesays.com\/fr\/482243\/"},"modified":"2025-10-22T15:08:14","modified_gmt":"2025-10-22T15:08:14","slug":"lappartement-grand-siecle-de-pierre-hardy-ce-fut-le-coup-de-foudre-au-premier-regard","status":"publish","type":"post","link":"https:\/\/www.europesays.com\/fr\/482243\/","title":{"rendered":"L&rsquo;appartement Grand Si\u00e8cle de Pierre Hardy : \u00ab ce fut le coup de foudre au premier regard \u2009\u00bb"},"content":{"rendered":"<p><img decoding=\"async\" alt=\"Dans grand salon tables laiton et fibre verre ainsi canap laiton argent crs sur mesure Vincenzo De Cotiis c\u00f4toient paire...\" loading=\"lazy\" class=\"ResponsiveImageContainer-eNxvmU cfBbTk responsive-image__image\"   src=\"https:\/\/www.europesays.com\/fr\/wp-content\/uploads\/2025\/10\/0141-03.jpeg\"\/><\/p>\n<p>Dans le grand salon, des tables en laiton et fibre de verre ainsi qu\u2019un canap\u00e9 en laiton argent\u00e9 cr\u00e9\u00e9s sur mesure par Vincenzo De Cotiis c\u00f4toient une paire de fauteuils du XVIIIe si\u00e8cle.<\/p>\n<p>\u00a9 Photo Fran\u00e7ois Halard \/ Courtesy of Daniel Arsham and Perrotin<\/p>\n<p>\u00ab Ce fut le coup de foudre au premier regard.\u2009\u00bb Pierre Hardy est sans \u00e9quivoque quand on lui parle du moment o\u00f9 lui et son mari, <a href=\"https:\/\/www.admagazine.fr\/adinspiration\/article\/pourquoi-travertin-est-materiau-en-vue-du-moment\" target=\"_blank\" rel=\"noopener\">Christopher Turnier,<\/a> ont mis les pieds dans ce qui est aujourd\u2019hui leur domicile\u2009: un h\u00f4tel particulier du xvii e si\u00e8cle sur l\u2019\u00eele Saint-Louis. Le couple ne s\u2019attendait pas \u00e0 trouver si vite chaussure \u00e0 son pied \u2013 le cr\u00e9ateur ayant un sens aig\u00fc de l\u2019exigence. Et pourtant\u2026 M\u00eame vide et d\u00e9labr\u00e9, cet espace de 185 m\u00e8tres carr\u00e9s aux plafonds orn\u00e9s de fresques mythologiques lui fit forte impression.<\/p>\n<p><img decoding=\"async\" alt=\"Pierre Hardy et Christopher Turnier sur canap laiton argent Vincenzo De Cotiis\" loading=\"lazy\" class=\"ResponsiveImageContainer-eNxvmU cfBbTk responsive-image__image\"   src=\"https:\/\/www.europesays.com\/fr\/wp-content\/uploads\/2025\/10\/0106-03.jpeg\"\/><\/p>\n<p>Pierre Hardy et Christopher Turnier sur un canap\u00e9 en laiton argent\u00e9 de Vincenzo De Cotiis<\/p>\n<p>\u00a9 Photo Fran\u00e7ois Halard \/ Courtesy of Daniel Arsham and Perrotin<\/p>\n<p>\u00ab L\u2019espace avait des caract\u00e9ristiques tr\u00e8s classiques que nous tenions \u00e0 conserver. \u00bb<\/p>\n<p>Le cr\u00e9ateur Pierre Hardy<\/p>\n<p>Un <a href=\"https:\/\/www.admagazine.fr\/article\/article\/braquage-louvre\" target=\"_blank\" rel=\"noopener\">Apollon<\/a> en robe cramoisie, harpe en main, dominait le hall d\u2019entr\u00e9e, tandis que dans les autres pi\u00e8ces, des divinit\u00e9s grecques et romaines se pr\u00e9lassaient dans les nuages. Ces chefs-d\u2019\u0153uvre, tous attribu\u00e9s \u00e0 Bon Boullogne, artiste fran\u00e7ais du xvii e si\u00e8cle, les ont tout de suite conquis. Pierre Hardy, directeur artistique des souliers et des bijoux Herm\u00e8s, pass\u00e9 aussi chez Dior et Balenciaga, avant de lancer sa propre marque, a toujours d\u00e9cor\u00e9 lui-m\u00eame ses lieux de vie. Mais cette fois, avec son mari, ils ont fait appel \u00e0 Vincenzo De Cotiis, l\u2019architecte d\u2019int\u00e9rieur milanais dont ils admirent le travail depuis longtemps. Le cr\u00e9ateur sourit en \u00e9voquant la surprise de l\u2019architecte \u00e0 sa d\u00e9couverte des lieux. \u00ab\u2009Il y avait beaucoup de boulot\u2009\u00bb, mais le couple connaissait la capacit\u00e9 de Vincenzo De Cotiis \u00e0 d\u00e9pouiller les <a href=\"https:\/\/www.admagazine.fr\/article\/tendance-style-maximaliste-decorateurs\" target=\"_blank\" rel=\"noopener\">int\u00e9rieurs<\/a> pour mieux en r\u00e9v\u00e9ler l\u2019essence. \u00ab\u2009L\u2019espace avait des caract\u00e9ristiques tr\u00e8s classiques que nous tenions \u00e0 conserver\u2009\u00bb, se souvient l\u2019architecte-designer, qui n\u2019a pas cach\u00e9 son \u00e9merveillement face aux fresques. \u00ab\u2009J\u2019ai essay\u00e9 d\u2019allier le style contemporain pris\u00e9 par Pierre et Christopher \u00e0 cet h\u00e9ritage classique. J\u2019ai fait en sorte que les fresques donnent leur \u00e2me \u00e0 l\u2019appartement tout en le rendant minimaliste. \u00bb<\/p>\n","protected":false},"excerpt":{"rendered":"Dans le grand salon, des tables en laiton et fibre de verre ainsi qu\u2019un canap\u00e9 en laiton argent\u00e9&hellip;\n","protected":false},"author":2,"featured_media":482244,"comment_status":"","ping_status":"","sticky":false,"template":"","format":"standard","meta":{"footnotes":""},"categories":[1358],"tags":[10099,1348,1384,1385,1386,58,59,1011,27,60555],"class_list":{"0":"post-482243","1":"post","2":"type-post","3":"status-publish","4":"format-standard","5":"has-post-thumbnail","7":"category-arts-et-design","8":"tag-appartement-parisien","9":"tag-arts","10":"tag-arts-and-design","11":"tag-arts-et-design","12":"tag-design","13":"tag-divertissement","14":"tag-entertainment","15":"tag-fr","16":"tag-france","17":"tag-vincenzo-de-cotiis"},"share_on_mastodon":{"url":"https:\/\/pubeurope.com\/@fr\/115418451963119358","error":""},"_links":{"self":[{"href":"https:\/\/www.europesays.com\/fr\/wp-json\/wp\/v2\/posts\/482243","targetHints":{"allow":["GET"]}}],"collection":[{"href":"https:\/\/www.europesays.com\/fr\/wp-json\/wp\/v2\/posts"}],"about":[{"href":"https:\/\/www.europesays.com\/fr\/wp-json\/wp\/v2\/types\/post"}],"author":[{"embeddable":true,"href":"https:\/\/www.europesays.com\/fr\/wp-json\/wp\/v2\/users\/2"}],"replies":[{"embeddable":true,"href":"https:\/\/www.europesays.com\/fr\/wp-json\/wp\/v2\/comments?post=482243"}],"version-history":[{"count":0,"href":"https:\/\/www.europesays.com\/fr\/wp-json\/wp\/v2\/posts\/482243\/revisions"}],"wp:featuredmedia":[{"embeddable":true,"href":"https:\/\/www.europesays.com\/fr\/wp-json\/wp\/v2\/media\/482244"}],"wp:attachment":[{"href":"https:\/\/www.europesays.com\/fr\/wp-json\/wp\/v2\/media?parent=482243"}],"wp:term":[{"taxonomy":"category","embeddable":true,"href":"https:\/\/www.europesays.com\/fr\/wp-json\/wp\/v2\/categories?post=482243"},{"taxonomy":"post_tag","embeddable":true,"href":"https:\/\/www.europesays.com\/fr\/wp-json\/wp\/v2\/tags?post=482243"}],"curies":[{"name":"wp","href":"https:\/\/api.w.org\/{rel}","templated":true}]}}