{"id":482251,"date":"2025-10-22T15:12:19","date_gmt":"2025-10-22T15:12:19","guid":{"rendered":"https:\/\/www.europesays.com\/fr\/482251\/"},"modified":"2025-10-22T15:12:19","modified_gmt":"2025-10-22T15:12:19","slug":"une-troisieme-saison-et-un-film-pour-les-carnets-de-lapothicaire-22-octobre-2025","status":"publish","type":"post","link":"https:\/\/www.europesays.com\/fr\/482251\/","title":{"rendered":"Une troisi\u00e8me saison et un film pour Les Carnets de l&rsquo;Apothicaire !, 22 Octobre 2025"},"content":{"rendered":"<p>C&rsquo;est sans nul doutes l&rsquo;une des annonces les plus attendues, mais aussi les plus surprenantes, de la semaine : l&rsquo;anime <strong>Les Carnets de l&rsquo;Apothicaire<\/strong> se poursuivra bel et bien avec une <a href=\"https:\/\/www.manga-news.com\/index.php\/dvd\/Carnets-de-lApothicaire-Les-Saison-3\" target=\"_blank\" rel=\"noopener\"><strong xmlns=\"http:\/\/www.w3.org\/1999\/xhtml\">troisi\u00e8me saison<\/strong><\/a><strong\/>&#8230; mais aussi avec un <a href=\"https:\/\/www.manga-news.com\/index.php\/dvd\/Carnets-de-lApothicaire-Les-Film\" target=\"_blank\" rel=\"noopener\"><strong xmlns=\"http:\/\/www.w3.org\/1999\/xhtml\">film pour le cin\u00e9ma<\/strong><\/a><strong\/> !<\/p>\n<p>La <strong>saison 3<\/strong> sera divis\u00e9e en deux parties dont la premi\u00e8re sera diffus\u00e9 en octobre 2027, puis la seconde en avril 2027. Nous n&rsquo;en savons encore que peu sur cette suite si ce n&rsquo;est qu&rsquo;Akinori Fudesaka, l&rsquo;un des deux r\u00e9alisateurs de la deuxi\u00e8me saison, reprendra son poste. L&rsquo;intrigue adaptera logiquement la suite des light novel d&rsquo;origine.<\/p>\n<p>Le <strong>film<\/strong>, lui, d\u00e9peindra une histoire totalement originale \u00e9crite par <a href=\"https:\/\/www.manga-news.com\/index.php\/auteur\/HYUGA-Natsu\" target=\"_blank\" rel=\"noopener\"><strong xmlns=\"http:\/\/www.w3.org\/1999\/xhtml\">Natsu Hy\u00fbga<\/strong><\/a><strong\/>, l&rsquo;autrice des romans originaux. Cette derni\u00e8re d\u00e9clare avoir travaill\u00e9 d&rsquo;arrache-pied sur cette nouvelle intrigue en plus d&rsquo;avoir l\u00e9g\u00e8rement contribu\u00e9 \u00e0 la production de la saison 3. <a href=\"https:\/\/www.manga-news.com\/index.php\/auteur\/NAGANUMA-Norihiro\" target=\"_blank\" rel=\"noopener\"><strong xmlns=\"http:\/\/www.w3.org\/1999\/xhtml\">Norihiro Naganum<\/strong><\/a><strong\/>a, r\u00e9alisateur sur les deux premi\u00e8res saisons, dirige le long m\u00e9trage. La sortie est pr\u00e9vue pour d\u00e9cembre 2026 dans les cin\u00e9mas nippons.<\/p>\n<p><img decoding=\"async\" src=\"https:\/\/www.europesays.com\/fr\/wp-content\/uploads\/2025\/10\/Carnets-de-lapothicaire-s3-film-annonce.webp.webp\" alt=\"\" style=\"width: 100%; max-width: 404px; height: auto; max-height: 574px;\"\/><\/p>\n<p>En attendant de nouvelles informations, une visuel ainsi qu&rsquo;un long trailer d&rsquo;annonce ont \u00e9t\u00e9 d\u00e9voil\u00e9s (voir en fin de news pour le trailer).<\/p>\n<p>D&rsquo;ici l\u00e0, il n&rsquo;est pas trop tard pour d\u00e9couvrir ou red\u00e9couvrir le riche univers de la saga, d\u00e9clin\u00e9 en de nombreux supports. Le light novel d&rsquo;origine <a href=\"https:\/\/www.manga-news.com\/index.php\/serie\/Carnets-de-lapothicaire-les-Roman\" target=\"_blank\" rel=\"noopener\"><strong xmlns=\"http:\/\/www.w3.org\/1999\/xhtml\">Les Carnets de l&rsquo;Apothicaire<\/strong><\/a><strong\/> de Natsu Hy\u00fbga, illustr\u00e9 par <a href=\"https:\/\/www.manga-news.com\/index.php\/auteur\/SHINO-Toko\" target=\"_blank\" rel=\"noopener\">T\u00f4ko Shino<\/a>, est publi\u00e9 aux \u00e9ditions <strong>Lumen<\/strong> avec 6 tomes disponibles. L&rsquo;adaptation manga sobrement nomm\u00e9 <a href=\"https:\/\/www.manga-news.com\/index.php\/serie\/Carnets-de-lapothicaire-les\" target=\"_blank\" rel=\"noopener\"><strong xmlns=\"http:\/\/www.w3.org\/1999\/xhtml\">Les Carnets de l&rsquo;Apothicaire<\/strong><\/a><strong\/> de <a href=\"https:\/\/www.manga-news.com\/index.php\/auteur\/NEKO-Kurage\" target=\"_blank\" rel=\"noopener\">Nekokurage<\/a> et <a href=\"https:\/\/www.manga-news.com\/index.php\/auteur\/NANAO-Itsuki\" target=\"_blank\" rel=\"noopener\">Itsuki Nanao<\/a>, elle, est publi\u00e9e aux \u00e9ditions <strong>Ki-oon<\/strong> avec 15 volumes disponibles. <a href=\"https:\/\/www.manga-news.com\/index.php\/serie\/Carnets-de-lapothicaire-les-Enquetes-a-la-cour\" target=\"_blank\" rel=\"noopener\"><strong xmlns=\"http:\/\/www.w3.org\/1999\/xhtml\">Les Carnets de l&rsquo;Apothicaire : Enqu\u00eates \u00e0 la cour<\/strong><\/a><strong\/>, autre adaptation manga sign\u00e9e <a href=\"https:\/\/www.manga-news.com\/index.php\/auteur\/KURATA-Minoji\" target=\"_blank\" rel=\"noopener\">Minoji Kurata<\/a>, est propos\u00e9 chez <strong>Mana Books<\/strong> avec 14 volumes publi\u00e9s.<\/p>\n<p>Enfin, les deux premi\u00e8res saisons de l&rsquo;anime restent disponibles en SVOD sur <strong>Crunchyroll<\/strong>. Avis aux amateurs d&rsquo;\u00e9ditions physiques : la <a href=\"https:\/\/www.manga-news.com\/index.php\/dvd\/Carnets-de-lApothicaire-Les\" target=\"_blank\" rel=\"noopener\"><strong xmlns=\"http:\/\/www.w3.org\/1999\/xhtml\">premi\u00e8re saison<\/strong><\/a><strong\/> est aussi accessible en DVD et Blu-ray.<\/p>\n<p><img decoding=\"async\" src=\"https:\/\/www.europesays.com\/fr\/wp-content\/uploads\/2025\/10\/carnet-apothicaire-LN-1-lumen.webp.webp\" alt=\"\" style=\"width: 100%; max-width: 340px; height: auto; max-height: 552px;\"\/>\u00a0<img decoding=\"async\" src=\"https:\/\/www.europesays.com\/fr\/wp-content\/uploads\/2025\/10\/Carnets_de_Apothicaire_anime.webp.webp\" style=\"width: 100%; max-width: 368px; height: auto; max-height: 552px;\" alt=\"\"\/><\/p>\n<p><strong>Synopsis &#8211; Saga Les Carnets de l&rsquo;Apothicaire :<\/strong><\/p>\n<p>\u00c0 dix-sept ans, Mao Mao m\u00e8ne une vie dangereuse. Form\u00e9e d\u00e8s son plus jeune \u00e2ge par un apothicaire des bas-fonds de la capitale, elle se retrouve enlev\u00e9e et vendue comme servante dans le quartier des femmes du palais imp\u00e9rial. Pour \u00e9chapper \u00e0 la mort dans cette forteresse coup\u00e9e du monde ext\u00e9rieur o\u00f9 complots et machinations se succ\u00e8dent, la jeune fille doit cacher ses connaissances \u2013 bref, se fondre dans la masse.<\/p>\n<p>&#13;<br \/>\nMais quand les morts suspectes de princes nouveau-n\u00e9s mettent la cour en \u00e9moi, la passion de Mao Mao pour son art reprend le dessus. \u00c0 force d\u2019observation, elle d\u00e9couvre le pot aux roses&#8230; et se retrouve rep\u00e9r\u00e9e par Jinshi, un myst\u00e9rieux haut fonctionnaire \u00e0 la beaut\u00e9 \u00e9trange. Devinant ses talents, il la promeut go\u00fbteuse personnelle d\u2019une des favorites de l\u2019empereur. Or, au beau milieu de ce nid de serpents, le moindre faux pas pourrait \u00eatre fatal \u00e0 la jeune fille&#8230;<\/p><\/p>\n","protected":false},"excerpt":{"rendered":"C&rsquo;est sans nul doutes l&rsquo;une des annonces les plus attendues, mais aussi les plus surprenantes, de la semaine&hellip;\n","protected":false},"author":2,"featured_media":482252,"comment_status":"","ping_status":"","sticky":false,"template":"","format":"standard","meta":{"footnotes":""},"categories":[1354],"tags":[2566,58,59,1346,1011,27,2567,1360,60556],"class_list":{"0":"post-482251","1":"post","2":"type-post","3":"status-publish","4":"format-standard","5":"has-post-thumbnail","7":"category-films","8":"tag-anime","9":"tag-divertissement","10":"tag-entertainment","11":"tag-films","12":"tag-fr","13":"tag-france","14":"tag-manga-news-com","15":"tag-movies","16":"tag-une-troisieme-saison-et-un-film-pour-les-carnets-de-l"},"share_on_mastodon":{"url":"https:\/\/pubeurope.com\/@fr\/115418467562677607","error":""},"_links":{"self":[{"href":"https:\/\/www.europesays.com\/fr\/wp-json\/wp\/v2\/posts\/482251","targetHints":{"allow":["GET"]}}],"collection":[{"href":"https:\/\/www.europesays.com\/fr\/wp-json\/wp\/v2\/posts"}],"about":[{"href":"https:\/\/www.europesays.com\/fr\/wp-json\/wp\/v2\/types\/post"}],"author":[{"embeddable":true,"href":"https:\/\/www.europesays.com\/fr\/wp-json\/wp\/v2\/users\/2"}],"replies":[{"embeddable":true,"href":"https:\/\/www.europesays.com\/fr\/wp-json\/wp\/v2\/comments?post=482251"}],"version-history":[{"count":0,"href":"https:\/\/www.europesays.com\/fr\/wp-json\/wp\/v2\/posts\/482251\/revisions"}],"wp:featuredmedia":[{"embeddable":true,"href":"https:\/\/www.europesays.com\/fr\/wp-json\/wp\/v2\/media\/482252"}],"wp:attachment":[{"href":"https:\/\/www.europesays.com\/fr\/wp-json\/wp\/v2\/media?parent=482251"}],"wp:term":[{"taxonomy":"category","embeddable":true,"href":"https:\/\/www.europesays.com\/fr\/wp-json\/wp\/v2\/categories?post=482251"},{"taxonomy":"post_tag","embeddable":true,"href":"https:\/\/www.europesays.com\/fr\/wp-json\/wp\/v2\/tags?post=482251"}],"curies":[{"name":"wp","href":"https:\/\/api.w.org\/{rel}","templated":true}]}}