{"id":482253,"date":"2025-10-22T15:13:17","date_gmt":"2025-10-22T15:13:17","guid":{"rendered":"https:\/\/www.europesays.com\/fr\/482253\/"},"modified":"2025-10-22T15:13:17","modified_gmt":"2025-10-22T15:13:17","slug":"pollution-lenvironnement-rend-il-les-femmes-steriles","status":"publish","type":"post","link":"https:\/\/www.europesays.com\/fr\/482253\/","title":{"rendered":"Pollution : l\u2019environnement rend-il les femmes st\u00e9riles ?"},"content":{"rendered":"<p>             <a href=\"https:\/\/ma-sante.news\/wp-content\/uploads\/2025\/10\/Le-chlordecone-la-pollution-menace-la-fertilite-des-femmes-et-leur-chance-davoir-un-enfant-Ma-Sante.jpg\" data-caption=\"En France, Sant\u00e9 publique France rappelle que 98 % des adultes pr\u00e9sentent dans leur organisme au moins un perturbateur endocrinien, selon l\u2019\u00e9tude nationale Esteban (2023). \u00a9\u00a0Freepik\" target=\"_blank\" rel=\"noopener\"><img loading=\"lazy\" decoding=\"async\" width=\"696\" height=\"464\" class=\"entry-thumb td-modal-image ewww_webp_lazy_load\" src=\"data:image\/svg+xml,%3Csvg%20xmlns=\" http:=\"\" data-lazy- data-lazy- alt=\"Un couple qui peine \u00e0 avoir un enfant \u00e0 cause des perturbateurs endocriniens et de la pollution.\" title=\"Le chlorde\u0301cone la pollution menace la fe\u0301rtilite\u0301 des femmes et leur chance d'avoir un enfant Ma Sante\u0301\" data-lazy-src=\"https:\/\/www.europesays.com\/fr\/wp-content\/uploads\/2025\/10\/Le-chlordecone-la-pollution-menace-la-fertilite-des-femmes-et-leur-chance-davoir-un-enfant-Ma-Sante-.jpeg\" data-lazy-src-webp=\"https:\/\/www.europesays.com\/fr\/wp-content\/uploads\/2025\/10\/Le-chlordecone-la-pollution-menace-la-fertilite-des-femmes-et-leur-chance-davoir-un-enfant-Ma-Sante-.jpeg.webp\" data-lazy-srcset-webp=\"https:\/\/www.europesays.com\/fr\/wp-content\/uploads\/2025\/10\/Le-chlordecone-la-pollution-menace-la-fertilite-des-femmes-et-leur-chance-davoir-un-enfant-Ma-Sante-.jpeg.webp 696w, https:\/\/ma-sante.news\/wp-content\/uploads\/2025\/10\/Le-chlordecone-la-pollution-menace-la-fertilite-des-femmes-et-leur-chance-davoir-un-enfant-Ma-Sante-300x200.jpg.webp 300w, https:\/\/ma-sante.news\/wp-content\/uploads\/2025\/10\/Le-chlordecone-la-pollution-menace-la-fertilite-des-femmes-et-leur-chance-davoir-un-enfant-Ma-Sante-768x512.jpg.webp 768w, https:\/\/ma-sante.news\/wp-content\/uploads\/2025\/10\/Le-chlordecone-la-pollution-menace-la-fertilite-des-femmes-et-leur-chance-davoir-un-enfant-Ma-Sante-630x420.jpg.webp 630w, https:\/\/ma-sante.news\/wp-content\/uploads\/2025\/10\/Le-chlordecone-la-pollution-menace-la-fertilite-des-femmes-et-leur-chance-davoir-un-enfant-Ma-Sante.jpg.webp 799w\"\/><\/a>En France, Sant\u00e9 publique France rappelle que 98 % des adultes pr\u00e9sentent dans leur organisme au moins un perturbateur endocrinien, selon l\u2019\u00e9tude nationale Esteban (2023). \u00a9\u00a0Freepik                                    \t\t\t             <a class=\"gofollow\" data-track=\"MjgsMCw2MA==\" href=\"https:\/\/ma-sante.news\/inscrivez-vous-a-notre-newsletter\/\" target=\"_blank\" rel=\"noopener\"><img loading=\"lazy\" decoding=\"async\" width=\"1068\" height=\"131\" src=\"data:image\/svg+xml,%3Csvg%20xmlns=\" http:=\"\" data-lazy-src=\"https:\/\/www.europesays.com\/fr\/wp-content\/uploads\/2025\/03\/banniere-newsletter.png\"\/><\/a> <\/p>\n<p>Aux Antilles fran\u00e7aises, la question du chlord\u00e9cone n\u2019est pas un souvenir du pass\u00e9, mais une r\u00e9alit\u00e9 quotidienne. Ce pesticide organochlor\u00e9, massivement employ\u00e9 dans les bananeraies de Guadeloupe et de Martinique entre 1972 et 1993, a \u00e9t\u00e9 interdit il y a plus de trente ans. Il reste toutefois pr\u00e9sent dans les sols, les rivi\u00e8res et la cha\u00eene alimentaire.<\/p>\n<p>Selon Sant\u00e9 publique France, plus de 90 % de la population antillaise pr\u00e9sente encore des traces mesurables de chlord\u00e9cone dans le sang. Les experts de l\u2019ANSES parlent d\u2019un polluant persistant, dont la d\u00e9gradation compl\u00e8te pourrait prendre plusieurs d\u00e9cennies. Voire davantage, selon la nature des sols et les conditions climatiques. <\/p>\n<p>        Pollution : un h\u00e9ritage toxique dans les sols\u2026 et dans les corps    <strong>Une \u00e9tude fran\u00e7aise \u00e9tablit un lien avec la baisse de fertilit\u00e9<\/strong>    <\/p>\n<p>Le 16 octobre 2025, une \u00e9tude men\u00e9e par l\u2019Inserm et le CHU de Rennes a confirm\u00e9 un lien statistique entre l\u2019exposition au chlord\u00e9cone et <a href=\"https:\/\/ma-sante.news\/fertilite-comment-optimiser-ses-chances-avoir-enfant\/\" target=\"_blank\" rel=\"noopener\">un allongement du d\u00e9lai de conception chez les femmes<\/a>.<\/p>\n<p>Les chercheurs se sont appuy\u00e9s sur la cohorte TIMOUN, qui suit des centaines de femmes enceintes guadeloup\u00e9ennes depuis le milieu des ann\u00e9es 2000. En analysant les taux sanguins de chlord\u00e9cone et le temps n\u00e9cessaire pour concevoir un enfant, ils ont observ\u00e9 que<a href=\"https:\/\/ma-sante.news\/sante-maman-prevention-infertilite-notre-environnement-est-il-responsable-sante-fertilite-procreation-avoir-un-enfant-lyon-rhone-alpes\/\" target=\"_blank\" rel=\"noopener\"> les femmes les plus expos\u00e9es (plus de 0,4 \u00b5g\/L) mettaient significativement plus de temps \u00e0 tomber enceintes<\/a>.<\/p>\n<p>Plus pr\u00e9cis\u00e9ment, leur probabilit\u00e9 de conception \u00e0 chaque cycle \u00e9tait r\u00e9duite d\u2019environ 25 % par rapport \u00e0 celle des femmes les moins expos\u00e9es. Les auteurs soulignent que cette observation ne prouve pas une causalit\u00e9 directe, mais \u00e9tablit clairement une association robuste entre exposition au chlord\u00e9cone et <a href=\"https:\/\/ma-sante.news\/la-fertilite-des-femmes-apres-35-ans-realites-et-mythes-autour-de-horloge-biologique\/\" target=\"_blank\" rel=\"noopener\">diminution de la fertilit\u00e9 f\u00e9minine<\/a>.<\/p>\n<p>        <strong>Fertilit\u00e9 : quand la pollution perturbe les hormones<\/strong>    <\/p>\n<p>Si le chlord\u00e9cone affecte la fertilit\u00e9, c\u2019est en raison de <a href=\"https:\/\/ma-sante.news\/perturbateurs-endocriniens-comment-proteger-nos-enfants\/\" target=\"_blank\" rel=\"noopener\">sa nature de perturbateur endocrinien<\/a>. Ce type de mol\u00e9cule interf\u00e8re avec le syst\u00e8me hormonal. Il mime, bloque ou d\u00e9r\u00e8gle les signaux naturels du corps. Chez la femme, il peut alt\u00e9rer la maturation des ovocytes, modifier la s\u00e9cr\u00e9tion d\u2019\u0153strog\u00e8nes et perturber<a href=\"https:\/\/ma-sante.news\/gynecologie-les-10-questions-que-vous-posez-sur-les-regles\/\" target=\"_blank\" rel=\"noopener\"> l\u2019\u00e9quilibre du cycle menstruel<\/a>.<\/p>\n<p>Le chlord\u00e9cone agit comme un faux messager hormonal, ce qui peut<a href=\"https:\/\/ma-sante.news\/test-dovulation-positif-quand-faut-il-faire-lamour\/\" target=\"_blank\" rel=\"noopener\"> retarder l\u2019ovulation ou r\u00e9duire la qualit\u00e9 des ovules.<\/a> Et le chlord\u00e9cone n\u2019est pas un cas isol\u00e9. D\u2019autres polluants comme les phtalates,<a href=\"https:\/\/ma-sante.news\/essence-dans-nos-assiettes-enquete-revele-la-presence-hexane-dans-notre-alimentation\/\" target=\"_blank\" rel=\"noopener\"> le bisph\u00e9nol A<\/a>,<a href=\"https:\/\/ma-sante.news\/pesticides-le-grand-retour-du-danger-dans-nos-champs\/\" target=\"_blank\" rel=\"noopener\"> les pesticides organophosphor\u00e9s<\/a>, <a href=\"https:\/\/ma-sante.news\/dangers-des-pfas-lyon-quels-sont-les-effets-sur-notre-sante\/\" target=\"_blank\" rel=\"noopener\">les PFAS (\u201cpolluants \u00e9ternels\u201d)<\/a>, sont \u00e9galement soup\u00e7onn\u00e9s d\u2019alt\u00e9rer la fertilit\u00e9.\u00a0<\/p>\n<p>Une vaste m\u00e9ta-analyse publi\u00e9e dans Human Reproduction Update en 2023 a m\u00eame montr\u00e9 que la concentration moyenne de spermatozo\u00efdes avait chut\u00e9 de plus de 50 % en quarante ans dans le monde occidental. Chez les femmes, les troubles de l\u2019ovulation, de la r\u00e9serve ovarienne et de l\u2019implantation embryonnaire augmentent parall\u00e8lement.<\/p>\n<p>        <strong>Le chlord\u00e9cone sur les femmes : les effets visibles \u00e0 long terme<\/strong>    <\/p>\n<p>Dans les Antilles, les effets du chlord\u00e9cone d\u00e9passent la seule question de la conception. Plusieurs \u00e9tudes Inserm ont d\u00e9j\u00e0 mis en \u00e9vidence des <a href=\"https:\/\/ma-sante.news\/bebe-premature-tout-ce-quil-faut-savoir-a-la-naissance\/\" target=\"_blank\" rel=\"noopener\">risques accrus de pr\u00e9maturit\u00e9<\/a>, <a href=\"https:\/\/ma-sante.news\/anomalies-de-croissance-quels-sont-les-signes\/\" target=\"_blank\" rel=\"noopener\">de retard de croissance <\/a>intra-ut\u00e9rin et d\u2019atteintes neurod\u00e9veloppementales chez les enfants expos\u00e9s in utero. Le chlord\u00e9cone <a href=\"https:\/\/ma-sante.news\/pollution-de-lair-une-etude-grenobloise-revele-ses-effets-sur-le-placenta\/\" target=\"_blank\" rel=\"noopener\">traverse la barri\u00e8re placentaire et peut \u00eatre retrouv\u00e9 dans le sang du cordon ombilical<\/a>, exposant ainsi le f\u0153tus d\u00e8s la vie intra-ut\u00e9rine.<\/p>\n<p>Ces r\u00e9sultats s\u2019ajoutent \u00e0 un constat plus global. La fertilit\u00e9 f\u00e9minine est un marqueur sensible de la sant\u00e9 environnementale. L\u00e0 o\u00f9 la pollution augmente, la probabilit\u00e9 de conception tend \u00e0 diminuer. Une \u00e9tude de l\u2019Universit\u00e9 de Harvard (2021) avait d\u00e9j\u00e0 montr\u00e9 une corr\u00e9lation entre exposition chronique aux particules fines et <a href=\"https:\/\/ma-sante.news\/baisse-de-la-fertilite-masculine-doit-on-sinquieter\/\" target=\"_blank\" rel=\"noopener\">augmentation des troubles de la fertilit\u00e9<\/a>.<\/p>\n<p>        Le chlord\u00e9cone : un enjeu de sant\u00e9 publique et de justice environnementale    <\/p>\n<p>Face \u00e0 ces donn\u00e9es, la question d\u00e9passe la seule toxicologie. C\u2019est aussi celle de la justice environnementale. Dans les Antilles, les habitants subissent encore aujourd\u2019hui les cons\u00e9quences d\u2019un pesticide dont ils n\u2019ont pas choisi l\u2019usage.<\/p>\n<p>Le Plan Chlord\u00e9cone IV (2021-2027), pilot\u00e9 par l\u2019\u00c9tat fran\u00e7ais et dot\u00e9 de 92 millions d\u2019euros, vise \u00e0 r\u00e9duire l\u2019exposition alimentaire, renforcer le suivi m\u00e9dical et soutenir la recherche scientifique. Des campagnes d\u2019information rappellent les pr\u00e9cautions alimentaires comme \u00e9viter la consommation de produits de p\u00eache ou de gibier provenant de zones contamin\u00e9es, privil\u00e9gier les circuits contr\u00f4l\u00e9s.<\/p>\n<p>Mais pour beaucoup d\u2019acteurs locaux, ces efforts restent insuffisants. Des associations r\u00e9clament un suivi gyn\u00e9cologique renforc\u00e9 pour les femmes en \u00e2ge de procr\u00e9er et un meilleur acc\u00e8s aux donn\u00e9es environnementales.<\/p>\n<p>Dans un rapport de l\u2019Office parlementaire d\u2019\u00e9valuation des choix scientifiques et technologiques (OPECST) publi\u00e9 en 2024, les experts appelaient \u00e0 int\u00e9grer la sant\u00e9 reproductive dans toutes les politiques environnementales.<\/p>\n<blockquote class=\"wp-block-quote is-layout-flow wp-block-quote-is-layout-flow\">\n<p><strong>\u00c0 SAVOIR<\/strong><\/p>\n<p>Plusieurs travaux r\u00e9cents confirment que les m\u00e9taux lourds peuvent nuire \u00e0 la fertilit\u00e9. Une \u00e9tude parue dans Environmental Health Perspectives en 2023 (Universit\u00e9 George Washington) a montr\u00e9 qu\u2019une exposition \u00e9lev\u00e9e au plomb et au cadmium \u00e9tait li\u00e9e \u00e0 une baisse de la r\u00e9serve ovarienne chez les femmes.<\/p>\n<\/blockquote>\n<p>  <a class=\"gofollow\" data-track=\"MTIsMCw2MA==\" href=\"https:\/\/ma-sante.news\/annonceurs\/\" target=\"_blank\" rel=\"noopener\"><img loading=\"lazy\" decoding=\"async\" width=\"2560\" height=\"2133\" src=\"data:image\/svg+xml,%3Csvg%20xmlns=\" http:=\"\" data-lazy-src=\"https:\/\/www.europesays.com\/fr\/wp-content\/uploads\/2025\/03\/pub-annonceurs-4-scaled.jpg\"\/><\/a>    <img loading=\"lazy\" decoding=\"async\" width=\"755\" height=\"495\" src=\"data:image\/svg+xml,%3Csvg%20xmlns=\" http:=\"\" data-lazy-src=\"https:\/\/www.europesays.com\/fr\/wp-content\/uploads\/2025\/03\/Image1.jpg\" data-lazy-src-webp=\"https:\/\/www.europesays.com\/fr\/wp-content\/uploads\/2025\/03\/Image1.jpg.webp\" class=\"ewww_webp_lazy_load\"\/>Inscrivez-vous \u00e0 notre newsletter <br \/>Ma Sant\u00e9                      <\/p>\n","protected":false},"excerpt":{"rendered":"En France, Sant\u00e9 publique France rappelle que 98 % des adultes pr\u00e9sentent dans leur organisme au moins un&hellip;\n","protected":false},"author":2,"featured_media":482254,"comment_status":"","ping_status":"","sticky":false,"template":"","format":"standard","meta":{"footnotes":""},"categories":[10],"tags":[60557,60558,1011,27,72,2091,1800,71],"class_list":{"0":"post-482253","1":"post","2":"type-post","3":"status-publish","4":"format-standard","5":"has-post-thumbnail","7":"category-sante","8":"tag-cause-infertilitu00e9","9":"tag-fertilitu00e9","10":"tag-fr","11":"tag-france","12":"tag-health","13":"tag-pesticides","14":"tag-pollution","15":"tag-sante"},"share_on_mastodon":{"url":"https:\/\/pubeurope.com\/@fr\/115418471100181022","error":""},"_links":{"self":[{"href":"https:\/\/www.europesays.com\/fr\/wp-json\/wp\/v2\/posts\/482253","targetHints":{"allow":["GET"]}}],"collection":[{"href":"https:\/\/www.europesays.com\/fr\/wp-json\/wp\/v2\/posts"}],"about":[{"href":"https:\/\/www.europesays.com\/fr\/wp-json\/wp\/v2\/types\/post"}],"author":[{"embeddable":true,"href":"https:\/\/www.europesays.com\/fr\/wp-json\/wp\/v2\/users\/2"}],"replies":[{"embeddable":true,"href":"https:\/\/www.europesays.com\/fr\/wp-json\/wp\/v2\/comments?post=482253"}],"version-history":[{"count":0,"href":"https:\/\/www.europesays.com\/fr\/wp-json\/wp\/v2\/posts\/482253\/revisions"}],"wp:featuredmedia":[{"embeddable":true,"href":"https:\/\/www.europesays.com\/fr\/wp-json\/wp\/v2\/media\/482254"}],"wp:attachment":[{"href":"https:\/\/www.europesays.com\/fr\/wp-json\/wp\/v2\/media?parent=482253"}],"wp:term":[{"taxonomy":"category","embeddable":true,"href":"https:\/\/www.europesays.com\/fr\/wp-json\/wp\/v2\/categories?post=482253"},{"taxonomy":"post_tag","embeddable":true,"href":"https:\/\/www.europesays.com\/fr\/wp-json\/wp\/v2\/tags?post=482253"}],"curies":[{"name":"wp","href":"https:\/\/api.w.org\/{rel}","templated":true}]}}