{"id":482262,"date":"2025-10-22T15:18:12","date_gmt":"2025-10-22T15:18:12","guid":{"rendered":"https:\/\/www.europesays.com\/fr\/482262\/"},"modified":"2025-10-22T15:18:12","modified_gmt":"2025-10-22T15:18:12","slug":"la-suede-et-lukraine-signent-une-lettre-dintention-pour-lachat-de-pres-de-150-avions-de-chasse-gripen","status":"publish","type":"post","link":"https:\/\/www.europesays.com\/fr\/482262\/","title":{"rendered":"La Su\u00e8de et l\u2019Ukraine signent une lettre d&rsquo;intention pour l&rsquo;achat de pr\u00e8s de 150 avions de chasse Gripen"},"content":{"rendered":"<p>\n    Volodymyr Zelensky et Ulf Kristersson ont officialis\u00e9 un accord pr\u00e9voyant l\u2019acquisition par l\u2019Ukraine de nombreux chasseurs pour renforcer sa d\u00e9fense a\u00e9rienne.<\/p>\n<p class=\"fig-paragraph\">Le pr\u00e9sident ukrainien Volodymyr Zelensky et le premier ministre su\u00e9dois Ulf Kristersson ont sign\u00e9 mercredi \u00e0 Link\u00f6ping en\u00a0<a href=\"http:\/\/www.lefigaro.fr\/livres\/dossier\/prix-nobel-de-litterature-scandale-sexuel-figaro-litteraire-stockholm-suede\" data-fig-type=\"Topic\" data-gtm-custom-categorie=\"navigation\" data-gtm-custom-action=\"crossclick\" data-gtm-custom-label=\"Contextuel\" data-gtm-event=\"customEventSPE\" data-fig-domain=\"LEFIGARO\" rel=\"nofollow noopener\" target=\"_blank\">Su\u00e8de\u00a0<\/a>une lettre d&rsquo;intention avec pour objectif l&rsquo;achat par Kiev de 100 \u00e0 150 avions de chasse Gripen du dernier mod\u00e8le.<\/p>\n<p class=\"fig-paragraph\">Cette d\u00e9claration porte \u00absur une coop\u00e9ration \u00e0 long terme en mati\u00e8re de d\u00e9fense a\u00e9rienne et sur les possibilit\u00e9s d&rsquo;un tr\u00e8s gros contrat dans le domaine de l&rsquo;industrie de la d\u00e9fense\u00bb, a d\u00e9clar\u00e9 Ulf Kristersson dans un hangar de l&rsquo;a\u00e9roport de cette ville o\u00f9 se trouve le si\u00e8ge du groupe de d\u00e9fense\u00a0<a href=\"http:\/\/www.lefigaro.fr\/flash-eco\/defense-saab-s-envole-tire-par-le-rearmement-20230210\" data-fig-type=\"NewsFlash\" data-gtm-custom-categorie=\"navigation\" data-gtm-custom-action=\"crossclick\" data-gtm-custom-label=\"Contextuel\" data-gtm-event=\"customEventSPE\" data-fig-domain=\"LEFIGARO\" rel=\"nofollow noopener\" target=\"_blank\">Saab<\/a>, producteur du Gripen.<\/p>\n<p>                                    <a class=\"fig-a11y-skip a11y-hidden\" href=\"#fig-a11y-skip-main-inarticle\"><br \/>\n        Passer la publicit\u00e9<br \/>\n    <\/a><\/p>\n<p class=\"fig-paragraph\">\u00abProbablement entre 100 et 150 avions de combat Gripen de mod\u00e8le E qui commencent \u00e0 \u00eatre fabriqu\u00e9s d\u00e8s maintenant, pour constituer une nouvelle arm\u00e9e de l&rsquo;air ukrainienne puissante\u00bb, a-t-il pr\u00e9cis\u00e9.<\/p>\n","protected":false},"excerpt":{"rendered":"Volodymyr Zelensky et Ulf Kristersson ont officialis\u00e9 un accord pr\u00e9voyant l\u2019acquisition par l\u2019Ukraine de nombreux chasseurs pour renforcer&hellip;\n","protected":false},"author":2,"featured_media":482263,"comment_status":"","ping_status":"","sticky":false,"template":"","format":"standard","meta":{"footnotes":""},"categories":[5],"tags":[11,1813,37,1011,27,14,12,7199,220,28],"class_list":{"0":"post-482262","1":"post","2":"type-post","3":"status-publish","4":"format-standard","5":"has-post-thumbnail","7":"category-international","8":"tag-actualites","9":"tag-armee","10":"tag-avion","11":"tag-fr","12":"tag-france","13":"tag-international","14":"tag-news","15":"tag-suede","16":"tag-ukraine","17":"tag-world"},"share_on_mastodon":{"url":"https:\/\/pubeurope.com\/@fr\/115418490782502093","error":""},"_links":{"self":[{"href":"https:\/\/www.europesays.com\/fr\/wp-json\/wp\/v2\/posts\/482262","targetHints":{"allow":["GET"]}}],"collection":[{"href":"https:\/\/www.europesays.com\/fr\/wp-json\/wp\/v2\/posts"}],"about":[{"href":"https:\/\/www.europesays.com\/fr\/wp-json\/wp\/v2\/types\/post"}],"author":[{"embeddable":true,"href":"https:\/\/www.europesays.com\/fr\/wp-json\/wp\/v2\/users\/2"}],"replies":[{"embeddable":true,"href":"https:\/\/www.europesays.com\/fr\/wp-json\/wp\/v2\/comments?post=482262"}],"version-history":[{"count":0,"href":"https:\/\/www.europesays.com\/fr\/wp-json\/wp\/v2\/posts\/482262\/revisions"}],"wp:featuredmedia":[{"embeddable":true,"href":"https:\/\/www.europesays.com\/fr\/wp-json\/wp\/v2\/media\/482263"}],"wp:attachment":[{"href":"https:\/\/www.europesays.com\/fr\/wp-json\/wp\/v2\/media?parent=482262"}],"wp:term":[{"taxonomy":"category","embeddable":true,"href":"https:\/\/www.europesays.com\/fr\/wp-json\/wp\/v2\/categories?post=482262"},{"taxonomy":"post_tag","embeddable":true,"href":"https:\/\/www.europesays.com\/fr\/wp-json\/wp\/v2\/tags?post=482262"}],"curies":[{"name":"wp","href":"https:\/\/api.w.org\/{rel}","templated":true}]}}