{"id":482275,"date":"2025-10-22T15:25:12","date_gmt":"2025-10-22T15:25:12","guid":{"rendered":"https:\/\/www.europesays.com\/fr\/482275\/"},"modified":"2025-10-22T15:25:12","modified_gmt":"2025-10-22T15:25:12","slug":"au-large-de-toulon-deux-fregates-reussissent-a-intercepter-a-lentrainement-des-menaces-supersoniques-a-laide-de-missiles-aster-30","status":"publish","type":"post","link":"https:\/\/www.europesays.com\/fr\/482275\/","title":{"rendered":"Au large de Toulon, deux fr\u00e9gates r\u00e9ussissent \u00e0 intercepter \u00e0 l\u2019entra\u00eenement des menaces supersoniques \u00e0 l\u2019aide de missiles Aster 30"},"content":{"rendered":"<p class=\"fs-5 \">Ce n\u2019est pas parce qu\u2019ils ont d\u00e9j\u00e0 \u00e9t\u00e9 confront\u00e9s en op\u00e9ration \u00e0 des missiles balistiques, potentiellement hypersoniques donc (cinq fois la vitesse du son), que les \u00e9quipages des fr\u00e9gates Alsace et Forbin ne s\u2019entra\u00eenent pas \u00e0 r\u00e9pondre \u00e0 ce type de menace.<\/p>\n<p class=\"fs-5 \">Ainsi, \u00e0 une semaine d\u2019intervalle, pendant la premi\u00e8re quinzaine de ce mois d\u2019octobre, les marins de la fr\u00e9gate multimissions (FREMM DA) Alsace et de la fr\u00e9gate de d\u00e9fense a\u00e9rienne (FDA) Forbin, deux navires de guerre bas\u00e9s \u00e0 Toulon, ont r\u00e9alis\u00e9 avec succ\u00e8s un tir de missile antia\u00e9rien Aster 30, respectivement contre un missile Mica supersonique et une bombe AASM (armement air-sol modulaire).<\/p>\n<p class=\"fs-5 \">Ces tirs d\u2019entra\u00eenement, auxquels \u00e9tait associ\u00e9 le centre Direction g\u00e9n\u00e9rale de l\u2019armement (DGA) Essais de missiles du Levant, se sont d\u00e9roul\u00e9s au large de Toulon. Dans les deux cas, le missile Mica, comme la bombe AASM, ont \u00e9t\u00e9 tir\u00e9s depuis un Rafale Marine, avant d\u2019\u00eatre d\u00e9truits, donc, par des missiles Aster 30.<\/p>\n<p>                                                                                Une menace bien r\u00e9elle en mer Rouge<\/p>\n<p class=\"fs-5 \">Pour le minist\u00e8re des Arm\u00e9es et des Anciens combattants, \u00ab ce type de tir entra\u00eene les \u00e9quipages \u00e0 faire face \u00e0 des situations de haute intensit\u00e9 susceptibles d\u2019\u00eatre rencontr\u00e9es par les b\u00e2timents de combat de la Marine nationale en op\u00e9ration \u00bb.<\/p>\n<p class=\"fs-5 \">\u00c0 ce sujet, depuis fin 2023, cette menace est bien r\u00e9elle, notamment en mer Rouge o\u00f9 les rebelles houthis ont d\u00e9j\u00e0 pris pour cibles des navires civils et militaires avec missiles balistiques.<\/p>\n<p class=\"fs-5 \">Si l\u2019efficacit\u00e9 des missiles surface-air Aster 30, d\u00e9j\u00e0 utilis\u00e9s \u00e0 plusieurs reprises dans cette m\u00eame mer Rouge, n\u2019est plus \u00e0 d\u00e9montrer, le succ\u00e8s de ces tirs d\u2019entra\u00eenement met en avant non seulement \u00ab les capacit\u00e9s techniques et op\u00e9rationnelles des FREMM DA et des FDA \u00bb, mais surtout de leurs membres d\u2019\u00e9quipage \u00ab aguerris \u00bb et qui ont \u00ab une excellente ma\u00eetrise de leurs outils et de la d\u00e9fense a\u00e9rienne \u00bb.<\/p>\n","protected":false},"excerpt":{"rendered":"Ce n\u2019est pas parce qu\u2019ils ont d\u00e9j\u00e0 \u00e9t\u00e9 confront\u00e9s en op\u00e9ration \u00e0 des missiles balistiques, potentiellement hypersoniques donc&hellip;\n","protected":false},"author":2,"featured_media":482276,"comment_status":"","ping_status":"","sticky":false,"template":"","format":"standard","meta":{"footnotes":""},"categories":[9619],"tags":[1111,11,1777,674,1011,27,6128,12,882,25,2310],"class_list":{"0":"post-482275","1":"post","2":"type-post","3":"status-publish","4":"format-standard","5":"has-post-thumbnail","7":"category-toulon","8":"tag-actu","9":"tag-actualites","10":"tag-eu","11":"tag-europe","12":"tag-fr","13":"tag-france","14":"tag-marine","15":"tag-news","16":"tag-provence-alpes-cote-dazur","17":"tag-republique-francaise","18":"tag-toulon"},"share_on_mastodon":{"url":"https:\/\/pubeurope.com\/@fr\/115418518293658833","error":""},"_links":{"self":[{"href":"https:\/\/www.europesays.com\/fr\/wp-json\/wp\/v2\/posts\/482275","targetHints":{"allow":["GET"]}}],"collection":[{"href":"https:\/\/www.europesays.com\/fr\/wp-json\/wp\/v2\/posts"}],"about":[{"href":"https:\/\/www.europesays.com\/fr\/wp-json\/wp\/v2\/types\/post"}],"author":[{"embeddable":true,"href":"https:\/\/www.europesays.com\/fr\/wp-json\/wp\/v2\/users\/2"}],"replies":[{"embeddable":true,"href":"https:\/\/www.europesays.com\/fr\/wp-json\/wp\/v2\/comments?post=482275"}],"version-history":[{"count":0,"href":"https:\/\/www.europesays.com\/fr\/wp-json\/wp\/v2\/posts\/482275\/revisions"}],"wp:featuredmedia":[{"embeddable":true,"href":"https:\/\/www.europesays.com\/fr\/wp-json\/wp\/v2\/media\/482276"}],"wp:attachment":[{"href":"https:\/\/www.europesays.com\/fr\/wp-json\/wp\/v2\/media?parent=482275"}],"wp:term":[{"taxonomy":"category","embeddable":true,"href":"https:\/\/www.europesays.com\/fr\/wp-json\/wp\/v2\/categories?post=482275"},{"taxonomy":"post_tag","embeddable":true,"href":"https:\/\/www.europesays.com\/fr\/wp-json\/wp\/v2\/tags?post=482275"}],"curies":[{"name":"wp","href":"https:\/\/api.w.org\/{rel}","templated":true}]}}