{"id":482282,"date":"2025-10-22T15:29:13","date_gmt":"2025-10-22T15:29:13","guid":{"rendered":"https:\/\/www.europesays.com\/fr\/482282\/"},"modified":"2025-10-22T15:29:13","modified_gmt":"2025-10-22T15:29:13","slug":"tempete-benjamin-la-manche-et-la-seine-maritime-en-vigilance-orange-de-fortes-rafales-attendues","status":"publish","type":"post","link":"https:\/\/www.europesays.com\/fr\/482282\/","title":{"rendered":"Temp\u00eate Benjamin\u00a0: la Manche et la Seine-Maritime en vigilance orange, de fortes rafales attendues"},"content":{"rendered":"<p>Comme une bonne partie de l\u2019ouest de la France, tous les d\u00e9partements normands ont \u00e9t\u00e9 plac\u00e9s par <a href=\"https:\/\/vigilance.meteofrance.fr\/fr\/demain\" target=\"_self\" rel=\"noopener\">M\u00e9t\u00e9o France<\/a> en vigilance jaune pour risque d\u2019orages et de vents violents dans la soir\u00e9e du mercredi 22\u00a0octobre 2025, selon le dernier bulletin du service m\u00e9t\u00e9orologique.<\/p>\n<p><strong>Lire aussi\u00a0:<\/strong>\u00a0<a href=\"https:\/\/rennes.maville.com\/actu\/actudet_-des-vents-violents-et-des-fortes-precipitations-vont-toucher-la-france-jeudi-a-quoi-s-attendre-_6-7030605_actu.Htm\" target=\"_self\" rel=\"noopener\">Des vents violents et des fortes pr\u00e9cipitations vont toucher la France jeudi\u00a0: \u00e0 quoi s\u2019attendre\u00a0?<\/a><\/p>\n<p>Cette vigilance prendra effet \u00e0 partir de 21\u00a0h pour les orages et de 23\u00a0h pour les vents violents. Elle restera en vigueur toute la journ\u00e9e de jeudi 23\u00a0octobre 2025, jusqu\u2019\u00e0 au moins 21\u00a0h. Dans le d\u00e9partement de la Manche, c\u2019est m\u00eame la vigilance orange qui sera activ\u00e9e pour le risque de vent. Elle prendra effet entre 4\u00a0h et midi, jeudi. La Seine-Maritime est aussi en alerte orange pour risque de submersion entre 11\u00a0h et 16\u00a0h.<\/p>\n<p>Une nouvelle temp\u00eate va traverser la Normandie<\/p>\n<p>En effet, la m\u00e9t\u00e9o normande pourrait prendre des accents de temp\u00eate ce jeudi. <a href=\"https:\/\/rennes.maville.com\/actu\/actudet_-tempete-benjamin-7-departements-de-l-ouest-places-en-vigilance-orange-a-partir-de-demain-_10-7031765_actu.Htm\" target=\"_self\" rel=\"noopener\">La temp\u00eate <\/a>  <a href=\"https:\/\/rennes.maville.com\/actu\/actudet_-tempete-benjamin-7-departements-de-l-ouest-places-en-vigilance-orange-a-partir-de-demain-_10-7031765_actu.Htm\" target=\"_self\" rel=\"noopener\">Benjamin<\/a>  devrait d\u00e9ferler sur la France et de fortes bourrasques sont \u00e0 pr\u00e9voir en Normandie. Ainsi, <strong>\u00ab\u00a0les rafales pourraient atteindre les 130\u00a0km\/h le long des c\u00f4tes et jusqu\u2019\u00e0 80-90\u00a0km\/h (voir localement 100\u00a0km\/h) dans les terres\u00a0\u00bb,<\/strong> explique <a href=\"https:\/\/caen.maville.com\/actu\/actudet_--c-est-atroce-de-lire-ca-quand-annoncer-la-meteo-declenche-une-tempete-d-injures-_52656-6923876_actu.Htm\" target=\"_self\" rel=\"noopener\">Christopher Bribet, m\u00e9t\u00e9orologue amateur, qui anime le compte\u00a0Facebook M\u00e9t\u00e9o Basse-Normandie<\/a>. En plus du vent, des averses orageuses sont \u00e0 pr\u00e9voir dans tout le d\u00e9partement \u00e0 partir du d\u00e9but de soir\u00e9e.<\/p>\n<\/p>\n<p>Pour sa part, M\u00e9t\u00e9o France annonce de <strong>\u00ab\u00a0violentes rafales de vent et de fortes vagues associ\u00e9es sur la fa\u00e7ade atlantique et le littoral de la Manche\u00a0\u00bb<\/strong> tandis que <a href=\"https:\/\/www.keraunos.org\/\" target=\"_self\" rel=\"noopener\">Keraunos<\/a>, l\u2019observateur fran\u00e7ais des tornades, \u00e9voque la <strong>\u00ab\u00a0formation localis\u00e9e de ph\u00e9nom\u00e8nes tourbillonnaires (tubas, voire tornades)\u00a0\u00bb.<\/strong><\/p>\n<p>Le passage d\u2019Amy, la pr\u00e9c\u00e9dente temp\u00eate arriv\u00e9e en France m\u00e9tropolitaine, d\u00e9but octobre, avait frapp\u00e9 de plein fouet la r\u00e9gion, <a href=\"https:\/\/rennes.maville.com\/actu\/actudet_-tempete-amy-un-homme-est-mort-noye-a-etretat-un-autre-apres-la-chute-d-un-arbre-dans-l-aisne-_54135-7005600_actu.Htm\" target=\"_self\" rel=\"noopener\">faisant notamment un mort<\/a> en Seine-Maritime.<\/p>\n<p>\u00a0<\/p>\n","protected":false},"excerpt":{"rendered":"Comme une bonne partie de l\u2019ouest de la France, tous les d\u00e9partements normands ont \u00e9t\u00e9 plac\u00e9s par M\u00e9t\u00e9o&hellip;\n","protected":false},"author":2,"featured_media":482283,"comment_status":"","ping_status":"","sticky":false,"template":"","format":"standard","meta":{"footnotes":""},"categories":[9587],"tags":[1111,11,10180,17232,1777,674,32638,1011,27,14653,2047,12,5161,738,7918,25,9590,5163,7747,15192],"class_list":{"0":"post-482282","1":"post","2":"type-post","3":"status-publish","4":"format-standard","5":"has-post-thumbnail","7":"category-rouen","8":"tag-actu","9":"tag-actualites","10":"tag-attendues","11":"tag-benjamin","12":"tag-eu","13":"tag-europe","14":"tag-fortes","15":"tag-fr","16":"tag-france","17":"tag-manche","18":"tag-mans","19":"tag-news","20":"tag-normandie","21":"tag-orange","22":"tag-rafales","23":"tag-republique-francaise","24":"tag-rouen","25":"tag-seine-maritime","26":"tag-tempete","27":"tag-vigilance"},"share_on_mastodon":{"url":"https:\/\/pubeurope.com\/@fr\/115418534067193055","error":""},"_links":{"self":[{"href":"https:\/\/www.europesays.com\/fr\/wp-json\/wp\/v2\/posts\/482282","targetHints":{"allow":["GET"]}}],"collection":[{"href":"https:\/\/www.europesays.com\/fr\/wp-json\/wp\/v2\/posts"}],"about":[{"href":"https:\/\/www.europesays.com\/fr\/wp-json\/wp\/v2\/types\/post"}],"author":[{"embeddable":true,"href":"https:\/\/www.europesays.com\/fr\/wp-json\/wp\/v2\/users\/2"}],"replies":[{"embeddable":true,"href":"https:\/\/www.europesays.com\/fr\/wp-json\/wp\/v2\/comments?post=482282"}],"version-history":[{"count":0,"href":"https:\/\/www.europesays.com\/fr\/wp-json\/wp\/v2\/posts\/482282\/revisions"}],"wp:featuredmedia":[{"embeddable":true,"href":"https:\/\/www.europesays.com\/fr\/wp-json\/wp\/v2\/media\/482283"}],"wp:attachment":[{"href":"https:\/\/www.europesays.com\/fr\/wp-json\/wp\/v2\/media?parent=482282"}],"wp:term":[{"taxonomy":"category","embeddable":true,"href":"https:\/\/www.europesays.com\/fr\/wp-json\/wp\/v2\/categories?post=482282"},{"taxonomy":"post_tag","embeddable":true,"href":"https:\/\/www.europesays.com\/fr\/wp-json\/wp\/v2\/tags?post=482282"}],"curies":[{"name":"wp","href":"https:\/\/api.w.org\/{rel}","templated":true}]}}