{"id":482290,"date":"2025-10-22T15:34:21","date_gmt":"2025-10-22T15:34:21","guid":{"rendered":"https:\/\/www.europesays.com\/fr\/482290\/"},"modified":"2025-10-22T15:34:21","modified_gmt":"2025-10-22T15:34:21","slug":"depression-benjamin-voici-ou-le-vent-va-souffler-le-plus-fort-en-ille-et-vilaine","status":"publish","type":"post","link":"https:\/\/www.europesays.com\/fr\/482290\/","title":{"rendered":"D\u00e9pression Benjamin\u00a0: voici o\u00f9 le vent va souffler le plus fort en Ille-et-Vilaine"},"content":{"rendered":"<p><img decoding=\"async\" src=\"https:\/\/www.europesays.com\/fr\/wp-content\/uploads\/2025\/10\/animhru2.gif\" border=\"0\"\/><\/p>\n<p>C\u2019est entre 21 h et 22 h que le vent va v\u00e9ritablement s\u2019acc\u00e9l\u00e9rer, allant \u00ab jusqu\u2019\u00e0 70-80 km\/h au moment o\u00f9 la d\u00e9pression va se rapprocher de l\u2019entr\u00e9e de Manche \u00bb. \u00ab Dans la nuit le vent reste mod\u00e9r\u00e9 et assez fort dans les terres \u00bb, souligne S\u00e9bastien Decaux. En revanche, c\u2019est vers Saint-Malo et Cancale que le vent va souffler plus fort. \u00ab On pourrait avoir des rafales de 90 \u00e0 100 km\/h sur la C\u00f4te d\u2019\u00c9meraude. \u00bb<\/p>\n<p>Du vent tr\u00e8s fort mais pas une temp\u00eate<\/p>\n<p>C\u2019est dans la r\u00e9gion de Saint-Malo que \u00e7a va souffler au plus fort d\u00e8s jeudi matin, \u00ab autour de 100 \u00e0 110 km\/h \u00bb, pr\u00e9cise le m\u00e9t\u00e9orologue breton. \u00ab On va vraiment basculer dans ce qu\u2019on appelle un ciel de tra\u00eene. C\u2019est un temps tr\u00e8s changeant, avec des \u00e9claircies, des passages nuageux et des averses qui seront probablement orageuses, parfois tr\u00e8s soutenues, et c\u2019est sous ces averses orageuses qu\u2019on pourrait, \u00e0 mon avis, enregistrer de fortes rafales de vent \u00bb.<\/p>\n<p>En fonction des averses, le vent pourra donc souffler jusqu\u2019\u00e0 110 voire 120 km\/h entre le Cap Fr\u00e9hel, Saint-Malo et Cancale. \u00ab Des conditions tr\u00e8s mouvement\u00e9es \u00bb qui entra\u00eeneront <a anchorselected=\"true\" href=\"https:\/\/www.letelegramme.fr\/bretagne\/vagues-submersion-les-images-impressionnantes-en-bretagne-6561059.php\" target=\"_blank\" rel=\"noopener\">un risque de vagues-submersion<\/a> au moment des mar\u00e9es hautes de 8 h 49 et 21 h 02 sur la C\u00f4te d\u2019\u00c9meraude.<\/p>\n<blockquote class=\"twitter-tweet\">\n<p lang=\"fr\" dir=\"ltr\">\\ud83c\\udf0a Temp\u00eate <a href=\"https:\/\/twitter.com\/hashtag\/Benjamin?src=hash&amp;ref_src=twsrc%5Etfw\" target=\"_blank\" rel=\"noopener\">#Benjamin<\/a><br \/>\\u27a1\\ufe0fMer grosse \u00e0 tr\u00e8s grosse dans le golfe de Gascogne (7-8 m au large). <br \/>\\u27a1\\ufe0fC\u00f4tes atlantique : 6-7 m. <br \/>\\u27a1\\ufe0fManche : mer tr\u00e8s forte \u00e0 forte (3-6 m). <br \/>\\u26a0\\ufe0f Coefficients de mar\u00e9e \u00e9lev\u00e9s \\u2192 risque de vagues-submersion sur toutes les c\u00f4tes bretonnes. <a href=\"https:\/\/twitter.com\/hashtag\/Bretagne?src=hash&amp;ref_src=twsrc%5Etfw\" target=\"_blank\" rel=\"noopener\">#Bretagne<\/a><a href=\"https:\/\/twitter.com\/hashtag\/meteo?src=hash&amp;ref_src=twsrc%5Etfw\" target=\"_blank\" rel=\"noopener\">#meteo<\/a><a href=\"https:\/\/t.co\/eYJ0FhN3yS\">pic.twitter.com\/eYJ0FhN3yS<\/a><\/p>\n<p>\u2014 M\u00e9t\u00e9o Bretagne (@MeteoBretagne) <a href=\"https:\/\/twitter.com\/MeteoBretagne\/status\/1980939903614783501?ref_src=twsrc%5Etfw\" target=\"_blank\" rel=\"noopener\">October 22, 2025<\/a><\/p><\/blockquote>\n<p>Moins de 10 \u00b0C attendu par endroits<\/p>\n<p>Il faut donc s\u2019attendre \u00e0 un temps froid qui \u00ab booste les rafales \u00bb mais surtout \u00e0 un thermom\u00e8tre tr\u00e8s irr\u00e9gulier \u00ab qui va \u00e9norm\u00e9ment fluctuer jeudi apr\u00e8s-midi \u00bb. \u00ab Il fera plus que 13 \u00b0C \u00e0 Saint-Malo et \u00e0 peine 15 \u00b0C \u00e0 Rennes \u00bb, pointe S\u00e9bastien Decaux. Et d\u00e8s qu\u2019on aura une averse orageuse, comme elle va rabattre de l\u2019air froid d\u2019altitude au niveau du sol, on pourra perdre 4-5 \u00b0C d\u2019un seul coup. Lorsqu\u2019on aura une \u00e9claircie, il fera 14-15 \u00b0C et puis apr\u00e8s une averse, il pourrait faire 9-10-11 \u00b0C, pas plus \u00bb. La situation devrait retrouver son calme \u00e0 partir de 19 heures jeudi soir<\/p>\n<p><script async src=\"https:\/\/platform.twitter.com\/widgets.js\" charset=\"utf-8\"><\/script><\/p>\n","protected":false},"excerpt":{"rendered":"C\u2019est entre 21 h et 22 h que le vent va v\u00e9ritablement s\u2019acc\u00e9l\u00e9rer, allant \u00ab jusqu\u2019\u00e0 70-80 km\/h&hellip;\n","protected":false},"author":2,"featured_media":482291,"comment_status":"","ping_status":"","sticky":false,"template":"","format":"standard","meta":{"footnotes":""},"categories":[2821],"tags":[1111,11,829,24351,1777,674,1011,27,848,12,584,25,3728],"class_list":{"0":"post-482290","1":"post","2":"type-post","3":"status-publish","4":"format-standard","5":"has-post-thumbnail","7":"category-rennes","8":"tag-actu","9":"tag-actualites","10":"tag-bretagne","11":"tag-dinard","12":"tag-eu","13":"tag-europe","14":"tag-fr","15":"tag-france","16":"tag-ille-et-vilaine","17":"tag-news","18":"tag-rennes","19":"tag-republique-francaise","20":"tag-saint-malo"},"share_on_mastodon":{"url":"https:\/\/pubeurope.com\/@fr\/115418556367007955","error":""},"_links":{"self":[{"href":"https:\/\/www.europesays.com\/fr\/wp-json\/wp\/v2\/posts\/482290","targetHints":{"allow":["GET"]}}],"collection":[{"href":"https:\/\/www.europesays.com\/fr\/wp-json\/wp\/v2\/posts"}],"about":[{"href":"https:\/\/www.europesays.com\/fr\/wp-json\/wp\/v2\/types\/post"}],"author":[{"embeddable":true,"href":"https:\/\/www.europesays.com\/fr\/wp-json\/wp\/v2\/users\/2"}],"replies":[{"embeddable":true,"href":"https:\/\/www.europesays.com\/fr\/wp-json\/wp\/v2\/comments?post=482290"}],"version-history":[{"count":0,"href":"https:\/\/www.europesays.com\/fr\/wp-json\/wp\/v2\/posts\/482290\/revisions"}],"wp:featuredmedia":[{"embeddable":true,"href":"https:\/\/www.europesays.com\/fr\/wp-json\/wp\/v2\/media\/482291"}],"wp:attachment":[{"href":"https:\/\/www.europesays.com\/fr\/wp-json\/wp\/v2\/media?parent=482290"}],"wp:term":[{"taxonomy":"category","embeddable":true,"href":"https:\/\/www.europesays.com\/fr\/wp-json\/wp\/v2\/categories?post=482290"},{"taxonomy":"post_tag","embeddable":true,"href":"https:\/\/www.europesays.com\/fr\/wp-json\/wp\/v2\/tags?post=482290"}],"curies":[{"name":"wp","href":"https:\/\/api.w.org\/{rel}","templated":true}]}}