{"id":482294,"date":"2025-10-22T15:38:34","date_gmt":"2025-10-22T15:38:34","guid":{"rendered":"https:\/\/www.europesays.com\/fr\/482294\/"},"modified":"2025-10-22T15:38:34","modified_gmt":"2025-10-22T15:38:34","slug":"souffelweyersheim-photographe-passionne-daniel-hambourger-exposera-aux-journees-de-la-photo","status":"publish","type":"post","link":"https:\/\/www.europesays.com\/fr\/482294\/","title":{"rendered":"Souffelweyersheim. Photographe passionn\u00e9, Daniel Hambourger exposera aux Journ\u00e9es de la photo"},"content":{"rendered":"<p class=\"insetTitle\">18e \u00e9dition  des Journ\u00e9es de la photo<\/p>\n<p>Le Photo club Souffelweyersheim (PHOCS) organise les Journ\u00e9es de la photo\u200a samedi\u00a025 et dimanche\u00a026 octobre.<br \/>Cette exposition photographique est destin\u00e9e \u00e0 tout public, elle proposera des ateliers d\u2019animations bas\u00e9s sur l\u2019\u00e9change et le partage. Les membres du club seront pr\u00e9sents sur les deux jours pour r\u00e9pondre aux questions techniques, photographiques ou simplement pour parler des \u0153uvres expos\u00e9es.<\/p>\n<p>Ces derni\u00e8res proviennent des collections personnelles des membres du club ou de candidatures \u00e0 des concours r\u00e9gionaux et nationaux. Un des th\u00e8mes abord\u00e9s sera \u201cL\u2019Alsace et ses environs\u200a\u201d, 125 photos de lieux et paysages connus ou non des deux c\u00f4t\u00e9s du Rhin.<\/p>\n<p class=\"note\">Journ\u00e9es de la photo, espace culturel des 7-Arpents, 14 rue des 7-Arpents, \u00e0 Souffelweyersheim. Samedi 25\u00a0octobre ,de 10\u200ah \u00e0 20\u200ah, dimanche 26\u00a0octobre de 10\u200ah \u00e0 18\u200ah. Entr\u00e9e libre. Renseignements aupr\u00e8s de contact@phocs.fr.<\/p>\n","protected":false},"excerpt":{"rendered":"18e \u00e9dition des Journ\u00e9es de la photo Le Photo club Souffelweyersheim (PHOCS) organise les Journ\u00e9es de la photo\u200a&hellip;\n","protected":false},"author":2,"featured_media":482295,"comment_status":"","ping_status":"","sticky":false,"template":"","format":"standard","meta":{"footnotes":""},"categories":[2820],"tags":[1111,11,1687,2880,1777,674,2271,107,1011,27,775,12,25,16322,640,3265],"class_list":{"0":"post-482294","1":"post","2":"type-post","3":"status-publish","4":"format-standard","5":"has-post-thumbnail","7":"category-strasbourg","8":"tag-actu","9":"tag-actualites","10":"tag-culture-loisirs","11":"tag-edition-strasbourg","12":"tag-eu","13":"tag-europe","14":"tag-exposition-arts-plastiques","15":"tag-fil-info","16":"tag-fr","17":"tag-france","18":"tag-grand-est","19":"tag-news","20":"tag-republique-francaise","21":"tag-souffelweyersheim","22":"tag-strasbourg","23":"tag-strasbourg-nord"},"share_on_mastodon":{"url":"https:\/\/pubeurope.com\/@fr\/115418569287015621","error":""},"_links":{"self":[{"href":"https:\/\/www.europesays.com\/fr\/wp-json\/wp\/v2\/posts\/482294","targetHints":{"allow":["GET"]}}],"collection":[{"href":"https:\/\/www.europesays.com\/fr\/wp-json\/wp\/v2\/posts"}],"about":[{"href":"https:\/\/www.europesays.com\/fr\/wp-json\/wp\/v2\/types\/post"}],"author":[{"embeddable":true,"href":"https:\/\/www.europesays.com\/fr\/wp-json\/wp\/v2\/users\/2"}],"replies":[{"embeddable":true,"href":"https:\/\/www.europesays.com\/fr\/wp-json\/wp\/v2\/comments?post=482294"}],"version-history":[{"count":0,"href":"https:\/\/www.europesays.com\/fr\/wp-json\/wp\/v2\/posts\/482294\/revisions"}],"wp:featuredmedia":[{"embeddable":true,"href":"https:\/\/www.europesays.com\/fr\/wp-json\/wp\/v2\/media\/482295"}],"wp:attachment":[{"href":"https:\/\/www.europesays.com\/fr\/wp-json\/wp\/v2\/media?parent=482294"}],"wp:term":[{"taxonomy":"category","embeddable":true,"href":"https:\/\/www.europesays.com\/fr\/wp-json\/wp\/v2\/categories?post=482294"},{"taxonomy":"post_tag","embeddable":true,"href":"https:\/\/www.europesays.com\/fr\/wp-json\/wp\/v2\/tags?post=482294"}],"curies":[{"name":"wp","href":"https:\/\/api.w.org\/{rel}","templated":true}]}}