{"id":482300,"date":"2025-10-22T15:42:11","date_gmt":"2025-10-22T15:42:11","guid":{"rendered":"https:\/\/www.europesays.com\/fr\/482300\/"},"modified":"2025-10-22T15:42:11","modified_gmt":"2025-10-22T15:42:11","slug":"pres-de-nice-un-ehpad-ferme-en-urgence-par-les-autorites","status":"publish","type":"post","link":"https:\/\/www.europesays.com\/fr\/482300\/","title":{"rendered":"pr\u00e8s de Nice, un Ehpad ferm\u00e9 \u00aben urgence\u00bb par les autorit\u00e9s"},"content":{"rendered":"<p>\n    L\u2019ARS \u00e9voque divers dysfonctionnements qui perdurent malgr\u00e9 plusieurs inspections, ce qui justifie cette mesure exceptionnelle.<\/p>\n<p class=\"fig-paragraph\">Face \u00e0 des \u00abmanquements r\u00e9p\u00e9t\u00e9s\u00bb et une \u00abaggravation de la situation\u00bb, la fermeture temporaire d\u2019un\u00a0<a href=\"http:\/\/www.lefigaro.fr\/social\/mal-aimes-et-deficitaires-les-ehpad-a-la-recherche-d-une-sortie-de-crise-20250513\" data-fig-type=\"Article\" data-gtm-custom-categorie=\"navigation\" data-gtm-custom-action=\"crossclick\" data-gtm-custom-label=\"Contextuel\" data-gtm-event=\"customEventSPE\" data-fig-domain=\"LEFIGARO\" target=\"_blank\" rel=\"noopener\">Ehpad<\/a>\u00a0\u00e0 Contes, pr\u00e8s de Nice (Alpes-Maritimes), vient d\u2019\u00eatre d\u00e9cr\u00e9t\u00e9 \u00aben urgence\u00bb par les autorit\u00e9s. \u00abUne d\u00e9cision qui s\u2019impose pour garantir la s\u00e9curit\u00e9 des r\u00e9sidents\u00bb, a soulign\u00e9 mardi l\u2019Agence r\u00e9gionale de sant\u00e9 dans un communiqu\u00e9, rappelant que cette mesure reste \u00abexceptionnelle\u00bb.<\/p>\n<p class=\"fig-paragraph\">L\u2019\u00e9tablissement sp\u00e9cialis\u00e9 pour les personnes \u00e2g\u00e9es \u00abLe Clair Logis\u00bb situ\u00e9 dans la commune de Contes, \u00e0 une vingtaine de kilom\u00e8tres au nord de Nice, va ainsi rester ferm\u00e9 trois mois. Un administrateur provisoire a \u00e9t\u00e9 nomm\u00e9 pour transf\u00e9rer les 55 r\u00e9sidents vers d\u2019autres structures en priorit\u00e9 au sein du d\u00e9partement et \u00e0 des tarifs similaires pour les familles.<\/p>\n<p>                                    <a class=\"fig-a11y-skip a11y-hidden\" href=\"#fig-a11y-skip-main-inarticle\"><br \/>\n        Passer la publicit\u00e9<br \/>\n    <\/a><\/p>\n<p class=\"fig-paragraph\">Des inspections avaient pourtant \u00e9t\u00e9 men\u00e9es ces deux derni\u00e8res ann\u00e9es au sein de cet Ehpad. \u00abMalgr\u00e9 les injonctions, les mesures d\u00e9j\u00e0 prises et l\u2019instauration d\u2019un suivi rapproch\u00e9, l\u2019inspection de septembre 2025 a constat\u00e9 une d\u00e9gradation de la prise en charge\u00bb, explique l\u2019ARS Paca.<\/p>\n<p>Sant\u00e9 et s\u00e9curit\u00e9 des r\u00e9sidents plus assur\u00e9es<\/p>\n<p class=\"fig-paragraph\">Joint par Le Figaro, un riverain dont la maison jouxte l\u2019\u00e9tablissement \u00e9voque \u00abdes appels \u00e0 l\u2019aide sans arr\u00eat\u00bb, \u00abdes cris\u00bb et \u00abdes personnes qui s\u2019\u00e9chappent en permanence\u00bb, les pompiers ou la gendarmerie devant intervenir \u00abdeux \u00e0 trois fois par semaine\u00bb, assure-t-il. \u00abQuand on leur t\u00e9l\u00e9phone et qu\u2019on leur dit qu\u2019il y a un r\u00e9sident dehors, ils s\u2019en fichent\u00bb, t\u00e9moigne encore ce voisin.<\/p>\n<p class=\"fig-paragraph\">L\u2019ARS et le conseil d\u00e9partemental parlent de \u00abdysfonctionnements qui perdurent ou n\u2019ont pas su \u00eatre corrig\u00e9s de mani\u00e8re p\u00e9renne\u00bb. Des probl\u00e8mes de \u00abgouvernance, d\u2019\u00e9tat des locaux ou de ressources humaines\u00bb sont avanc\u00e9s sans plus de d\u00e9tails, si ce n\u2019est qu\u2019ils compromettent \u00abla sant\u00e9, la s\u00e9curit\u00e9, le bien-\u00eatre physique et moral des r\u00e9sidents\u00bb.<\/p>\n<p class=\"fig-paragraph\">Les autorit\u00e9s insistent sur cette mesure prise \u00aben dernier recours\u00bb et qui n\u2019a \u00e9t\u00e9 prise qu\u2019\u00e0 trois reprises dans la r\u00e9gion depuis 2022 et une campagne de contr\u00f4le des diff\u00e9rents Ehpad. En f\u00e9vrier dernier, en raison de graves d\u00e9faillances, un \u00e9tablissement dans les Alpes-Maritimes, \u00e0 L\u2019Escar\u00e8ne, a m\u00eame \u00e9t\u00e9\u00a0<a href=\"http:\/\/www.lefigaro.fr\/nice\/de-graves-defaillances-pres-de-nice-un-ehpad-definitivement-ferme-sur-ordre-de-l-ars-et-du-departement-20250220\" data-fig-type=\"NewsFlash\" data-gtm-custom-categorie=\"navigation\" data-gtm-custom-action=\"crossclick\" data-gtm-custom-label=\"Contextuel\" data-gtm-event=\"customEventSPE\" data-fig-domain=\"LEFIGARO\" target=\"_blank\" rel=\"noopener\">d\u00e9finitivement ferm\u00e9<\/a>\u00a0par les autorit\u00e9s. D\u2019autres soucis avaient \u00e9galement \u00e9t\u00e9 soulev\u00e9s\u00a0<a href=\"http:\/\/www.lefigaro.fr\/nice\/maltraitance-mise-a-pied-documents-disparus-que-s-est-il-vraiment-passe-dans-cet-ehpad-pres-de-nice-20250221\" data-fig-type=\"NewsFlash\" data-gtm-custom-categorie=\"navigation\" data-gtm-custom-action=\"crossclick\" data-gtm-custom-label=\"Contextuel\" data-gtm-event=\"customEventSPE\" data-fig-domain=\"LEFIGARO\" target=\"_blank\" rel=\"noopener\">dans un Ehpad \u00e0 Cagnes-sur-Mer<\/a>\u00a0et\u00a0<a href=\"http:\/\/www.lefigaro.fr\/nice\/maltraitance-deces-pres-de-cannes-un-maire-alerte-sur-la-situation-preoccupante-d-un-ephad-20250125\" data-fig-type=\"NewsFlash\" data-gtm-custom-categorie=\"navigation\" data-gtm-custom-action=\"crossclick\" data-gtm-custom-label=\"Contextuel\" data-gtm-event=\"customEventSPE\" data-fig-domain=\"LEFIGARO\" target=\"_blank\" rel=\"noopener\">\u00e0 Biot<\/a>.<\/p>\n<p class=\"fig-paragraph\">Les pol\u00e9miques sur des maltraitances au sein des Ehpad en France sont nombreuses, notamment depuis les r\u00e9v\u00e9lations faites dans le livre Les Fossoyeurs (Fayard)\u00a0<a href=\"http:\/\/www.lefigaro.fr\/actualite-france\/barbouzeries-sondages-bidon-chez-hanouna-et-manoeuvres-politiques-victor-castanet-raconte-les-coulisses-des-fossoyeurs-20230125\" data-fig-type=\"Article\" data-gtm-custom-categorie=\"navigation\" data-gtm-custom-action=\"crossclick\" data-gtm-custom-label=\"Contextuel\" data-gtm-event=\"customEventSPE\" data-fig-domain=\"LEFIGARO\" target=\"_blank\" rel=\"noopener\">du journaliste Victor Castanet<\/a>, prix Albert-Londres en 2022.<\/p>\n","protected":false},"excerpt":{"rendered":"L\u2019ARS \u00e9voque divers dysfonctionnements qui perdurent malgr\u00e9 plusieurs inspections, ce qui justifie cette mesure exceptionnelle. Face \u00e0 des&hellip;\n","protected":false},"author":2,"featured_media":482301,"comment_status":"","ping_status":"","sticky":false,"template":"","format":"standard","meta":{"footnotes":""},"categories":[2819],"tags":[1111,11,12216,1777,674,1011,27,12,2401,882,25,71,3552],"class_list":{"0":"post-482300","1":"post","2":"type-post","3":"status-publish","4":"format-standard","5":"has-post-thumbnail","7":"category-nice","8":"tag-actu","9":"tag-actualites","10":"tag-ehpad","11":"tag-eu","12":"tag-europe","13":"tag-fr","14":"tag-france","15":"tag-news","16":"tag-nice","17":"tag-provence-alpes-cote-dazur","18":"tag-republique-francaise","19":"tag-sante","20":"tag-seniors"},"share_on_mastodon":{"url":"https:\/\/pubeurope.com\/@fr\/115418585179961958","error":""},"_links":{"self":[{"href":"https:\/\/www.europesays.com\/fr\/wp-json\/wp\/v2\/posts\/482300","targetHints":{"allow":["GET"]}}],"collection":[{"href":"https:\/\/www.europesays.com\/fr\/wp-json\/wp\/v2\/posts"}],"about":[{"href":"https:\/\/www.europesays.com\/fr\/wp-json\/wp\/v2\/types\/post"}],"author":[{"embeddable":true,"href":"https:\/\/www.europesays.com\/fr\/wp-json\/wp\/v2\/users\/2"}],"replies":[{"embeddable":true,"href":"https:\/\/www.europesays.com\/fr\/wp-json\/wp\/v2\/comments?post=482300"}],"version-history":[{"count":0,"href":"https:\/\/www.europesays.com\/fr\/wp-json\/wp\/v2\/posts\/482300\/revisions"}],"wp:featuredmedia":[{"embeddable":true,"href":"https:\/\/www.europesays.com\/fr\/wp-json\/wp\/v2\/media\/482301"}],"wp:attachment":[{"href":"https:\/\/www.europesays.com\/fr\/wp-json\/wp\/v2\/media?parent=482300"}],"wp:term":[{"taxonomy":"category","embeddable":true,"href":"https:\/\/www.europesays.com\/fr\/wp-json\/wp\/v2\/categories?post=482300"},{"taxonomy":"post_tag","embeddable":true,"href":"https:\/\/www.europesays.com\/fr\/wp-json\/wp\/v2\/tags?post=482300"}],"curies":[{"name":"wp","href":"https:\/\/api.w.org\/{rel}","templated":true}]}}