{"id":482308,"date":"2025-10-22T15:46:20","date_gmt":"2025-10-22T15:46:20","guid":{"rendered":"https:\/\/www.europesays.com\/fr\/482308\/"},"modified":"2025-10-22T15:46:20","modified_gmt":"2025-10-22T15:46:20","slug":"forum-mondial-de-less-a-bordeaux-une-centaine-de-visas-refuses-a-des-delegations-africaines","status":"publish","type":"post","link":"https:\/\/www.europesays.com\/fr\/482308\/","title":{"rendered":"Forum mondial de l&rsquo;ESS \u00e0 Bordeaux : une centaine de visas refus\u00e9s \u00e0 des d\u00e9l\u00e9gations africaines"},"content":{"rendered":"<p class=\"wp-block-post-excerpt__excerpt\">Beno\u00eet Hamon, pr\u00e9sident d\u2019ESS France, la mairie de Bordeaux et plusieurs parlementaires, dont le d\u00e9put\u00e9 de Bordeaux Nicolas Thierry, ont saisi le gouvernement du barrage fait par plusieurs ambassades de France en Afrique \u00e0 la venue \u00e0 Bordeaux de repr\u00e9sentants de d\u00e9l\u00e9gations de leurs pays. <\/p>\n<p><a href=\"https:\/\/rue89bordeaux.com\/category\/kiosque-abonne\/\" rel=\"tag noopener\" target=\"_blank\">\u00c9dition abonn\u00e9s<\/a>, <a href=\"https:\/\/rue89bordeaux.com\/category\/polemique\/\" rel=\"tag noopener\" target=\"_blank\">Pol\u00e9mique<\/a><\/p>\n<p>Simon Barth\u00e9l\u00e9my<\/p>\n<p>Publi\u00e9 le 22 octobre 2025\u00a0\u00a0\u00b7\u00a0\u00a0<\/p>\n<p>Imprim\u00e9 le 22 octobre 2025 \u00e0 17h46\u00a0\u00a0\u00b7\u00a0\u00a0<\/p>\n<p>\t\t\t\t\t3\u00a0minutes\n<\/p>\n<p>Mamie Awou Dieng L\u00f4, l\u2019adjointe au maire en charge de l\u2019\u00e9conomie sociale et solidaire de Dakar, ville organisatrice du dernier forum mondial de l\u2019ESS, et plus de la moiti\u00e9 de la d\u00e9l\u00e9gation s\u00e9n\u00e9galaise (90 personnes initialement pr\u00e9vue), sont \u00e0 ce stade emp\u00each\u00e9s de venir \u00e0 Bordeaux o\u00f9 le GSEF 2025 commence le 29 octobre prochain. Et leur cas n\u2019est pas isol\u00e9 :<\/p>\n<blockquote class=\"wp-block-quote is-layout-flow wp-block-quote-is-layout-flow\">\n<p>\u00ab\u00a0Les visas ont \u00e9t\u00e9 refus\u00e9s \u00e0 tout ou partie des d\u00e9l\u00e9gations du Togo, C\u00f4te d\u2019Ivoire, R\u00e9publique centrafricaine, R\u00e9publique D\u00e9mocratique du Congo, S\u00e9n\u00e9gal, Guin\u00e9e et Guin\u00e9e Bissau\u00a0\u00bb, <a href=\"https:\/\/www.linkedin.com\/posts\/benoithamon_cest-un-vrai-succ%C3%A8s-le-bordeaux-gsef-2025-activity-7386100896486629376-T3Zl?utm_source=share&amp;utm_medium=member_desktop&amp;rcm=ACoAAAss2-UBt4bgg9-o2N2bajvZ1coix3sllMs\" target=\"_blank\" rel=\"noopener\">d\u00e9plore dans un post<\/a> publi\u00e9 ce mardi 22 octobre Beno\u00eet Hamon, pr\u00e9sident d\u2019ESS France. <\/p>\n<\/blockquote>\n<p>\u00ab\u00a0Sans ces d\u00e9l\u00e9gations africaines officiellement invit\u00e9es, ce sommet \u201cinternational\u201d serait largement d\u00e9pouill\u00e9 de son sens\u00a0\u00bb, s\u2019indigne l\u2019ancien ministre de l\u2019\u00e9ducation nationale et actuel dirigeant de l\u2019ONG Singha. Il signale avoir \u00ab\u00a0saisi Laurent Nu\u00f1ez, ministre de l\u2019Int\u00e9rieur, <a href=\"https:\/\/www.linkedin.com\/in\/rolandlescure\/\" target=\"_blank\" rel=\"noopener\">Roland Lescure<\/a>, ministre de l\u2019\u00e9conomie, et plusieurs ambassades de France en Afrique sub saharienne de cette situation in\u00e9dite\u00a0\u00bb.<\/p>\n<p class=\"has-primary-color has-text-color\">\n\t\t\t<strong> Cet article fait partie de l\u2019\u00e9dition abonn\u00e9s.<\/strong><br \/>\n\t\t\t| D\u00e9j\u00e0 abonn\u00e9\u00a0?<br \/>\n\t\t\t<a href=\"https:\/\/rue89bordeaux.com\/user\/login\/\" data-type=\"page\" data-id=\"26256\" target=\"_blank\" rel=\"noopener\">Connectez-vous<\/a>\n\t\t<\/p>\n<p>Abonnez-vous maintenant pour poursuivre votre lecture<\/p>\n<p><img loading=\"lazy\" decoding=\"async\" width=\"607\" height=\"480\" src=\"https:\/\/www.europesays.com\/fr\/wp-content\/uploads\/2025\/04\/1744387698_768_04-paywall.png\" alt=\"Abonnez-vous\" class=\"wp-image-128438\" style=\"aspect-ratio:1.2645833333333334;width:281px;height:auto\"  \/><\/p>\n<p>\t\t\t<a href=\"https:\/\/rue89bordeaux.com\/\" class=\"custom-logo-link\" rel=\"home noopener\" target=\"_blank\"><img loading=\"lazy\" decoding=\"async\" width=\"290\" height=\"49\" src=\"https:\/\/www.europesays.com\/fr\/wp-content\/uploads\/2025\/04\/logo.png\" class=\"custom-logo\" alt=\"Rue89Bordeaux Enqu\u00eates et informations de proximit\u00e9\"  \/><\/a><\/p>\n<p>\n\t\t\t\tAbonnez-vous maintenant pour suivre l\u2019actualit\u00e9 locale.\t\t\t<\/p>\n<p class=\"font-bold font-serif-heading mb-2 text-4xl\">\n\t\t\t\t\t\tL\u2019investigation locale \u00e0 port\u00e9e de main.\n\t\t\t\t\t<\/p>\n<p>\n\t\t\t\t\t\tAbonnez-vous et profitez d\u2019un acc\u00e8s illimit\u00e9 \u00e0 Rue89Bordeaux. Annulez quand vous voulez.\n\t\t\t\t\t<\/p>\n<p class=\"xl:text-sm\">\n\t\t\t\t\tD\u00e9j\u00e0 abonn\u00e9\u00a0?<br \/>\n\t\t\t\t\t<a class=\"border border-transparent text-center transition-colors duration-instant focus:border-info focus:rounded focus:shadow-focus cursor-pointer text-black hover:text-gray-700 active:bg-black-700 font-semibold inline-block\" href=\"https:\/\/rue89bordeaux.com\/user\/login\/?redirect=\/2025\/10\/forum-mondial-de-less-a-bordeaux-une-centaine-de-visas-refuses-a-des-delegations-africaines\/\" target=\"_blank\" rel=\"noopener\">Connectez-vous<\/a>\t\t\t\t<\/p>\n<p>\n\t\t\t\tChoisissez votre formule\u00a0:\n\t\t\t<\/p>\n<p>\t\t\t\tFermer<\/p>\n","protected":false},"excerpt":{"rendered":"Beno\u00eet Hamon, pr\u00e9sident d\u2019ESS France, la mairie de Bordeaux et plusieurs parlementaires, dont le d\u00e9put\u00e9 de Bordeaux Nicolas&hellip;\n","protected":false},"author":2,"featured_media":482309,"comment_status":"","ping_status":"","sticky":false,"template":"","format":"standard","meta":{"footnotes":""},"categories":[2817],"tags":[1111,11,1997,37063,1777,674,1011,27,60559,1061,12,2219,25],"class_list":{"0":"post-482308","1":"post","2":"type-post","3":"status-publish","4":"format-standard","5":"has-post-thumbnail","7":"category-bordeaux","8":"tag-actu","9":"tag-actualites","10":"tag-bordeaux","11":"tag-economie-sociale-et-solidaire","12":"tag-eu","13":"tag-europe","14":"tag-fr","15":"tag-france","16":"tag-gsef","17":"tag-immigration","18":"tag-news","19":"tag-nouvelle-aquitaine","20":"tag-republique-francaise"},"share_on_mastodon":{"url":"https:\/\/pubeurope.com\/@fr\/115418601329709944","error":""},"_links":{"self":[{"href":"https:\/\/www.europesays.com\/fr\/wp-json\/wp\/v2\/posts\/482308","targetHints":{"allow":["GET"]}}],"collection":[{"href":"https:\/\/www.europesays.com\/fr\/wp-json\/wp\/v2\/posts"}],"about":[{"href":"https:\/\/www.europesays.com\/fr\/wp-json\/wp\/v2\/types\/post"}],"author":[{"embeddable":true,"href":"https:\/\/www.europesays.com\/fr\/wp-json\/wp\/v2\/users\/2"}],"replies":[{"embeddable":true,"href":"https:\/\/www.europesays.com\/fr\/wp-json\/wp\/v2\/comments?post=482308"}],"version-history":[{"count":0,"href":"https:\/\/www.europesays.com\/fr\/wp-json\/wp\/v2\/posts\/482308\/revisions"}],"wp:featuredmedia":[{"embeddable":true,"href":"https:\/\/www.europesays.com\/fr\/wp-json\/wp\/v2\/media\/482309"}],"wp:attachment":[{"href":"https:\/\/www.europesays.com\/fr\/wp-json\/wp\/v2\/media?parent=482308"}],"wp:term":[{"taxonomy":"category","embeddable":true,"href":"https:\/\/www.europesays.com\/fr\/wp-json\/wp\/v2\/categories?post=482308"},{"taxonomy":"post_tag","embeddable":true,"href":"https:\/\/www.europesays.com\/fr\/wp-json\/wp\/v2\/tags?post=482308"}],"curies":[{"name":"wp","href":"https:\/\/api.w.org\/{rel}","templated":true}]}}