{"id":482312,"date":"2025-10-22T15:48:14","date_gmt":"2025-10-22T15:48:14","guid":{"rendered":"https:\/\/www.europesays.com\/fr\/482312\/"},"modified":"2025-10-22T15:48:14","modified_gmt":"2025-10-22T15:48:14","slug":"toulouse-prison-avec-sursis-requise-pour-le-porteur-dun-maillot-floque-arracheur-2-kippa","status":"publish","type":"post","link":"https:\/\/www.europesays.com\/fr\/482312\/","title":{"rendered":"Toulouse. Prison avec sursis requise pour le porteur d&rsquo;un maillot floqu\u00e9 \u00ab\u00a0Arracheur 2 kippa\u00a0\u00bb"},"content":{"rendered":"<p>Une peine de six mois de prison avec sursis probatoire pendant deux ans a \u00e9t\u00e9 requise ce mercredi contre un homme poursuivi \u00e0 Toulouse (Haute-Garonne) pour provocation \u00e0 la haine raciale apr\u00e8s avoir arbor\u00e9 dans la rue un maillot de l&rsquo;\u00e9quipe de football d&rsquo;Allemagne <a href=\"https:\/\/www.ledauphine.com\/societe\/2025\/09\/04\/un-maillot-arracheur-2-kippa-provoque-l-indignation-sur-les-reseaux-sociaux\" target=\"_blank\" rel=\"noopener\">portant le flocage \u00ab Arracheur 2 kippa \u00bb<\/a>.<\/p>\n<p>L&rsquo;homme \u00e2g\u00e9 de 28 ans a \u00e9t\u00e9 aper\u00e7u d\u00e9but septembre \u00e0 la terrasse d&rsquo;un caf\u00e9 toulousain avec ce maillot sur le dos et un membre de la communaut\u00e9 juive locale l&rsquo;avait pris en photo. Des investigations ont \u00e9t\u00e9 diligent\u00e9es par le parquet de Toulouse et ont permis de rapidement l&rsquo;identifier, tout comme de retrouver sur son compte TikTok une vid\u00e9o le montrant de dos, avec le m\u00eame maillot et faisant un salut nazi, au son de la musique du film Rabbi Jacob.<\/p>\n<p>  \u00ab Je trouvais \u00e7a dr\u00f4le\u00a0\u00bb<\/p>\n<p>\u00c0\u00a0la barre, le pr\u00e9venu, baskets blanches, pantalon style treillis et coupe-vent \u00e0 capuche, s&rsquo;est excus\u00e9 pour cette \u00ab blague de merde \u00bb. \u00ab Je trouvais \u00e7a dr\u00f4le jusqu&rsquo;\u00e0 ce que je me retrouve ici \u00bb, a-t-il poursuivi, affirmant n&rsquo;avoir \u00ab pas r\u00e9fl\u00e9chi \u00bb et mettant en avant \u00ab la culture du buzz sur TikTok \u00bb pour expliquer son id\u00e9e.<\/p>\n<p>La procureure de la R\u00e9publique, C\u00e9line Pag\u00e8s, a estim\u00e9 que le caract\u00e8re antis\u00e9mite de l&rsquo;attitude du pr\u00e9venu \u00e9tait \u00e9tabli \u00ab sans contestation possible \u00bb et qu&rsquo;elle constituait en outre une \u00ab apologie de la violence physique \u00bb. Outre la peine de six mois de prison avec sursis probatoire pendant deux ans, elle a \u00e9galement requis 140 heures de travaux d&rsquo;int\u00e9r\u00eat g\u00e9n\u00e9ral, 300 euros d&rsquo;amende et l&rsquo;obligation d&rsquo;indemniser les parties civiles. Le jugement est attendu en fin de journ\u00e9e.<\/p>\n<p>Six associations se sont constitu\u00e9es parties civiles, dont le Conseil repr\u00e9sentatif des institutions juives de France (Crif) Toulouse et la Ligue internationale contre le racisme et l&rsquo;antis\u00e9mitisme (Licra). Leur avocat, Me Marc Sztulman, a notamment \u00e9voqu\u00e9 le concept de \u00ab banalit\u00e9 du mal \u00bb d\u00e9velopp\u00e9 par la philosophe Hannah Arendt, dans son livre sur le proc\u00e8s d&rsquo;un des architectes de la Solution finale, Adolf Eichmann. \u00ab La banalit\u00e9 du mal, on la retrouve \u00e0 la terrasse d&rsquo;un caf\u00e9 toulousain en 2025 \u00bb, a-t-il plaid\u00e9.<\/p>\n","protected":false},"excerpt":{"rendered":"Une peine de six mois de prison avec sursis probatoire pendant deux ans a \u00e9t\u00e9 requise ce mercredi&hellip;\n","protected":false},"author":2,"featured_media":482313,"comment_status":"","ping_status":"","sticky":false,"template":"","format":"standard","meta":{"footnotes":""},"categories":[2816],"tags":[1111,11,271,272,1777,674,274,107,1011,27,329,12,2680,25,2312],"class_list":{"0":"post-482312","1":"post","2":"type-post","3":"status-publish","4":"format-standard","5":"has-post-thumbnail","7":"category-toulouse","8":"tag-actu","9":"tag-actualites","10":"tag-crime","11":"tag-delit-et-contravention","12":"tag-eu","13":"tag-europe","14":"tag-faits-divers-justice","15":"tag-fil-info","16":"tag-fr","17":"tag-france","18":"tag-france-monde","19":"tag-news","20":"tag-occitanie","21":"tag-republique-francaise","22":"tag-toulouse"},"share_on_mastodon":{"url":"https:\/\/pubeurope.com\/@fr\/115418608685595164","error":""},"_links":{"self":[{"href":"https:\/\/www.europesays.com\/fr\/wp-json\/wp\/v2\/posts\/482312","targetHints":{"allow":["GET"]}}],"collection":[{"href":"https:\/\/www.europesays.com\/fr\/wp-json\/wp\/v2\/posts"}],"about":[{"href":"https:\/\/www.europesays.com\/fr\/wp-json\/wp\/v2\/types\/post"}],"author":[{"embeddable":true,"href":"https:\/\/www.europesays.com\/fr\/wp-json\/wp\/v2\/users\/2"}],"replies":[{"embeddable":true,"href":"https:\/\/www.europesays.com\/fr\/wp-json\/wp\/v2\/comments?post=482312"}],"version-history":[{"count":0,"href":"https:\/\/www.europesays.com\/fr\/wp-json\/wp\/v2\/posts\/482312\/revisions"}],"wp:featuredmedia":[{"embeddable":true,"href":"https:\/\/www.europesays.com\/fr\/wp-json\/wp\/v2\/media\/482313"}],"wp:attachment":[{"href":"https:\/\/www.europesays.com\/fr\/wp-json\/wp\/v2\/media?parent=482312"}],"wp:term":[{"taxonomy":"category","embeddable":true,"href":"https:\/\/www.europesays.com\/fr\/wp-json\/wp\/v2\/categories?post=482312"},{"taxonomy":"post_tag","embeddable":true,"href":"https:\/\/www.europesays.com\/fr\/wp-json\/wp\/v2\/tags?post=482312"}],"curies":[{"name":"wp","href":"https:\/\/api.w.org\/{rel}","templated":true}]}}