{"id":482314,"date":"2025-10-22T15:49:29","date_gmt":"2025-10-22T15:49:29","guid":{"rendered":"https:\/\/www.europesays.com\/fr\/482314\/"},"modified":"2025-10-22T15:49:29","modified_gmt":"2025-10-22T15:49:29","slug":"sorties-fermees-operations-escargots-des-bouchons-pres-de-lille","status":"publish","type":"post","link":"https:\/\/www.europesays.com\/fr\/482314\/","title":{"rendered":"sorties ferm\u00e9es, op\u00e9rations escargots&#8230; Des bouchons pr\u00e8s de Lille"},"content":{"rendered":"<p>            Par<br \/>\n        <strong><br \/>\n            <a href=\"https:\/\/actu.fr\/auteur\/margot-nicodeme\" title=\"Consulter tous les articles de Margot Nicod\u00e8me\" target=\"_blank\" rel=\"noopener\">Margot Nicod\u00e8me<\/a><br \/>\n        <\/strong><\/p>\n<p>        Publi\u00e9 le<\/p>\n<p>            22 oct. 2025 \u00e0 9h52        <\/p>\n<p>[Mise \u00e0 jour : les sorties de la RN 356 vers Lille centre ont rouvert \u00e0 11h15.]<\/p>\n<p class=\" wall-content\"><b>Les chauffeurs de taxis <\/b>m\u00e8nent <b>des manifestations dans le Nord<\/b>, depuis l\u2019aube ce mercredi 22 octobre. Une journ\u00e9e d\u2019action pour d\u00e9noncer l\u2019ub\u00e9risation de leur secteur professionnel. D\u00e8s 6h30, ils se sont rassembl\u00e9s \u00e0 des endroits strat\u00e9giques, allant <b>des abords de la gare <a href=\"https:\/\/actu.fr\/hauts-de-france\/lille_59350\" target=\"_blank\" rel=\"noopener\">Lille<\/a>-Flandres <\/b>\u00e0 des parkings bordant<b> les autoroutes A23, A22, A25<\/b>.<\/p>\n<p class=\" wall-content\">\u00c0 7h30, ils ont entrepris de rejoindre Lille, pour atteindre la pr\u00e9fecture en milieu de matin\u00e9e, <b>g\u00e9n\u00e9rant des bouchons sur les diff\u00e9rents axes de la m\u00e9tropole<\/b>. Des op\u00e9rations escargots sont en cours, une bretelle du p\u00e9riph\u00e9rique lillois a \u00e9t\u00e9 ferm\u00e9e.<\/p>\n<p>Des sorties vers Lille centre ferm\u00e9es, bouchons sur l\u2019A23, l\u2019A22, l\u2019A25\u2026 Les taxis manifestent<\/p>\n<p class=\" wall-content\">Peu avant 9h30, la cellule de vigilance routi\u00e8re informe ainsi que la <b>RN 356, entre Lille et Roubaix<\/b>, est ferm\u00e9e au niveau des sorties \u00e9changeurs vers Lille centre (dans les deux sens de circulation). Un bouchon est \u00ab\u00a0constat\u00e9 depuis l\u2019autoroute A1 \u00e0 Ronchin, secteur des 5 voies\u00a0dans le sens Paris-Lille et sur l\u2019autoroute A25 \u00e0 Lille depuis le secteur CHR\u00a0\u00bb, est-il d\u00e9crit. Il est recommand\u00e9 <b>d\u2019\u00e9viter le secteur<\/b>.<\/p>\n<p>    <img   decoding=\"async\" loading=\"lazy\" class=\"size-large\" src=\"https:\/\/www.europesays.com\/fr\/wp-content\/uploads\/2025\/10\/bd9236fc88f86c1a236fc88f8b5a23v-960x640.jpg\" alt=\"La gare Lille-Flandres \u00e9tait le point de ralliement pour les chauffeurs lillois. Tous convergent vers la pr\u00e9fecture, qu'ils devraient atteindre en milieu de matin\u00e9e.\" width=\"960\" height=\"640\"\/><br \/>\n    La gare Lille-Flandres \u00e9tait le point de ralliement pour les chauffeurs lillois. Tous convergent vers la pr\u00e9fecture, qu\u2019ils devraient atteindre en milieu de matin\u00e9e. \u00a9ND\/Lille actu<\/p>\n<p class=\" wall-content\">Les automobilistes ont \u00e9t\u00e9 t\u00e9moins d\u2019op\u00e9rations escargots \u00e0 d\u2019autres endroits, comme sur l\u2019A23 : de Valenciennes vers Lille, l\u2019autoroute \u00e9tait \u00ab\u00a0compl\u00e8tement \u00e0 l\u2019arr\u00eat \u00e0 partir de Petite-For\u00eat\u00a0\u00bb, dit un automobiliste. Sur l\u2019A22, les convois partaient de Roncq, sur l\u2019A25 de Bailleul, et le d\u00e9part depuis le Pas-de-Calais s\u2019est organis\u00e9 depuis le Ikea d\u2019H\u00e9nin-Beaumont.<\/p>\n<p class=\" wall-content\">Soyez prudents.<\/p>\n<p class=\" wall-content\">Personnalisez votre actualit\u00e9 en ajoutant vos villes et m\u00e9dias en favori avec <a href=\"https:\/\/moncompte.actu.fr\" title=\"D\u00e9couvez Mon Actu\" rel=\"nofollow noopener\" data-trk=\"{&quot;cta&quot;:{&quot;action&quot;:&quot;https:\\\/\\\/moncompte.actu.fr&quot;,&quot;category&quot;:&quot;mon compte&quot;,&quot;from&quot;:&quot;article footer&quot;,&quot;name&quot;:&quot;Mon actu&quot;,&quot;type&quot;:&quot;cta&quot;}}\" target=\"_blank\">Mon Actu<\/a>.<\/p>\n","protected":false},"excerpt":{"rendered":"Par Margot Nicod\u00e8me Publi\u00e9 le 22 oct. 2025 \u00e0 9h52 [Mise \u00e0 jour : les sorties de la&hellip;\n","protected":false},"author":2,"featured_media":482315,"comment_status":"","ping_status":"","sticky":false,"template":"","format":"standard","meta":{"footnotes":""},"categories":[2815],"tags":[1111,11,1777,674,1011,27,811,803,1307,1272,12,25,104],"class_list":{"0":"post-482314","1":"post","2":"type-post","3":"status-publish","4":"format-standard","5":"has-post-thumbnail","7":"category-lille","8":"tag-actu","9":"tag-actualites","10":"tag-eu","11":"tag-europe","12":"tag-fr","13":"tag-france","14":"tag-hauts-de-france","15":"tag-info-trafic","16":"tag-lille","17":"tag-manifestations","18":"tag-news","19":"tag-republique-francaise","20":"tag-societe"},"share_on_mastodon":{"url":"https:\/\/pubeurope.com\/@fr\/115418613278038372","error":""},"_links":{"self":[{"href":"https:\/\/www.europesays.com\/fr\/wp-json\/wp\/v2\/posts\/482314","targetHints":{"allow":["GET"]}}],"collection":[{"href":"https:\/\/www.europesays.com\/fr\/wp-json\/wp\/v2\/posts"}],"about":[{"href":"https:\/\/www.europesays.com\/fr\/wp-json\/wp\/v2\/types\/post"}],"author":[{"embeddable":true,"href":"https:\/\/www.europesays.com\/fr\/wp-json\/wp\/v2\/users\/2"}],"replies":[{"embeddable":true,"href":"https:\/\/www.europesays.com\/fr\/wp-json\/wp\/v2\/comments?post=482314"}],"version-history":[{"count":0,"href":"https:\/\/www.europesays.com\/fr\/wp-json\/wp\/v2\/posts\/482314\/revisions"}],"wp:featuredmedia":[{"embeddable":true,"href":"https:\/\/www.europesays.com\/fr\/wp-json\/wp\/v2\/media\/482315"}],"wp:attachment":[{"href":"https:\/\/www.europesays.com\/fr\/wp-json\/wp\/v2\/media?parent=482314"}],"wp:term":[{"taxonomy":"category","embeddable":true,"href":"https:\/\/www.europesays.com\/fr\/wp-json\/wp\/v2\/categories?post=482314"},{"taxonomy":"post_tag","embeddable":true,"href":"https:\/\/www.europesays.com\/fr\/wp-json\/wp\/v2\/tags?post=482314"}],"curies":[{"name":"wp","href":"https:\/\/api.w.org\/{rel}","templated":true}]}}