{"id":482325,"date":"2025-10-22T15:56:12","date_gmt":"2025-10-22T15:56:12","guid":{"rendered":"https:\/\/www.europesays.com\/fr\/482325\/"},"modified":"2025-10-22T15:56:12","modified_gmt":"2025-10-22T15:56:12","slug":"tempete-benjamin-a-quoi-sattendre-a-paris-et-en-ile-de-france","status":"publish","type":"post","link":"https:\/\/www.europesays.com\/fr\/482325\/","title":{"rendered":"Temp\u00eate Benjamin\u00a0: \u00e0 quoi s\u2019attendre \u00e0 Paris et en \u00cele-de-France\u00a0?"},"content":{"rendered":"<p class=\"paragraph text_align_left lp-f-body-02\">Pr\u00e9parez les coupe-vent et autres K-Way ! Ce jeudi, <a href=\"https:\/\/www.leparisien.fr\/meteo\/une-bombe-meteorologique-a-quoi-sattendre-pour-la-tempete-qui-va-toucher-la-france-a-partir-de-jeudi-21-10-2025-ZPXQWJGV6ZHU5NFCQP7RDTBJY4.php\" target=\"_self\" rel=\"nofollow noopener\">la temp\u00eate Benjamin<\/a> d\u00e9barque sur la France, en provenance de l\u2019Ouest. Un ph\u00e9nom\u00e8ne particuli\u00e8rement pr\u00e9coce, qui ne s\u2019arr\u00eatera pas au littoral atlantique, puisqu\u2019il atteindra les terres, <a href=\"https:\/\/www.leparisien.fr\/info-paris-ile-de-france-oise\/\" target=\"_self\" rel=\"nofollow noopener\">dont l\u2019\u00cele-de-France<\/a>.<\/p>\n<p class=\"paragraph text_align_left lp-f-body-02\">Tout partira de la Manche et de la fa\u00e7ade atlantique, dans la nuit de mercredi \u00e0 jeudi, avec des rafales tr\u00e8s fortes \u2014 au-del\u00e0 des 120 km\/h \u2014 attendues. Pour <a href=\"https:\/\/www.leparisien.fr\/paris-75\/\" target=\"_self\" rel=\"nofollow noopener\">Paris<\/a> et sa r\u00e9gion, le vent ne soufflera pas autant, mais les rafales maximales pourraient atteindre les 80, voire 90 km\/h par endroits, d\u2019apr\u00e8s les donn\u00e9es de M\u00e9t\u00e9o France.<\/p>\n<p>Du vent toute la journ\u00e9e de jeudi<\/p>\n<p class=\"paragraph text_align_left lp-f-body-02\">Selon les derni\u00e8res estimations, le plus fort des rafales aura lieu en d\u00e9but d\u2019apr\u00e8s-midi mais le vent commencera de souffler le matin, voire d\u00e8s ce mercredi soir.<\/p>\n<p><img decoding=\"async\" class=\"image \" loading=\"lazy\" src=\"https:\/\/www.europesays.com\/fr\/wp-content\/uploads\/2025\/10\/R26BSHWGDFHPHN4BSZAULIYGQI.jpg\" alt=\"Le vent soufflera tout le long de la journ\u00e9e de jeudi. Infographie LP\" align=\"\" data-rubrique-principale=\"\" data-article-type=\"\" fetchpriority=\"auto\"\/>Le vent soufflera tout le long de la journ\u00e9e de jeudi. Infographie LP<\/p>\n<p class=\"paragraph text_align_left lp-f-body-02\">Par ailleurs, la r\u00e9gion \u00cele-de-France a \u00e9t\u00e9 plac\u00e9e <a href=\"https:\/\/www.leparisien.fr\/meteo\/vents-violents-et-vagues-submersives-sept-departements-en-vigilance-orange-dans-louest-du-pays-jeudi-22-10-2025-VFGGQYKVZ5DFPCGM2L5D2OTB2I.php\" target=\"_self\" rel=\"nofollow noopener\">en vigilance jaune \u00ab vent \u00bb<\/a> \u00e0 partir de minuit ce jeudi et sera rejointe par une tr\u00e8s grande majorit\u00e9 des d\u00e9partements du pays. Des rafales de vent pouvant atteindre 95 km\/h sont notamment attendues sur dans le Val-d\u2019Oise. \u00ab Il n\u2019est pas exclu que des rafales plus fortes se produisent, notamment en seconde partie de nuit et en d\u00e9but de matin\u00e9e de jeudi \u00bb, indique la pr\u00e9fecture du d\u00e9partement sur X.<\/p>\n<blockquote class=\"twitter-tweet\">\n<p lang=\"fr\" dir=\"ltr\">\ud83d\udfe1 <a href=\"https:\/\/twitter.com\/hashtag\/Vigilance?src=hash&amp;ref_src=twsrc%5Etfw\" rel=\"nofollow noopener\" target=\"_blank\">#Vigilance<\/a> | En marge du passage de la temp\u00eate <a href=\"https:\/\/twitter.com\/hashtag\/Benjamin?src=hash&amp;ref_src=twsrc%5Etfw\" rel=\"nofollow noopener\" target=\"_blank\">#Benjamin<\/a>, le d\u00e9partement du <a href=\"https:\/\/twitter.com\/hashtag\/valdoise?src=hash&amp;ref_src=twsrc%5Etfw\" rel=\"nofollow noopener\" target=\"_blank\">#valdoise<\/a> est plac\u00e9 en vigilance jaune pour vent violent et orages la nuit prochaine, \u00e0 partir de 22h.<\/p>\n<p>\ud83d\udca8 Des rafales de vent pouvant atteindre 95 km\/h sont attendues sur le d\u00e9partement. <\/p>\n<p>\u26a0\ufe0f Il n\u2019est\u2026 <a href=\"https:\/\/t.co\/EwbvA403Mw\" rel=\"nofollow\">pic.twitter.com\/EwbvA403Mw<\/a><\/p>\n<p>\u2014 Pr\u00e9fet du Val-d&rsquo;Oise (@Prefet95) <a href=\"https:\/\/twitter.com\/Prefet95\/status\/1980986638638436820?ref_src=twsrc%5Etfw\" rel=\"nofollow noopener\" target=\"_blank\">October 22, 2025<\/a><\/p><\/blockquote>\n<p class=\"paragraph text_align_left lp-f-body-02\">Une vigilance qui prendra fin sur les d\u00e9partements de l\u2019ouest de la r\u00e9gion \u00e0 partir de 20 heures, avant que l\u2019ensemble de l\u2019\u00cele-de-France ne repasse dans le vert deux heures plus tard.<\/p>\n<p>Une vingtaine de millim\u00e8tres attendus<\/p>\n<p class=\"paragraph text_align_left lp-f-body-02\">C\u00f4t\u00e9 pr\u00e9cipitations, quelques millim\u00e8tres de pluie sont attendus sur la r\u00e9gion d\u00e8s mercredi soir avant une d\u00e9pression plus intense attendue dans le milieu de la nuit. Ensuite, la pluie continuera de tomber dans la matin\u00e9e avant une accalmie et le retour des pr\u00e9cipitations dans l\u2019apr\u00e8s-midi. Au total, une vingtaine de millim\u00e8tres cumul\u00e9s sont attendus dans la capitale ce jeudi.<\/p>\n<p class=\"paragraph text_align_left lp-f-body-02\">La situation commencera \u00e0 se calmer vendredi, o\u00f9 le vent continuera certes de souffler, mais bien moins fort, avant un retour \u00e0 la normale ce week-end. Pour le retour du beau temps, il faudra cependant repasser. Car l\u2019automne est l\u00e0, et bien l\u00e0. Le soleil continuera \u00e0 se faire discret, comme c\u2019est le cas depuis le d\u00e9but de la semaine, et les temp\u00e9ratures ne d\u00e9passeront pas les 14 \u00b0C. Enfin, de la pluie est attendue pour le week-end.<\/p>\n<p class=\"paragraph text_align_left lp-f-body-02\">Cette temp\u00eate attendue \u00e0 Paris rappelle celle de tr\u00e8s courte dur\u00e9e qui avait frapp\u00e9 la capitale soudainement le soir du 25 juin dernier. Pendant quelques minutes seulement, Paris avait subi <a href=\"https:\/\/www.leparisien.fr\/paris-75\/paris-rafales-a-112-kmh-sur-la-tour-eiffel-stations-de-metro-fermees-un-violent-orage-frappe-la-capitale-25-06-2025-ACIPRPL34FBT7JSJLUW2MMOVNA.php\" target=\"_self\" rel=\"nofollow noopener\">un orage tr\u00e8s intense<\/a>, qui avait caus\u00e9 des chutes d\u2019arbres nombreuses. Ce soir-l\u00e0, des rafales \u00e0 112 km\/h avaient notamment \u00e9t\u00e9 relev\u00e9es <a href=\"https:\/\/www.leparisien.fr\/paris-75\/tour-eiffel\/\" target=\"_self\" rel=\"nofollow noopener\">sur la tour Eiffel<\/a>.<\/p>\n<p><script async src=\"https:\/\/platform.twitter.com\/widgets.js\" charset=\"utf-8\"><\/script><\/p>\n","protected":false},"excerpt":{"rendered":"Pr\u00e9parez les coupe-vent et autres K-Way ! Ce jeudi, la temp\u00eate Benjamin d\u00e9barque sur la France, en provenance&hellip;\n","protected":false},"author":2,"featured_media":482326,"comment_status":"","ping_status":"","sticky":false,"template":"","format":"standard","meta":{"footnotes":""},"categories":[1592],"tags":[1111,11,1777,674,1011,27,662,1944,2487,12,626,25],"class_list":{"0":"post-482325","1":"post","2":"type-post","3":"status-publish","4":"format-standard","5":"has-post-thumbnail","7":"category-ile-de-france","8":"tag-actu","9":"tag-actualites","10":"tag-eu","11":"tag-europe","12":"tag-fr","13":"tag-france","14":"tag-ile-de-france","15":"tag-ma-ville","16":"tag-meteo","17":"tag-news","18":"tag-paris","19":"tag-republique-francaise"},"share_on_mastodon":{"url":"","error":""},"_links":{"self":[{"href":"https:\/\/www.europesays.com\/fr\/wp-json\/wp\/v2\/posts\/482325","targetHints":{"allow":["GET"]}}],"collection":[{"href":"https:\/\/www.europesays.com\/fr\/wp-json\/wp\/v2\/posts"}],"about":[{"href":"https:\/\/www.europesays.com\/fr\/wp-json\/wp\/v2\/types\/post"}],"author":[{"embeddable":true,"href":"https:\/\/www.europesays.com\/fr\/wp-json\/wp\/v2\/users\/2"}],"replies":[{"embeddable":true,"href":"https:\/\/www.europesays.com\/fr\/wp-json\/wp\/v2\/comments?post=482325"}],"version-history":[{"count":0,"href":"https:\/\/www.europesays.com\/fr\/wp-json\/wp\/v2\/posts\/482325\/revisions"}],"wp:featuredmedia":[{"embeddable":true,"href":"https:\/\/www.europesays.com\/fr\/wp-json\/wp\/v2\/media\/482326"}],"wp:attachment":[{"href":"https:\/\/www.europesays.com\/fr\/wp-json\/wp\/v2\/media?parent=482325"}],"wp:term":[{"taxonomy":"category","embeddable":true,"href":"https:\/\/www.europesays.com\/fr\/wp-json\/wp\/v2\/categories?post=482325"},{"taxonomy":"post_tag","embeddable":true,"href":"https:\/\/www.europesays.com\/fr\/wp-json\/wp\/v2\/tags?post=482325"}],"curies":[{"name":"wp","href":"https:\/\/api.w.org\/{rel}","templated":true}]}}