{"id":482333,"date":"2025-10-22T16:00:25","date_gmt":"2025-10-22T16:00:25","guid":{"rendered":"https:\/\/www.europesays.com\/fr\/482333\/"},"modified":"2025-10-22T16:00:25","modified_gmt":"2025-10-22T16:00:25","slug":"a-satory-on-fait-deja-danser-les-robots-avec-les-humains","status":"publish","type":"post","link":"https:\/\/www.europesays.com\/fr\/482333\/","title":{"rendered":"\u00e0 Satory, on fait d\u00e9j\u00e0 \u00ab danser les robots avec les humains \u00bb"},"content":{"rendered":"<p>            Par<br \/>\n        <strong><br \/>\n            <a href=\"https:\/\/actu.fr\/auteur\/florie-cedolin\" title=\"Consulter tous les articles de Florie Cedolin\" target=\"_blank\" rel=\"noopener\">Florie Cedolin<\/a><br \/>\n        <\/strong><\/p>\n<p>        Publi\u00e9 le<\/p>\n<p>            22 oct. 2025 \u00e0 17h16        <\/p>\n<p>\u00c0 quel moment une chambre de combustion dans un moteur d\u2019avion va-t-elle \u00eatre us\u00e9e\u2009? Comment d\u00e9carboner l\u2019industrie\u2009? Comment cr\u00e9er des carburants alternatifs\u2009? Autant de questions qui trouveront peut-\u00eatre leurs r\u00e9ponses au sein du nouveau <b>campus de l\u2019innovation<\/b> Mines Paris-PSL, inaugur\u00e9 ce mercredi 22\u00a0octobre 2025, \u00e0 <a href=\"https:\/\/actu.fr\/ile-de-france\/versailles_78646\" target=\"_blank\" rel=\"noopener\">Versailles<\/a> (Yvelines).<\/p>\n<p class=\" wall-content\"><a href=\"https:\/\/www.minesparis.psl.eu\/\" target=\"_blank\" rel=\"noopener\">Ce campus<\/a>, le quatri\u00e8me pour la c\u00e9l\u00e8bre \u00e9cole d\u2019ing\u00e9nieurs, s\u2019est install\u00e9 sur le <b>plateau de Satory<\/b>, non loin d\u2019autres instituts de recherches, comme <a href=\"https:\/\/actu.fr\/ile-de-france\/versailles_78646\/dans-les-yvelines-entropy-mise-sur-lintelligence-artificielle-pour-mesurer-les-deplacements-de-populations_62531594.html\" target=\"_blank\" rel=\"noopener\">Vedecom<\/a>, et d\u2019acteurs industriels de premier plan.<\/p>\n<p>\u00ab\u2009Excellence, rigueur, connaissance et innovation\u2009\u00bb<\/p>\n<p class=\" wall-content\">Le conseil d\u00e9partemental des Yvelines a assur\u00e9 la ma\u00eetrise d\u2019ouvrage du campus. Il y a investi <b>104,8 M\u20ac<\/b>.<b> <\/b>L\u2019op\u00e9ration \u00ab\u2009n\u2019entre pas [pourtant] dans le cadre des missions d\u2019un D\u00e9partement\u2009\u00bb, rappelle son pr\u00e9sident Pierre B\u00e9dier.<\/p>\n<blockquote class=\"ac-article-quote wall-content\">\n<p>\u00ab\u2009Hier, Satory \u00e9tait le symbole de notre puissance militaire. Aujourd\u2019hui, il devient le symbole de notre puissance scientifique. Le D\u00e9partement a choisi d\u2019investir pour l\u2019\u00e9cole des Mines qui incarne l\u2019excellence, la rigueur, la connaissance et l\u2019innovation.\u2009\u00bb<\/p>\n<p>Pierre B\u00e9dier, pr\u00e9sident du conseil d\u00e9partemental des Yvelines<\/p><\/blockquote>\n<p class=\" wall-content\">L\u2019\u00e9lu souhaite en effet faire du plateau de Satory \u00ab\u2009le compl\u00e9ment naturel de Saclay\u2009\u00bb. \u00ab\u2009Les sciences sont pourvoyeuses d\u2019emploi,<b> <\/b>d\u2019<b>attractivit\u00e9<\/b> et de souverainet\u00e9, souligne Pierre B\u00e9dier. C\u2019est un cercle vertueux que nous avons souhait\u00e9 mettre en mouvement \u00e0 l\u2019\u00e9chelle de notre territoire.\u2009\u00bb<\/p>\n<p>    <img   decoding=\"async\" loading=\"lazy\" class=\"size-large\" src=\"https:\/\/www.europesays.com\/fr\/wp-content\/uploads\/2025\/10\/4898085ac8f866c98085ac8f850a80v-960x640.jpg\" alt=\"Le D\u00e9partement des Yvelines a financ\u00e9 \u00e0 hauteur de 104.8 millions d'euros le campus de l'innovation Mines Paris-PSL sur le plateau de Satory \u00e0 Versailles (Yvelines).\" width=\"960\" height=\"640\"\/><br \/>\n    Le D\u00e9partement des Yvelines a financ\u00e9 \u00e0 hauteur de 104,8 M\u20ac le campus de l\u2019innovation Mines Paris-PSL, install\u00e9 sur le plateau de Satory \u00e0 Versailles (Yvelines). \u00a9Florie Cedolin<\/p>\n<p>Votre r\u00e9gion, votre actu !<\/p>\n<p>Recevez chaque jour les infos qui comptent pour vous.<\/p>\n<p>\t<a href=\"https:\/\/actu.fr\/newsletter\" class=\"ac-btn ac-btn--corner ac-btn--medium ac-btn--blue800\" target=\"_blank\" rel=\"noopener\">S&rsquo;incrire<\/a><br \/>\nTrois laboratoires d\u2019excellence<\/p>\n<p class=\" wall-content\">Le campus couvre une surface totale de 15\u2009000\u00a0m2, dont 13\u2009000\u00a0m2 sont con\u00e7us pour accueillir <b>750\u00a0personnes<\/b>. \u00c0 terme, 300 chercheurs, doctorants et \u00e9tudiants, y \u00e9volueront. Le site dispose de trois laboratoires d\u2019excellence\u2009: un centre des mat\u00e9riaux, un centre \u00e9nergie, environnement et proc\u00e9d\u00e9s, et une antenne du centre de robotique.<\/p>\n<p class=\" wall-content\">Tous se penchent sur des sujets d\u2019avenir. Louise Marioton travaille par exemple sur la \u00ab\u2009d\u00e9termination de la fin de dur\u00e9e de vie d\u2019une pi\u00e8ce\u2009\u00bb. Gr\u00e2ce \u00e0 une d\u00e9marche de \u00ab<b>\u2009mod\u00e9lisation<\/b> avec un logiciel\u2009\u00bb, l\u2019objectif est de d\u00e9terminer \u00e0 quel moment une chambre de combustion de moteur d\u2019avion sera obsol\u00e8te. Il \u0153uvre ici pour le compte de la soci\u00e9t\u00e9 <a href=\"https:\/\/www.safran-group.com\/fr\/implantations\/france\/saint-quentin-yvelines-2077305\" target=\"_blank\" rel=\"noopener\">Safran<\/a>.<\/p>\n<p>    <img   decoding=\"async\" loading=\"lazy\" class=\"size-large\" src=\"https:\/\/www.europesays.com\/fr\/wp-content\/uploads\/2025\/10\/e205385ac8f86e605385ac8f8aa053v-960x640.jpg\" alt=\"Le campus de l'innovation Mines Paris-PSL inaugur\u00e9 ce mercredi 22 octobre 2025 \u00e0 Versailles (Yvelines) dispose de trois laboratoires d'excellence. Ici, le centre des mat\u00e9riaux.\" width=\"960\" height=\"640\"\/><br \/>\n    Parmi les trois laboratoires d\u2019excellence du campus de l\u2019innovation Mines Paris-PSL, \u00e0 Versailles (Yvelines), il y a un centre des mat\u00e9riaux. \u00a9Florie CedolinDes recherches tr\u00e8s diverses<\/p>\n<p class=\" wall-content\">Au centre \u00e9nergie, environnement et proc\u00e9d\u00e9s, \u00ab\u2009nous travaillons sur l\u2019<b>utilisation de l\u2019\u00e9nergie et de la mati\u00e8re<\/b> dans plusieurs secteurs\u2009\u00bb, r\u00e9sume Maroun Nemer, directeur de recherches.<\/p>\n<p class=\" wall-content\">Ces recherches portent par exemple sur la <b>d\u00e9carbonation<\/b> industrielle, mais aussi sur celle des mobilit\u00e9s ou encore sur une nouvelle g\u00e9n\u00e9ration de pompe \u00e0 chaleur, la capture du CO2, le cycle de vie d\u2019un b\u00e2timent\u2026<\/p>\n<blockquote class=\"ac-article-quote wall-content\">\n<p>\u00ab\u2009Faire danser les robots avec les humains, voil\u00e0 ce que nous faisons ici.\u2009\u00bb<\/p>\n<p>Godefroy Beauvallet, directeur g\u00e9n\u00e9ral des Mines Paris-PSL<\/p><\/blockquote>\n<blockquote class=\"tiktok-embed\" cite=\"https:\/\/www.tiktok.com\/@78actu\/video\/7563985008805973271\" data-video-id=\"7563985008805973271\" data-embed-from=\"oembed\" style=\"max-width:605px; min-width:325px;\"><p>\n<a target=\"_blank\" title=\"@78actu\" href=\"https:\/\/www.tiktok.com\/@78actu?refer=embed\" rel=\"noopener\">@78actu<\/a> <\/p>\n<p>A Versailles, sur le plateau de Satory, le campus de l\u2019innovation Mines Paris -PSL, s\u2019\u00e9tend sur 15000m2 et peut accueillir 750 personnes dont 300 chercheurs, doctorants et \u00e9tudiants <a title=\"versailles\" target=\"_blank\" href=\"https:\/\/www.tiktok.com\/tag\/versailles?refer=embed\" rel=\"noopener\">#versailles<\/a> <a title=\"yvelines\" target=\"_blank\" href=\"https:\/\/www.tiktok.com\/tag\/yvelines?refer=embed\" rel=\"noopener\">#yvelines<\/a> <a title=\"ecoledesmines\" target=\"_blank\" href=\"https:\/\/www.tiktok.com\/tag\/ecoledesmines?refer=embed\" rel=\"noopener\">#ecoledesmines<\/a> <\/p>\n<p> <a target=\"_blank\" title=\"\u266c Vlog - wouldliker\" href=\"https:\/\/www.tiktok.com\/music\/Vlog-7501680481626785808?refer=embed\" rel=\"noopener\">\u266c Vlog \u2013 wouldliker<\/a> <\/p>\n<\/blockquote>\n<p>Travailler avec tous les acteurs du territoire<\/p>\n<p class=\" wall-content\">Le campus a la volont\u00e9 de travailler avec tous les acteurs alentour, <b>publics comme priv\u00e9s<\/b>, et sera rejoint par <a href=\"https:\/\/actu.fr\/ile-de-france\/le-chesnay-rocquencourt_78158\/plu-ilot-le-notre-et-inria-comment-ces-projets-vont-transformer-le-chesnay-rocquencourt_62480014.html\" target=\"_blank\" rel=\"noopener\">l\u2019Inria<\/a>\u00a0en 2028 (actuellement bas\u00e9 au <a href=\"https:\/\/actu.fr\/ile-de-france\/le-chesnay-rocquencourt_78158\" target=\"_blank\" rel=\"noopener\">Chesnay-Rocquencourt<\/a>).<\/p>\n<p class=\" wall-content\">\u00ab\u2009On sera ouvert sur le territoire, r\u00e9sume le directeur g\u00e9n\u00e9ral. La <b>caf\u00e9t\u00e9ria<\/b> est d\u2019ailleurs ouverte \u00e0 tout le monde.\u2009\u00bb<\/p>\n<p>    <img   decoding=\"async\" loading=\"lazy\" class=\"size-large\" src=\"https:\/\/www.europesays.com\/fr\/wp-content\/uploads\/2025\/10\/100f385ac8f86640f385ac8f8690f3v-960x640.jpg\" alt=\"Le campus de l'innovation Mines Paris-PSL inaugur\u00e9 ce mercredi 22 octobre 2025 \u00e0 Versailles (Yvelines) dispose de trois laboratoires d'excellence. Ici, le centre \u00e9nergie, environnement et proc\u00e9d\u00e9s.\" width=\"960\" height=\"640\"\/><br \/>\n    Le campus de l\u2019innovation Mines Paris-PSL, inaugur\u00e9 ce mercredi 22\u00a0octobre 2025 \u00e0 Versailles (Yvelines), dispose de trois laboratoires d\u2019excellence. Ici, le centre \u00e9nergie, environnement et proc\u00e9d\u00e9s. \u00a9Florie CedolinUne r\u00e9ponse \u00e0 la croissance des effectifs<\/p>\n<p class=\" wall-content\">Le b\u00e2timent dispose \u00e9galement d\u2019une biblioth\u00e8que et de bureaux en \u00e9tages. Il permet \u00e0 l\u2019\u00e9cole des Mines de faire face \u00e0 la croissance de ses effectifs dans l\u2019enseignement sup\u00e9rieur et la recherche \u2013 <b>+\u00a012\u2009%<\/b><b> en dix ans<\/b> -, mais aussi de cr\u00e9er des passerelles entre diff\u00e9rents mondes\u2009: acad\u00e9miques, \u00e9conomiques, collectivit\u00e9s et \u00e9tablissements scolaires.<\/p>\n<p class=\" wall-content\">\u00ab\u2009C\u2019est une d\u00e9monstration de ce qui est important pour que la France aille bien, estime <a href=\"https:\/\/actu.fr\/tag\/francois-de-mazieres\" target=\"_blank\" rel=\"noopener\">Fran\u00e7ois de Mazi\u00e8res<\/a>, maire de Versailles et pr\u00e9sident de Versailles Grand Parc. Une <b>belle collaboration<\/b>.\u2009\u00bb<\/p>\n<p class=\" wall-content\">Personnalisez votre actualit\u00e9 en ajoutant vos villes et m\u00e9dias en favori avec <a href=\"https:\/\/moncompte.actu.fr\" title=\"D\u00e9couvez Mon Actu\" rel=\"nofollow noopener\" data-trk=\"{&quot;cta&quot;:{&quot;action&quot;:&quot;https:\\\/\\\/moncompte.actu.fr&quot;,&quot;category&quot;:&quot;mon compte&quot;,&quot;from&quot;:&quot;article footer&quot;,&quot;name&quot;:&quot;Mon actu&quot;,&quot;type&quot;:&quot;cta&quot;}}\" target=\"_blank\">Mon Actu<\/a>.<\/p>\n<p>                    <script async src=\"\/\/www.tiktok.com\/embed.js\"><\/script><\/p>\n","protected":false},"excerpt":{"rendered":"Par Florie Cedolin Publi\u00e9 le 22 oct. 2025 \u00e0 17h16 \u00c0 quel moment une chambre de combustion dans&hellip;\n","protected":false},"author":2,"featured_media":482334,"comment_status":"","ping_status":"","sticky":false,"template":"","format":"standard","meta":{"footnotes":""},"categories":[1888],"tags":[11,1777,674,1011,27,5701,12,626,25,2631],"class_list":{"0":"post-482333","1":"post","2":"type-post","3":"status-publish","4":"format-standard","5":"has-post-thumbnail","7":"category-paris","8":"tag-actualites","9":"tag-eu","10":"tag-europe","11":"tag-fr","12":"tag-france","13":"tag-innovation","14":"tag-news","15":"tag-paris","16":"tag-republique-francaise","17":"tag-sciences-technologie"},"share_on_mastodon":{"url":"https:\/\/pubeurope.com\/@fr\/115418656558414867","error":""},"_links":{"self":[{"href":"https:\/\/www.europesays.com\/fr\/wp-json\/wp\/v2\/posts\/482333","targetHints":{"allow":["GET"]}}],"collection":[{"href":"https:\/\/www.europesays.com\/fr\/wp-json\/wp\/v2\/posts"}],"about":[{"href":"https:\/\/www.europesays.com\/fr\/wp-json\/wp\/v2\/types\/post"}],"author":[{"embeddable":true,"href":"https:\/\/www.europesays.com\/fr\/wp-json\/wp\/v2\/users\/2"}],"replies":[{"embeddable":true,"href":"https:\/\/www.europesays.com\/fr\/wp-json\/wp\/v2\/comments?post=482333"}],"version-history":[{"count":0,"href":"https:\/\/www.europesays.com\/fr\/wp-json\/wp\/v2\/posts\/482333\/revisions"}],"wp:featuredmedia":[{"embeddable":true,"href":"https:\/\/www.europesays.com\/fr\/wp-json\/wp\/v2\/media\/482334"}],"wp:attachment":[{"href":"https:\/\/www.europesays.com\/fr\/wp-json\/wp\/v2\/media?parent=482333"}],"wp:term":[{"taxonomy":"category","embeddable":true,"href":"https:\/\/www.europesays.com\/fr\/wp-json\/wp\/v2\/categories?post=482333"},{"taxonomy":"post_tag","embeddable":true,"href":"https:\/\/www.europesays.com\/fr\/wp-json\/wp\/v2\/tags?post=482333"}],"curies":[{"name":"wp","href":"https:\/\/api.w.org\/{rel}","templated":true}]}}