{"id":482335,"date":"2025-10-22T16:01:23","date_gmt":"2025-10-22T16:01:23","guid":{"rendered":"https:\/\/www.europesays.com\/fr\/482335\/"},"modified":"2025-10-22T16:01:23","modified_gmt":"2025-10-22T16:01:23","slug":"le-jdn-vous-offre-un-code-promo-pour-le-grand-rendez-vous-de-la-proptech","status":"publish","type":"post","link":"https:\/\/www.europesays.com\/fr\/482335\/","title":{"rendered":"le JDN vous offre un code promo pour le grand rendez-vous de la proptech"},"content":{"rendered":"<p class=\"app_entry_lead\">\n                            <a title=\"\u00a0\u00a9\u00a0C-E. Bidard\" href=\"https:\/\/www.europesays.com\/fr\/wp-content\/uploads\/2025\/10\/39528473.jpg\" class=\"fancy\"><\/p>\n<p>                        <img loading=\"lazy\" decoding=\"async\" src=\"https:\/\/www.europesays.com\/fr\/wp-content\/uploads\/2025\/10\/39528473.jpg\" alt=\"RENT Paris 2025\u00a0: le JDN vous offre un code promo pour le grand rendez-vous de la proptech\" width=\"1500\" height=\"1000\"\/><\/p>\n<p>                <\/a><br \/>\n                Les professionnels de l&rsquo;immobilier ont rendez-vous les 5\u00a0et 6\u00a0novembre Porte de Versailles \u00e0 Paris pour la nouvelle \u00e9dition de RENT, l&rsquo;\u00e9v\u00e9nement europ\u00e9en d\u00e9di\u00e9 aux innovations et technologies de l&rsquo;immobilier.        <\/p>\n<p>Le salon RENT (Real Estate &amp; New Tech), rendez-vous incontournable du secteur immobilier, tiendra sa prochaine \u00e9dition les mercredi 5\u00a0et jeudi 6\u00a0novembre 2025\u00a0au Pavillon 6\u00a0de Paris Expo Porte de Versailles. Agents immobiliers, administrateurs de biens, gestionnaires, investisseurs, promoteurs, notaires&#8230; Au total 12\u00a0000\u00a0professionnels sont attendus pour d\u00e9couvrir comment les derni\u00e8res innovations technologiques et digitales transforment leur m\u00e9tier.<\/p>\n<p>Au programme cette ann\u00e9e\u00a0: plus de 120\u00a0conf\u00e9rences, tables rondes et ateliers anim\u00e9s par des experts reconnus. Parmi les temps forts, des d\u00e9bats sur des sujets cl\u00e9s comme \u00ab\u00a0Les influenceurs immobiliers\u00a0: menace ou opportunit\u00e9 pour les agents traditionnels\u00a0?\u00a0\u00bb ou encore \u00ab\u00a0Devenez la r\u00e9f\u00e9rence locale\u00a0: le pouvoir du personal branding\u00a0\u00bb.<\/p>\n<p>C\u00f4t\u00e9 exposition, plus de 400\u00a0entreprises leaders et startups innovantes pr\u00e9senteront leurs derni\u00e8res solutions lors de cette \u00e9dition 2025. De quoi permettre aux visiteurs de se tenir \u00e0 la pointe sur tous les aspects de leur activit\u00e9\u00a0: r\u00e9f\u00e9rencement local, marketplaces immobili\u00e8res, outils de transaction, solutions de gestion, domotique, r\u00e9novation \u00e9nerg\u00e9tique, etc. L&rsquo;occasion aussi de networker efficacement et de nouer des partenariats fructueux.\u00a0Autre temps fort attendu\u00a0: la soir\u00e9e du mercredi qui accueillera le Festival de la Proptech jusqu&rsquo;\u00e0 21h30.<\/p>\n<p>L&rsquo;\u00e9v\u00e9nement est payant avec des pass 1\u00a0ou 2\u00a0jours, en pr\u00e9sentiel ou en ligne. Il est possible pour les professionnels de l&rsquo;immobilier de valider des heures de formation obligatoires en assistant \u00e0 au moins 2\u00a0heures de conf\u00e9rences.\u00a0En tant que partenaire m\u00e9dia, le JDN propose \u00e0 ses lecteurs <strong>un tarif pr\u00e9f\u00e9rentiel de 150\u20ac HT pour un Pass 2\u00a0jours (au lieu de 390\u20ac) <\/strong>avec le code RENT2025JOURNALDUNETPARTNERS. <a href=\"https:\/\/paris.rent.immo\/fr\/content\/billetterie-partenaire-etape-1-\" rel=\"nofollow noopener\" target=\"_blank\">Pour en profiter, c&rsquo;est ici<\/a>.<\/p>\n","protected":false},"excerpt":{"rendered":"Les professionnels de l&rsquo;immobilier ont rendez-vous les 5\u00a0et 6\u00a0novembre Porte de Versailles \u00e0 Paris pour la nouvelle \u00e9dition&hellip;\n","protected":false},"author":2,"featured_media":482336,"comment_status":"","ping_status":"","sticky":false,"template":"","format":"standard","meta":{"footnotes":""},"categories":[1888],"tags":[11,60564,51761,1777,674,51763,1011,27,1116,12,51767,626,25],"class_list":{"0":"post-482335","1":"post","2":"type-post","3":"status-publish","4":"format-standard","5":"has-post-thumbnail","7":"category-paris","8":"tag-actualites","9":"tag-cms-journaldunet-1545493","10":"tag-controller-content","11":"tag-eu","12":"tag-europe","13":"tag-format-papier","14":"tag-fr","15":"tag-france","16":"tag-immobilier","17":"tag-news","18":"tag-parallaxeinfeed","19":"tag-paris","20":"tag-republique-francaise"},"share_on_mastodon":{"url":"https:\/\/pubeurope.com\/@fr\/115418659936016098","error":""},"_links":{"self":[{"href":"https:\/\/www.europesays.com\/fr\/wp-json\/wp\/v2\/posts\/482335","targetHints":{"allow":["GET"]}}],"collection":[{"href":"https:\/\/www.europesays.com\/fr\/wp-json\/wp\/v2\/posts"}],"about":[{"href":"https:\/\/www.europesays.com\/fr\/wp-json\/wp\/v2\/types\/post"}],"author":[{"embeddable":true,"href":"https:\/\/www.europesays.com\/fr\/wp-json\/wp\/v2\/users\/2"}],"replies":[{"embeddable":true,"href":"https:\/\/www.europesays.com\/fr\/wp-json\/wp\/v2\/comments?post=482335"}],"version-history":[{"count":0,"href":"https:\/\/www.europesays.com\/fr\/wp-json\/wp\/v2\/posts\/482335\/revisions"}],"wp:featuredmedia":[{"embeddable":true,"href":"https:\/\/www.europesays.com\/fr\/wp-json\/wp\/v2\/media\/482336"}],"wp:attachment":[{"href":"https:\/\/www.europesays.com\/fr\/wp-json\/wp\/v2\/media?parent=482335"}],"wp:term":[{"taxonomy":"category","embeddable":true,"href":"https:\/\/www.europesays.com\/fr\/wp-json\/wp\/v2\/categories?post=482335"},{"taxonomy":"post_tag","embeddable":true,"href":"https:\/\/www.europesays.com\/fr\/wp-json\/wp\/v2\/tags?post=482335"}],"curies":[{"name":"wp","href":"https:\/\/api.w.org\/{rel}","templated":true}]}}