{"id":482337,"date":"2025-10-22T16:02:16","date_gmt":"2025-10-22T16:02:16","guid":{"rendered":"https:\/\/www.europesays.com\/fr\/482337\/"},"modified":"2025-10-22T16:02:16","modified_gmt":"2025-10-22T16:02:16","slug":"le-chef-detat-major-des-armees-alerte-sur-un-futur-conflit-avec-la-russie","status":"publish","type":"post","link":"https:\/\/www.europesays.com\/fr\/482337\/","title":{"rendered":"le chef d&rsquo;\u00e9tat-major des Arm\u00e9es alerte sur un futur conflit avec la Russie"},"content":{"rendered":"<p>            Par<br \/>\n        <strong><br \/>\n            <a href=\"https:\/\/actu.fr\/auteur\/redaction-actu\" title=\"Consulter tous les articles de R\u00e9daction Actu\" rel=\"nofollow noopener\" target=\"_blank\">R\u00e9daction Actu<\/a><br \/>\n        <\/strong><\/p>\n<p>        Publi\u00e9 le<\/p>\n<p>            22 oct. 2025 \u00e0 17h57        <\/p>\n<p>L\u2019arm\u00e9e fran\u00e7aise doit \u00eatre <strong>\u00ab\u00a0pr\u00eate \u00e0 un choc dans trois, quatre ans\u00a0\u00bb<\/strong> face \u00e0 la Russie, qui \u00ab\u00a0peut \u00eatre tent\u00e9e de poursuivre la guerre sur notre continent\u00a0\u00bb, a affirm\u00e9 mercredi 22 octobre 2025 le chef d\u2019\u00e9tat-major des Arm\u00e9es fran\u00e7ais, le g\u00e9n\u00e9ral Fabien Mandon, pour justifier \u00ab\u00a0l\u2019effort de r\u00e9armement\u00a0\u00bb du pays.<\/p>\n<p>\u00ab\u00a0Un choc dans trois, quatre ans\u00a0\u00bb selon le chef d\u2019\u00e9tat-major des Arm\u00e9es fran\u00e7ais<\/p>\n<p class=\" wall-content\">\u00ab\u00a0Le premier objectif que j\u2019ai donn\u00e9 aux arm\u00e9es, c\u2019est de se tenir pr\u00eates \u00e0 un choc dans trois, quatre ans qui serait une forme de test \u2013 peut-\u00eatre le test existe d\u00e9j\u00e0 sous des formes hybrides \u2013 mais peut-\u00eatre (quelque chose de) plus violent\u00a0\u00bb, a d\u00e9clar\u00e9 le plus haut grad\u00e9 fran\u00e7ais devant les d\u00e9put\u00e9s de la commission de la D\u00e9fense.<\/p>\n<blockquote class=\"ac-article-quote wall-content\">\n<p>La Russie est un pays qui peut \u00eatre tent\u00e9 de poursuivre la guerre sur notre continent et c&rsquo;est l&rsquo;\u00e9l\u00e9ment d\u00e9terminant dans ce que je pr\u00e9pare.<\/p>\n<p>    <strong>G\u00e9n\u00e9ral Fabien Mandon<\/strong><br \/>\n        Chef d&rsquo;\u00e9tat-major des Arm\u00e9es fran\u00e7ais    <\/p><\/blockquote>\n<p class=\" wall-content\">Son analyse rejoint notamment celle des services secrets allemands qui ont mis en garde la semaine pass\u00e9e contre la Russie, pr\u00eate selon eux \u00e0 <strong>\u00ab\u00a0entrer en conflit militaire direct avec l\u2019Otan\u00a0\u00bb<\/strong>, une menace qui pourrait se concr\u00e9tiser avant 2029.<\/p>\n<p class=\" wall-content\">Moscou a la \u00ab\u00a0perception d\u2019une Europe collectivement faible\u00a0\u00bb, selon le g\u00e9n\u00e9ral Mandon, qui observe une \u00ab\u00a0d\u00e9sinhibition du recours \u00e0 la force\u00a0\u00bb c\u00f4t\u00e9 russe.<\/p>\n<p class=\" wall-content\">Pourtant,\u00a0\u00ab\u00a0on a tout pour \u00eatre s\u00fbrs de nous\u00a0\u00bb, a-t-il martel\u00e9, rappelant que du point de vue \u00e9conomique, d\u00e9mographique ou industriel, les Europ\u00e9ens l\u2019emportaient sur <a href=\"https:\/\/actu.fr\/tag\/russie\" rel=\"nofollow noopener\" target=\"_blank\">la Russie<\/a>.<\/p>\n<p>Votre r\u00e9gion, votre actu !<\/p>\n<p>Recevez chaque jour les infos qui comptent pour vous.<\/p>\n<p>\t<a href=\"https:\/\/actu.fr\/newsletter\" class=\"ac-btn ac-btn--corner ac-btn--medium ac-btn--blue800\" rel=\"nofollow noopener\" target=\"_blank\">S&rsquo;incrire<\/a><br \/>\nLe budget de la d\u00e9fense en hausse de 13%<\/p>\n<p class=\" wall-content\">\u00ab\u00a0La Russie ne peut pas nous faire peur si on a envie de se d\u00e9fendre\u00a0\u00bb, a-t-il lanc\u00e9.<br \/>L\u2019augmentation du budget militaire est donc pour lui \u00ab\u00a0fondamentale, d\u00e9j\u00e0 dans les perceptions\u00a0\u00bb.<\/p>\n<blockquote class=\"ac-article-quote wall-content\">\n<p>Si nos rivaux potentiels, nos adversaires per\u00e7oivent que nous consacrons un effort pour nous d\u00e9fendre et que nous avons cette d\u00e9termination, alors il peut renoncer. S&rsquo;il a le sentiment qu&rsquo;on n&rsquo;est pas pr\u00eat \u00e0 se d\u00e9fendre, je ne vois pas ce qui peut l&rsquo;arr\u00eater.<\/p>\n<p>    <strong\/>\n            <\/p><\/blockquote>\n<p class=\" wall-content\"><a href=\"https:\/\/actu.fr\/economie\/meme-en-periode-de-crise-politique-en-france-on-ne-touche-pas-au-budget-des-armees_62141317.html\" rel=\"nofollow noopener\" target=\"_blank\">Le projet de budget de la d\u00e9fense<\/a> pr\u00e9voit de le porter \u00e0<strong> 57,1 milliards d\u2019euros pour 2026<\/strong>, soit une hausse de 13%, portant l\u2019effort budg\u00e9taire pour les arm\u00e9es \u00e0 2,2% du PIB, selon la ministre fran\u00e7aise des Arm\u00e9es Catherine Vautrin.<\/p>\n<p class=\" wall-content\">Au-del\u00e0 de la menace pos\u00e9e par la Russie, ce r\u00e9armement est selon le g\u00e9n\u00e9ral Mandon rendu n\u00e9cessaire par la superposition des crises et des menaces, du terrorisme au Moyen-Orient. Selon lui, \u00ab\u00a0\u00e7a craque de partout\u00a0\u00bb.<\/p>\n<p class=\" wall-content\"><strong>Avec AFP<\/strong><\/p>\n<p class=\" wall-content\">Personnalisez votre actualit\u00e9 en ajoutant vos villes et m\u00e9dias en favori avec <a href=\"https:\/\/moncompte.actu.fr\" title=\"D\u00e9couvez Mon Actu\" rel=\"nofollow noopener\" data-trk=\"{&quot;cta&quot;:{&quot;action&quot;:&quot;https:\\\/\\\/moncompte.actu.fr&quot;,&quot;category&quot;:&quot;mon compte&quot;,&quot;from&quot;:&quot;article footer&quot;,&quot;name&quot;:&quot;Mon actu&quot;,&quot;type&quot;:&quot;cta&quot;}}\" target=\"_blank\">Mon Actu<\/a>.<\/p>\n","protected":false},"excerpt":{"rendered":"Par R\u00e9daction Actu Publi\u00e9 le 22 oct. 2025 \u00e0 17h57 L\u2019arm\u00e9e fran\u00e7aise doit \u00eatre \u00ab\u00a0pr\u00eate \u00e0 un choc&hellip;\n","protected":false},"author":2,"featured_media":482338,"comment_status":"","ping_status":"","sticky":false,"template":"","format":"standard","meta":{"footnotes":""},"categories":[1591],"tags":[11,1813,1887,12,316,1885,1886,132],"class_list":{"0":"post-482337","1":"post","2":"type-post","3":"status-publish","4":"format-standard","5":"has-post-thumbnail","7":"category-russie","8":"tag-actualites","9":"tag-armee","10":"tag-federation-de-russie","11":"tag-news","12":"tag-politique","13":"tag-russia","14":"tag-russian-federation","15":"tag-russie"},"share_on_mastodon":{"url":"https:\/\/pubeurope.com\/@fr\/115418663796755308","error":""},"_links":{"self":[{"href":"https:\/\/www.europesays.com\/fr\/wp-json\/wp\/v2\/posts\/482337","targetHints":{"allow":["GET"]}}],"collection":[{"href":"https:\/\/www.europesays.com\/fr\/wp-json\/wp\/v2\/posts"}],"about":[{"href":"https:\/\/www.europesays.com\/fr\/wp-json\/wp\/v2\/types\/post"}],"author":[{"embeddable":true,"href":"https:\/\/www.europesays.com\/fr\/wp-json\/wp\/v2\/users\/2"}],"replies":[{"embeddable":true,"href":"https:\/\/www.europesays.com\/fr\/wp-json\/wp\/v2\/comments?post=482337"}],"version-history":[{"count":0,"href":"https:\/\/www.europesays.com\/fr\/wp-json\/wp\/v2\/posts\/482337\/revisions"}],"wp:featuredmedia":[{"embeddable":true,"href":"https:\/\/www.europesays.com\/fr\/wp-json\/wp\/v2\/media\/482338"}],"wp:attachment":[{"href":"https:\/\/www.europesays.com\/fr\/wp-json\/wp\/v2\/media?parent=482337"}],"wp:term":[{"taxonomy":"category","embeddable":true,"href":"https:\/\/www.europesays.com\/fr\/wp-json\/wp\/v2\/categories?post=482337"},{"taxonomy":"post_tag","embeddable":true,"href":"https:\/\/www.europesays.com\/fr\/wp-json\/wp\/v2\/tags?post=482337"}],"curies":[{"name":"wp","href":"https:\/\/api.w.org\/{rel}","templated":true}]}}