{"id":482360,"date":"2025-10-22T16:15:14","date_gmt":"2025-10-22T16:15:14","guid":{"rendered":"https:\/\/www.europesays.com\/fr\/482360\/"},"modified":"2025-10-22T16:15:14","modified_gmt":"2025-10-22T16:15:14","slug":"apres-sa-finale-a-almaty-corentin-moutet-demarre-fort-a-latp-500-de-vienne-lequipe","status":"publish","type":"post","link":"https:\/\/www.europesays.com\/fr\/482360\/","title":{"rendered":"Apr\u00e8s sa finale \u00e0 Almaty, Corentin Moutet d\u00e9marre fort \u00e0 l&#039;ATP 500 de Vienne &#8211; L&#039;\u00c9quipe"},"content":{"rendered":"<ol>\n<li><a href=\"https:\/\/news.google.com\/rss\/articles\/CBMiwgFBVV95cUxQcE9ldFA5LTVUTF9oemEta3BGNTEwbTF6SjZ5aDNKU3BCX0I0UVkwMklTZUxWSlpYU1JmZ2YzdXcycTBZSmdPR1VvVUgxd01HcWIyX0NJSlZXWXJWMVNIYkJvNXVCODczMTJjbkUxcWEwWEVWb28yS1NQMXphM0Y1Z0I1MjlRNmQ5eGZuajFWTjYybHpiWUlPaXB1TmdwVFluTVl0dkVxWUpqVWI1WS1Bc2ZmV2N0YTNmYWJlbk14R0hDdw?oc=5\" target=\"_blank\" rel=\"nofollow noopener\">Apr\u00e8s sa finale \u00e0 Almaty, Corentin Moutet d\u00e9marre fort \u00e0 l&rsquo;ATP 500 de Vienne<\/a>&nbsp;&nbsp;L&rsquo;\u00c9quipe<\/li>\n<li><a href=\"https:\/\/news.google.com\/rss\/articles\/CBMigAJBVV95cUxOLUY4bGxWbXFhY1RmMUhNWlAwbGh5ejYxeXFocmpzVVdQaEVyTVFuakVzdVprOTdFTkNZU1c4Mk5MaEVxaVRNVTcwNGgwcEdOWVJ1SWNLdVVCeUhQMFhqc2dPMUpVSDFvUktnX0hsMWc5QUpkVFlBdnA3Y1R4WERoVUZtM1l3VHBxbExPZURXeTVtY0h4WVVBYnRxQS0xZTZ4TFFrMk05VG1oTW8zQUd0MlNIVVhGVWVqZGpDUTE4RVd4Uy1NdG5uU08zT1gyeVFCYzlZNENBdExOaFFKTEtLc0pmaHpkY1VSUkkycWtxQndjNXo1NXRyc0hrWEVXRTZn?oc=5\" target=\"_blank\" rel=\"nofollow noopener\">Moutet est pr\u00eat pour les retrouvailles avec Medvedev<\/a>&nbsp;&nbsp;Eurosport<\/li>\n<li><a href=\"https:\/\/news.google.com\/rss\/articles\/CBMipgFBVV95cUxPbmVyX3lNMmplUjR3MUNRWUJfVGltUVhycVBBZENMTVIxNS11d1JkWHZwNWVzUThxcDBUN25hZmhqdWY1S2hCYnFySjVvYnFMZm90cV9vbTJheWNkU3NEMUFrSHBpU3VySGJhU1JsTXllTUhRV2pDMmd6d2owLUZsdlpDWG5SOVNhVFpUUDdpU3h2V3pWN0ViVW9vTGRLZnVhMWEwc19n0gGkAUFVX3lxTE81UFhVRWpRc1JlRWNYOGNoQXFFR0xSeGFyOW9FYVQyMWh2RkdWUTJXdmYtczZTUUM0LUV1M2o1UkdCU0pTMlcwTWRYMTl5XzNVYS1mY3RVWG5yU295amJseFBNN0pUUlRCYWJlMGUwOEJNVjFHcFU1bkI4Z2FBMWpZQm1ob1JFeWhTVmxJX3pNMG9BdTlvLWZkR0NWbmRYMl9hRzZr?oc=5\" target=\"_blank\" rel=\"nofollow noopener\">ATP &#8211; Vienne : Moutet facile face \u00e0 Dzumhur : Sports &#8211; Orange<\/a>&nbsp;&nbsp;Orange<\/li>\n<li><a href=\"https:\/\/news.google.com\/rss\/articles\/CBMif0FVX3lxTE45aXRvN3ZEdnAtVE5fbEgwcFJOOHpTTC0yY0pEc3dXTGE2Ry1QVUJXQkRkM2JacFhJR2Vsa1Vjcm5RYlpWeVh2a3ZyM2ZOSURjT0JYbmYzTnZtVUtCNVFfZTFEUHF1TkoyVjh1QjVrOWdhejN2N2QzYzE5XzhTS2s?oc=5\" target=\"_blank\" rel=\"nofollow noopener\">Pronostic Damir Dzumhur &#8211; Corentin Moutet, ATP Vienne<\/a>&nbsp;&nbsp;SportyTrader<\/li>\n<li><a href=\"https:\/\/news.google.com\/rss\/articles\/CBMilgFBVV95cUxNZDR6bjN1b3NyaXJUczcwV1BmbjVIUGtPc0tmeDRGQnFaT2pEUEhzNTVaNlU5UFBuUXQtMVRPemE0eGpkU0gzTXo1anhBbXNZb1RrWjV5aEg2YnI4VjQwUUhFeHFKSXhGUU9UU3F3eEZzTm8xaFd4aVBaWl9sdkI0N2ZEemJpaXFDRlVKLWlsSUZEUDUtcFHSAZsBQVVfeXFMT0pFZ3pOaWN3bFEwR0NjVTNHUkN0YjR5cF83a2M5YmYxYUJmdnhldndOd1VfUUthMVdwbkFTelNSU1k0c3V5VzV3b1A2SWFOTmZmblBIXzM0aVd3U3hhVkR3STVwcXFmckt4Tm0xUTJBS0xEdVctbGdCN2g1U1IxVTUxZnRLR0VPY2lBX2N3THhwV1lCMVdvNkMwZFk?oc=5\" target=\"_blank\" rel=\"nofollow noopener\">ATP 500 de Vienne : Moutet d\u00e9roule jusqu\u2019en huiti\u00e8mes<\/a>&nbsp;&nbsp;Sport.fr<\/li>\n<\/ol>\n","protected":false},"excerpt":{"rendered":"Apr\u00e8s sa finale \u00e0 Almaty, Corentin Moutet d\u00e9marre fort \u00e0 l&rsquo;ATP 500 de Vienne&nbsp;&nbsp;L&rsquo;\u00c9quipe Moutet est pr\u00eat pour&hellip;\n","protected":false},"author":2,"featured_media":482361,"comment_status":"","ping_status":"","sticky":false,"template":"","format":"standard","meta":{"footnotes":""},"categories":[1415],"tags":[1011,27,60,1467],"class_list":{"0":"post-482360","1":"post","2":"type-post","3":"status-publish","4":"format-standard","5":"has-post-thumbnail","7":"category-tennis","8":"tag-fr","9":"tag-france","10":"tag-sports","11":"tag-tennis"},"share_on_mastodon":{"url":"https:\/\/pubeurope.com\/@fr\/115418714715237881","error":""},"_links":{"self":[{"href":"https:\/\/www.europesays.com\/fr\/wp-json\/wp\/v2\/posts\/482360","targetHints":{"allow":["GET"]}}],"collection":[{"href":"https:\/\/www.europesays.com\/fr\/wp-json\/wp\/v2\/posts"}],"about":[{"href":"https:\/\/www.europesays.com\/fr\/wp-json\/wp\/v2\/types\/post"}],"author":[{"embeddable":true,"href":"https:\/\/www.europesays.com\/fr\/wp-json\/wp\/v2\/users\/2"}],"replies":[{"embeddable":true,"href":"https:\/\/www.europesays.com\/fr\/wp-json\/wp\/v2\/comments?post=482360"}],"version-history":[{"count":0,"href":"https:\/\/www.europesays.com\/fr\/wp-json\/wp\/v2\/posts\/482360\/revisions"}],"wp:featuredmedia":[{"embeddable":true,"href":"https:\/\/www.europesays.com\/fr\/wp-json\/wp\/v2\/media\/482361"}],"wp:attachment":[{"href":"https:\/\/www.europesays.com\/fr\/wp-json\/wp\/v2\/media?parent=482360"}],"wp:term":[{"taxonomy":"category","embeddable":true,"href":"https:\/\/www.europesays.com\/fr\/wp-json\/wp\/v2\/categories?post=482360"},{"taxonomy":"post_tag","embeddable":true,"href":"https:\/\/www.europesays.com\/fr\/wp-json\/wp\/v2\/tags?post=482360"}],"curies":[{"name":"wp","href":"https:\/\/api.w.org\/{rel}","templated":true}]}}