{"id":482362,"date":"2025-10-22T16:17:18","date_gmt":"2025-10-22T16:17:18","guid":{"rendered":"https:\/\/www.europesays.com\/fr\/482362\/"},"modified":"2025-10-22T16:17:18","modified_gmt":"2025-10-22T16:17:18","slug":"fernandez-limmense-talent-qui-a-repris-confiance","status":"publish","type":"post","link":"https:\/\/www.europesays.com\/fr\/482362\/","title":{"rendered":"Fern\u00e1ndez, \u00ab\u00a0l&rsquo;immense talent\u00a0\u00bb qui a repris confiance"},"content":{"rendered":"<p><a href=\"https:\/\/fr.motorsport.com\/driver\/raul-fernandez\/443094\/\" target=\"_blank\" rel=\"noopener\">Ra\u00fal Fern\u00e1ndez<\/a> \u00e9tait tr\u00e8s attendu \u00e0 ses d\u00e9buts en MotoGP en 2022. Son unique saison en Moto2 avait marqu\u00e9 les esprits, avec huit victoires en 18 d\u00e9parts, et un titre perdu pour seulement quatre points face \u00e0 Remy Garder. La saison de l&rsquo;Espagnol en cat\u00e9gorie reine, chez Tech3, n&rsquo;a pas \u00e9t\u00e9 tr\u00e8s convaincante mais il a pu rebondir chez RNF, l&rsquo;\u00e9quipe satellite d&rsquo;Aprilia, en 2023&#8230; toujours sans briller.<\/p>\n<p>Malgr\u00e9 des d\u00e9convenues r\u00e9guli\u00e8res, Fern\u00e1ndez est rest\u00e9 dans l&rsquo;\u00e9quipe quand elle s&rsquo;est mu\u00e9e en Trackhouse l&rsquo;an pass\u00e9, plus sur la foi d&rsquo;un potentiel que de ses r\u00e9sultats. Les coups d&rsquo;\u00e9clat sont rest\u00e9s rares, malgr\u00e9 une premi\u00e8re ligne au Sahsenring l&rsquo;an pass\u00e9, et il est rest\u00e9 un abonn\u00e9 aux derni\u00e8res positions en d\u00e9but de saison, avant d&rsquo;amorcer sa progression au printemps.<\/p>\n<p>\u00c0 partir du GP de France, Fern\u00e1ndez est devenu un candidat r\u00e9gulier au top 10, dans lequel il est entr\u00e9 \u00e0 dix reprises lors des 14 derni\u00e8res cours principales. Sa progression s&rsquo;est acc\u00e9l\u00e9r\u00e9e lors de la tourn\u00e9e outre-mer, avec la troisi\u00e8me place lors du sprint de Mandalika, la deuxi\u00e8me dans celui de Phillip Island, et surtout la victoire le lendemain en course principale, en se montrant dominateur apr\u00e8s les long-laps de <a href=\"https:\/\/fr.motorsport.com\/driver\/marco-bezzecchi\/441839\/\" target=\"_blank\" rel=\"noopener\">Marco Bezzecchi<\/a>.<\/p>\n<p>La progression de Fern\u00e1ndez trouve de multiples explications, entre une Aprilia avec laquelle il est de plus en plus familier, le regain de forme de la machine italienne, mais aussi une \u00e9volution personnelle. Pendant l&rsquo;\u00e9t\u00e9, Fern\u00e1ndez a <a href=\"https:\/\/fr.motorsport.com\/motogp\/news\/raul-fernandez-reunion-determinante-davide-brivio-brno\/10744403\/\" target=\"_blank\" rel=\"noopener\">mis en avant ses discussions avec Davide Brivio<\/a> et ce dernier a per\u00e7u des changements chez son pilote.<\/p>\n<p>\u00ab\u00a0Je dois dire que dans les derni\u00e8res courses, sa confiance a grimp\u00e9 avec les r\u00e9sultats\u00a0\u00bb, a confi\u00e9 le patron de l&rsquo;\u00e9quipe Trackhouse au site officiel du MotoGP. \u00ab\u00a0En am\u00e9liorant les positions, les r\u00e9sultats, il a pris confiance en lui. C&rsquo;est la cerise sur le g\u00e2teau dans ce chemin\u00a0!\u00a0\u00bb<\/p>\n<p>   <img decoding=\"async\" draggable=\"false\" src=\"https:\/\/www.europesays.com\/fr\/wp-content\/uploads\/2025\/10\/1761149833_768_raul-fernandez-trackhouse-raci.jpg\" alt=\"Raul Fernandez, Trackhouse Racing\" width=\"1200\" height=\"800\" loading=\"lazy\"\/> <\/p>\n<p class=\"title\">Ra\u00fal Fern\u00e1ndez<\/p>\n<p class=\"photographer\">Photo de: Gold and Goose Photography \/ LAT Images \/ via Getty Images<\/p>\n<p>\u00ab\u00a0Petit \u00e0 petit, au Mans nous avons commenc\u00e9 \u00e0 \u00eatre dans le top 10, nous sommes rest\u00e9s \u00e0 ce niveau pendant plusieurs courses\u00a0\u00bb, a ajout\u00e9 Brivio. \u00ab\u00a0Nous avons essay\u00e9 d&rsquo;atteindre le top 7, puis tout \u00e0 coup, il a \u00e9t\u00e9 sur le podium lors des deux derniers week-ends.\u00a0\u00bb<\/p>\n<p>\u00ab\u00a0Je suis content parce qu&rsquo;il peut montrer son talent, et [dimanche], il a montr\u00e9 qu&rsquo;il peut aussi \u00eatre intelligent, bon dans une gestion de course. Il est arriv\u00e9 ici tr\u00e8s enthousiaste apr\u00e8s le podium de Mandalika donc il a probablement pris confiance. Cela l&rsquo;a aid\u00e9 \u00e0 gagner en confiance en lui et \u00e0 progresser.\u00a0\u00bb<\/p>\n<p>Une confiance mutuelle importante<\/p>\n<p>C&rsquo;est \u00e9galement parce qu&rsquo;il a toujours senti de la confiance dans les yeux des membres de l&rsquo;\u00e9quipe Trackhouse que Ra\u00fal Fern\u00e1ndez a pu construire la sienne. \u00ab\u00a0Je crois encore que je suis dans l&rsquo;une des meilleures \u00e9quipes au monde\u00a0\u00bb, a expliqu\u00e9 le pilote apr\u00e8s sa victoire en Australie. \u00ab\u00a0Ils n&rsquo;ont jamais cess\u00e9 de croire en moi.\u00a0\u00bb<\/p>\n<p>\u00ab\u00a0Quand on rentre au garage avec un probl\u00e8me, je n&rsquo;ai jamais vu de doutes sur leurs visages. Dans les moments difficiles, on sent qu&rsquo;on est une famille, on sait qu&rsquo;Aprilia me soutient. Je suis tr\u00e8s heureux. L&rsquo;\u00e9quipe a fait un tr\u00e8s bon travail.\u00a0\u00bb<\/p>\n<p>   <img decoding=\"async\" draggable=\"false\" src=\"https:\/\/www.europesays.com\/fr\/wp-content\/uploads\/2025\/10\/1761149834_173_raul-fernandez-trackhouse-raci.jpg\" alt=\"Raul Fernandez, Trackhouse Racing\" width=\"1200\" height=\"800\" loading=\"lazy\"\/> <\/p>\n<p class=\"title\">Davide Brivio et Ra\u00fal Fern\u00e1ndez<\/p>\n<p class=\"photographer\">Photo de: William West &#8211; AFP &#8211; Getty Images<\/p>\n<p>En conf\u00e9rence de presse, Fern\u00e1ndez a d\u00e9crit des moments \u00ab\u00a0tr\u00e8s durs\u00a0\u00bb au cours des quatre derni\u00e8res saisons, mais aussi un soutien sans faille de Trackhouse\u00a0: \u00ab\u00a0Ce qui est bien, c&rsquo;est que je suis tr\u00e8s bien entour\u00e9 et qu&rsquo;ils m&rsquo;ont beaucoup aid\u00e9. L&rsquo;an dernier, quand j&rsquo;ai d\u00e9cid\u00e9 de rester dans l&rsquo;\u00e9quipe, je pense que c&rsquo;\u00e9tait le meilleur choix, rester ici avec une moto d&rsquo;usine.\u00a0\u00bb<\/p>\n<p>\u00ab\u00a0\u00c7a m&rsquo;a beaucoup aid\u00e9 \u00e0 enlever la pression, \u00e0 rester concentr\u00e9 sur moi, essayer de travailler \u00e0 ma fa\u00e7on. Je pense que \u00e7a a \u00e9t\u00e9\u00a0 la cl\u00e9. Apr\u00e8s quatre ann\u00e9es tr\u00e8s difficiles, je retrouve la victoire\u00a0\u2013 je n&rsquo;y crois toujours pas.\u00a0\u00bb<\/p>\n<p>Brivio a toujours cru au talent de Fern\u00e1ndez<\/p>\n<p>Et pendant que certains doutaient que Fern\u00e1ndez puisse atteindre le sommet, Brivio \u00e9tait convaincu qu&rsquo;il fallait simplement cr\u00e9er le bon environnement et mettre en place les bonnes m\u00e9thodes. \u00ab\u00a0Simplement, il ne fait aucun doute qu&rsquo;il a un immense talent\u00a0\u00bb, a soulign\u00e9 celui qui avait men\u00e9 Suzuki et <a href=\"https:\/\/fr.motorsport.com\/driver\/joan-mir\/289392\/\" target=\"_blank\" rel=\"noopener\">Joan Mir<\/a> au titre en 2020. \u00ab\u00a0L&rsquo;an dernier, quand nous avons d\u00e9cid\u00e9 de le conserver dans notre \u00e9quipe, nous pensions qu&rsquo;il pouvait \u00eatre le leader, tout en faisant grandir <a href=\"https:\/\/fr.motorsport.com\/driver\/ai-ogura\/471489\/\" target=\"_blank\" rel=\"noopener\">Ai Ogura<\/a>, qui a aussi un gros potentiel.\u00a0\u00bb<\/p>\n<p>\u00ab\u00a0C&rsquo;est un grand talent, il fallait juste r\u00e9soudre des choses, qu&rsquo;il croie en lui, qu&rsquo;il soit concentr\u00e9 sur le travail, essayer de trouver des m\u00e9thodes de travail\u00a0: comment travailler dans le garage, donner de l&rsquo;importance \u00e0 ce qui compte, \u00eatre concentr\u00e9 sur ce qui compte, ce genre de choses.\u00a0\u00bb<\/p>\n<p>   <img decoding=\"async\" draggable=\"false\" src=\"https:\/\/www.europesays.com\/fr\/wp-content\/uploads\/2025\/10\/1761149836_958_raul-fernandez-trackhouse-raci.jpg\" alt=\"Raul Fernandez, Trackhouse Racing\" width=\"1200\" height=\"800\" loading=\"lazy\"\/> <\/p>\n<p class=\"title\">Davide Brivio et Ra\u00fal Fern\u00e1ndez<\/p>\n<p class=\"photographer\">Photo de: Gold and Goose Photography \/ LAT Images \/ via Getty Images<\/p>\n<p>\u00ab\u00a0Le d\u00e9but de saison a \u00e9t\u00e9 assez difficile, nous avions du mal \u00e0 marquer des points. Nous avons continu\u00e9 \u00e0 discuter pour moi ce que nous pouvions am\u00e9liorer. Il a aussi travaill\u00e9 sur sa pr\u00e9paration physique pendant l&rsquo;hiver, ce qui faisait un peu d\u00e9faut l&rsquo;an dernier.\u00a0\u00bb<\/p>\n<p>Fern\u00e1ndez a \u00e9galement tenu \u00e0 souligner le soutien de ses proches, \u00e0 commencer par celui de son fr\u00e8re, Adrian Fern\u00e1ndez, engag\u00e9 en Moto3 depuis 2023\u00a0: \u00ab\u00a0Si je dois dire une chose, c&rsquo;est que je pense que je suis l\u00e0 gr\u00e2ce \u00e0 ma famille et mon fr\u00e8re. Il m&rsquo;a toujours aid\u00e9. L&rsquo;\u00e9quipe m&rsquo;a aussi aid\u00e9, mais il est la personne la plus importante dans ma vie et quand je traverse une situation difficile, il me soutient toujours.\u00a0\u00bb<\/p>\n<blockquote>\n<p>Il fallait trouver une solution parce que je n&rsquo;\u00e9tais pas heureux.<\/p>\n<\/blockquote>\n<p>Fern\u00e1ndez a probablement touch\u00e9 le fond apr\u00e8s un d\u00e9but de saison chaotique, pendant lequel il ne <a href=\"https:\/\/fr.motorsport.com\/motogp\/news\/raul-fernandez-quete-plaisir-perdu\/10716167\/\" target=\"_blank\" rel=\"noopener\">cachait pas son mal \u00eatre<\/a> et <a href=\"https:\/\/fr.motorsport.com\/motogp\/news\/raul-fernandez-cours-pas-argent\/10724337\/\" target=\"_blank\" rel=\"noopener\">le besoin de retrouver le sourire<\/a>. \u00ab\u00a0Il y a eu un moment o\u00f9 je ne pensais plus \u00e0 rester en MotoGP, mais \u00e0 \u00eatre heureux, et je ne prenais pas de plaisir\u00a0\u00bb, a d\u00e9taill\u00e9 Fern\u00e1ndez au micro de DAZN, qui diffuse le MotoGP en Espagne. \u00ab\u00a0C&rsquo;est l\u00e0 que l&rsquo;aspect humain de l&rsquo;\u00e9quipe et ma famille sont entr\u00e9s en jeu.\u00a0\u00bb<\/p>\n<p>\u00ab\u00a0Apr\u00e8s la course de Jerez, qui a \u00e9t\u00e9 un moment difficile pour moi, mon chef m\u00e9canicien, mon coach, on a mang\u00e9 une pizza avant le test et j&rsquo;ai dit que si on am\u00e9liorait la situation, c&rsquo;\u00e9tait bien, mais sinon il fallait trouver une solution parce que je n&rsquo;\u00e9tais pas heureux. Les choses ne fonctionnaient pas et je ne me levais m\u00eame pas avec le sourire. \u00c0 partir de l\u00e0, ils m&rsquo;ont aid\u00e9 \u00e0 me calmer, Davide Brivio et ma famille aussi. On a d\u00e9cid\u00e9 de power des fondations, petit \u00e0 petit, mais sinc\u00e8rement sans penser que ce moment arriverait cette ann\u00e9e.\u00a0\u00bb<\/p>\n<p>   <img decoding=\"async\" draggable=\"false\" src=\"https:\/\/www.europesays.com\/fr\/wp-content\/uploads\/2025\/10\/1761149838_117_raul-fernandez-trackhouse-raci.jpg\" alt=\"Raul Fernandez, Trackhouse Racing\" width=\"1200\" height=\"800\" loading=\"lazy\"\/> <\/p>\n<p class=\"title\">Ra\u00fal Fern\u00e1ndez<\/p>\n<p class=\"photographer\">Photo de: Robert Cianflone \/ Getty Images<\/p>\n<p>Ce test a justement amorc\u00e9 les progr\u00e8s de Fern\u00e1ndez, en lui offrant une nouvelle direction technique\u00a0: \u00ab\u00a0Pour moi, le gros changement \u00e9t\u00e9 le test de Jerez. On a eu beaucoup de temps pour travailler. Je pense que j&rsquo;ai fait une tr\u00e8s grosse erreur en d\u00e9but d&rsquo;ann\u00e9e quand je suis tomb\u00e9 \u00e0 Sepang et que je me suis bless\u00e9. Je suis revenu assez vite et \u00e7a ne m&rsquo;a pas aid\u00e9 \u00e0 trouver les r\u00e9glages sur la moto.\u00a0\u00bb<\/p>\n<p>\u00ab\u00a0En fait, le gros changement est que l&rsquo;on a eu des tests dans lesquels on a eu le temps de travailler sur nous. On a trouv\u00e9 quelque chose qui m&rsquo;a aid\u00e9 \u00e0 mieux piloter.\u00a0\u00bb<\/p>\n<p style=\"text-align: right;\">Avec Oriol Puigdemont<\/p>\n<p>Lire aussi :<\/p>\n<p>            Votre avis nous int\u00e9resse !<\/p>\n<p class=\"mt-auto\">Qu&rsquo;aimeriez-vous voir sur Motorsport.com ?<\/p>\n<p>            <a href=\"#\" class=\"ms-link text-link font-bold\">R\u00e9pondez \u00e0 notre enqu\u00eate en 5 minutes.<\/a><\/p>\n<p class=\"mt-1 text-body\">&#8211; L&rsquo;\u00e9quipe Motorsport.com<\/p>\n","protected":false},"excerpt":{"rendered":"Ra\u00fal Fern\u00e1ndez \u00e9tait tr\u00e8s attendu \u00e0 ses d\u00e9buts en MotoGP en 2022. Son unique saison en Moto2 avait&hellip;\n","protected":false},"author":2,"featured_media":482363,"comment_status":"","ping_status":"","sticky":false,"template":"","format":"standard","meta":{"footnotes":""},"categories":[1413],"tags":[60566,1011,27,56962,60567,1457,1456,1458,56963,13596,60,4084],"class_list":{"0":"post-482362","1":"post","2":"type-post","3":"status-publish","4":"format-standard","5":"has-post-thumbnail","7":"category-moto","8":"tag-du-doute-u00e0-la-victoireu00a0-fernu00e1ndez","9":"tag-fr","10":"tag-france","11":"tag-gp-daustralie","12":"tag-limmense-talent-qui-a-repris-confiance","13":"tag-moto","14":"tag-motocycle","15":"tag-motogp","16":"tag-phillip-island-grand-prix-circuit","17":"tag-rau00fal-fernu00e1ndez","18":"tag-sports","19":"tag-trackhouse-racing-team"},"share_on_mastodon":{"url":"https:\/\/pubeurope.com\/@fr\/115418723454723816","error":""},"_links":{"self":[{"href":"https:\/\/www.europesays.com\/fr\/wp-json\/wp\/v2\/posts\/482362","targetHints":{"allow":["GET"]}}],"collection":[{"href":"https:\/\/www.europesays.com\/fr\/wp-json\/wp\/v2\/posts"}],"about":[{"href":"https:\/\/www.europesays.com\/fr\/wp-json\/wp\/v2\/types\/post"}],"author":[{"embeddable":true,"href":"https:\/\/www.europesays.com\/fr\/wp-json\/wp\/v2\/users\/2"}],"replies":[{"embeddable":true,"href":"https:\/\/www.europesays.com\/fr\/wp-json\/wp\/v2\/comments?post=482362"}],"version-history":[{"count":0,"href":"https:\/\/www.europesays.com\/fr\/wp-json\/wp\/v2\/posts\/482362\/revisions"}],"wp:featuredmedia":[{"embeddable":true,"href":"https:\/\/www.europesays.com\/fr\/wp-json\/wp\/v2\/media\/482363"}],"wp:attachment":[{"href":"https:\/\/www.europesays.com\/fr\/wp-json\/wp\/v2\/media?parent=482362"}],"wp:term":[{"taxonomy":"category","embeddable":true,"href":"https:\/\/www.europesays.com\/fr\/wp-json\/wp\/v2\/categories?post=482362"},{"taxonomy":"post_tag","embeddable":true,"href":"https:\/\/www.europesays.com\/fr\/wp-json\/wp\/v2\/tags?post=482362"}],"curies":[{"name":"wp","href":"https:\/\/api.w.org\/{rel}","templated":true}]}}