{"id":482369,"date":"2025-10-22T16:21:14","date_gmt":"2025-10-22T16:21:14","guid":{"rendered":"https:\/\/www.europesays.com\/fr\/482369\/"},"modified":"2025-10-22T16:21:14","modified_gmt":"2025-10-22T16:21:14","slug":"giorgia-meloni-furax-face-a-emmanuel-macron-la-cheffe-detat-lhumilie-en-haussant-le-ton","status":"publish","type":"post","link":"https:\/\/www.europesays.com\/fr\/482369\/","title":{"rendered":"Giorgia Meloni furax face \u00e0 Emmanuel Macron, la cheffe d\u2019\u00c9tat l&rsquo;humilie en haussant le ton"},"content":{"rendered":"<p>Par <a class=\"author_recette\" id=\"author_name\" href=\"https:\/\/www.nextplz.fr\/auteur\/mamy\" rel=\"nofollow noopener\" target=\"_blank\">Mamy Yves<br \/>\nRatsimbazafy<\/a> &#8211; Publi\u00e9 le 22 Oct 2025 \u00e0 12:21 &#8211; Modifi\u00e9 le<br \/>\n22 Oct 2025 \u00e0<br \/>\n12:21<\/p>\n<p class=\"article-intro excerpt\">Trois ans apr\u00e8s son arriv\u00e9e au<br \/>\npouvoir, Giorgia Meloni poursuit son chemin \u00e0 la t\u00eate du<br \/>\ngouvernement italien. Entre croissance fragile et tensions<br \/>\ndiplomatiques, sa relation avec Emmanuel Macron intrigue<br \/>\ntoujours.<\/p>\n<p>Le 22 octobre 2022, Giorgia Meloni entrait dans l\u2019histoire<br \/>\nitalienne en devenant la premi\u00e8re femme pr\u00e9sidente du <a href=\"https:\/\/www.nextplz.fr\/societe\/511867-medecins-sebastien-lecornu-prepare-une-mesure-choc-contre-les-depassements-dhonoraires\" rel=\"nofollow noopener\" target=\"_blank\"><br \/>\nConseil des ministres<\/a>. \u00c0 la t\u00eate d\u2019une coalition m\u00ealant droite<br \/>\net extr\u00eame droite, emmen\u00e9e par son parti post-fasciste Fratelli<br \/>\nd\u2019Italia, elle succ\u00e9dait \u00e0 Mario Draghi dans un contexte politique<br \/>\net \u00e9conomique tendu. Trois ans plus tard, la dirigeante de 48 ans<br \/>\naffiche un bilan contrast\u00e9. \u00a0Alors que certains indicateurs<br \/>\ns\u2019am\u00e9liorent, les tensions diplomatiques notamment avec Emmanuel<br \/>\nMacron, demeurent.<\/p>\n<p>Giorgia Meloni a<br \/>\nh\u00e9rit\u00e9 d\u2019un pays affaibli<\/p>\n<p>D\u00e8s son arriv\u00e9e au pouvoir, la cheffe du gouvernement a h\u00e9rit\u00e9<br \/>\nd\u2019un pays affaibli \u00e0 savoir des inflations galopantes, des dettes<br \/>\nrecord et croissance en berne. En 2022, l\u2019Italie affichait en effet<br \/>\nune hausse de son PIB de 4,8 %, sup\u00e9rieure \u00e0 celle de la France ou<br \/>\nde l\u2019Allemagne. La tendance s\u2019est pourtant vite invers\u00e9e, +1 % en<br \/>\n2023 puis +0,7 % en 2024. Au deuxi\u00e8me trimestre 2025, la croissance<br \/>\nest repass\u00e9e dans le rouge (-0,1 %), plomb\u00e9e par la guerre<br \/>\ncommerciale entre les \u00c9tats-Unis et l\u2019Union europ\u00e9enne. Rome a m\u00eame<br \/>\nd\u00fb revoir ses pr\u00e9visions \u00e0 la baisse en misant d\u00e9sormais sur +0,6 %<br \/>\npour 2025.<\/p>\n<p>Un<br \/>\ntaux de ch\u00f4mage en baisse<\/p>\n<p>Malgr\u00e9 ces vents contraires, certains signaux restent positifs.<br \/>\nLe ch\u00f4mage est tomb\u00e9 \u00e0 6 %, son plus bas niveau depuis 2007. M\u00eame<br \/>\nsi, selon plusieurs \u00e9conomistes, cette embellie ne d\u00e9coule pas<br \/>\ndirectement de la politique de Giorgia Meloni, les r\u00e9formes<br \/>\niniti\u00e9es par ses pr\u00e9d\u00e9cesseurs notamment celle du travail port\u00e9 par<br \/>\nMatteo Renzi y seraient pour beaucoup. L\u2019inflation, quant \u00e0 elle, a<br \/>\nnettement ralenti. Apr\u00e8s avoir culmin\u00e9 \u00e0 12,6 % en 2022, elle s\u2019est<br \/>\nstabilis\u00e9e sous les 2 %. Ce qui a l\u00e9g\u00e8rement am\u00e9lior\u00e9 le pouvoir<br \/>\nd\u2019achat des m\u00e9nages italiens.<\/p>\n<p>Une<br \/>\nrelation complexe<\/p>\n<p>Sur le plan diplomatique, les d\u00e9buts de <a href=\"https:\/\/fr.wikipedia.org\/wiki\/Giorgia_Meloni\" target=\"_blank\" rel=\"nofollow noopener\">Giorgia Meloni<\/a> ont \u00e9t\u00e9 marqu\u00e9s par une relation<br \/>\ncomplexe avec Emmanuel Macron. Si les deux dirigeants ont affich\u00e9<br \/>\nleur entente lors de leurs retrouvailles \u00e0 Rome, en juin 2024, les<br \/>\ncoulisses quant \u00e0 eux racontent une autre histoire. Selon Le<br \/>\nPoint, la Premi\u00e8re ministre aurait \u00e9t\u00e9 irrit\u00e9e par certaines<br \/>\ninitiatives du pr\u00e9sident fran\u00e7ais. Notamment sa rencontre \u00e0<br \/>\nWashington avec Donald Trump sans concertation europ\u00e9enne. \u00ab<br \/>\nQui es-tu pour repr\u00e9senter les institutions europ\u00e9ennes ?<br \/>\n\u00bb, lui aurait-elle lanc\u00e9 ce qui a provoqu\u00e9 un \u00e9change tendu.<\/p>\n<p>Les doutes sont toujours<br \/>\nd\u2019actualit\u00e9<\/p>\n<p>Leur complicit\u00e9 affich\u00e9e lors du G7 de juin 2025 n\u2019a pas suffi \u00e0<br \/>\ndissiper les doutes. Une vid\u00e9o devenue virale montre en effet<br \/>\nMacron lui glissant quelques mots \u00e0 l\u2019oreille, Giorgia Meloni<br \/>\nlevant ensuite les yeux au ciel. Interrog\u00e9e sur cette sc\u00e8ne, elle a<br \/>\nsimplement r\u00e9pondu, amus\u00e9e : \u00ab Je ne m\u2019en souviens pas. \u00bb<br \/>\nUn trait d\u2019esprit r\u00e9v\u00e9lateur d\u2019une relation faite de rivalit\u00e9 et de<br \/>\nrespect, entre deux dirigeants que tout oppose\u2026 sauf peut-\u00eatre<br \/>\nl\u2019ambition de marquer durablement l\u2019histoire de l\u2019Europe.<\/p>\n","protected":false},"excerpt":{"rendered":"Par Mamy Yves Ratsimbazafy &#8211; Publi\u00e9 le 22 Oct 2025 \u00e0 12:21 &#8211; Modifi\u00e9 le 22 Oct 2025&hellip;\n","protected":false},"author":2,"featured_media":482370,"comment_status":"","ping_status":"","sticky":false,"template":"","format":"standard","meta":{"footnotes":""},"categories":[1359],"tags":[21303,58,59,1011,27,973],"class_list":{"0":"post-482369","1":"post","2":"type-post","3":"status-publish","4":"format-standard","5":"has-post-thumbnail","7":"category-people","8":"tag-buzz_nonli","9":"tag-divertissement","10":"tag-entertainment","11":"tag-fr","12":"tag-france","13":"tag-people"},"share_on_mastodon":{"url":"https:\/\/pubeurope.com\/@fr\/115418738501534623","error":""},"_links":{"self":[{"href":"https:\/\/www.europesays.com\/fr\/wp-json\/wp\/v2\/posts\/482369","targetHints":{"allow":["GET"]}}],"collection":[{"href":"https:\/\/www.europesays.com\/fr\/wp-json\/wp\/v2\/posts"}],"about":[{"href":"https:\/\/www.europesays.com\/fr\/wp-json\/wp\/v2\/types\/post"}],"author":[{"embeddable":true,"href":"https:\/\/www.europesays.com\/fr\/wp-json\/wp\/v2\/users\/2"}],"replies":[{"embeddable":true,"href":"https:\/\/www.europesays.com\/fr\/wp-json\/wp\/v2\/comments?post=482369"}],"version-history":[{"count":0,"href":"https:\/\/www.europesays.com\/fr\/wp-json\/wp\/v2\/posts\/482369\/revisions"}],"wp:featuredmedia":[{"embeddable":true,"href":"https:\/\/www.europesays.com\/fr\/wp-json\/wp\/v2\/media\/482370"}],"wp:attachment":[{"href":"https:\/\/www.europesays.com\/fr\/wp-json\/wp\/v2\/media?parent=482369"}],"wp:term":[{"taxonomy":"category","embeddable":true,"href":"https:\/\/www.europesays.com\/fr\/wp-json\/wp\/v2\/categories?post=482369"},{"taxonomy":"post_tag","embeddable":true,"href":"https:\/\/www.europesays.com\/fr\/wp-json\/wp\/v2\/tags?post=482369"}],"curies":[{"name":"wp","href":"https:\/\/api.w.org\/{rel}","templated":true}]}}