{"id":482373,"date":"2025-10-22T16:23:21","date_gmt":"2025-10-22T16:23:21","guid":{"rendered":"https:\/\/www.europesays.com\/fr\/482373\/"},"modified":"2025-10-22T16:23:21","modified_gmt":"2025-10-22T16:23:21","slug":"hors-cadre-nouvelle-maison-dedition-dediee-aux-documents-du-groupe-leduc","status":"publish","type":"post","link":"https:\/\/www.europesays.com\/fr\/482373\/","title":{"rendered":"Hors Cadre, nouvelle maison d&rsquo;\u00e9dition d\u00e9di\u00e9e aux documents du groupe Leduc"},"content":{"rendered":"<p>Publier peu, mais \u00ab\u00a0publier fort\u00a0\u00bb. Nouvelle maison au sein du groupe Leduc (groupe Albin Michel), les \u00e9ditions Hors Cadre verront le jour en janvier sous la direction d\u2019<strong>Aur\u00e9lie Ouazan<\/strong>, <a href=\"https:\/\/www.livreshebdo.fr\/article\/aurelie-ouazan-et-lisa-labbe-prennent-de-nouvelles-responsabilites-chez-leduc\" target=\"_blank\" rel=\"noopener\">r\u00e9cemment promue directrice \u00e9ditoriale du p\u00f4le Litt\u00e9rature g\u00e9n\u00e9rale non-fiction<\/a>.<\/p>\n<p>La nouvelle entit\u00e9 sera d\u00e9di\u00e9e aux documents et publiera \u00ab\u00a0dix livres par an, pas un de plus\u00a0\u00bb, annonce \u00e0 Livres Hebdo <strong>Karine Bailly de Robien<\/strong>, directrice g\u00e9n\u00e9rale de Leduc, aux c\u00f4t\u00e9s de <strong>Pierre-Beno\u00eet de Veron<\/strong>.<\/p>\n<p>Tirages ambitieux<\/p>\n<p>Neuvi\u00e8me entit\u00e9 \u00e0 voir le jour au sein du groupe, Hors Cadre repose sur un parti pris clair\u00a0: se consacrer au \u00ab\u00a0document incarn\u00e9, engag\u00e9, \u00e0 la crois\u00e9e du t\u00e9moignage personnel et de la r\u00e9flexion soci\u00e9tale\u00a0\u00bb avec un rythme de parution d\u2019un titre par mois, sauf en juillet et en d\u00e9cembre.\u00a0<\/p>\n<p>Cette strat\u00e9gie de publication restreinte s\u2019inspire du mod\u00e8le d\u00e9velopp\u00e9 d\u00e8s 2005 par <strong>Jonathan Karp<\/strong>, cr\u00e9ateur de l\u2019imprint Twelve au sein d\u2019Hachette Book Group aux \u00c9tats-Unis qui ne publie que 12\u00a0livres par an\u00a0: \u00ab\u00a0Comme Jonathan Karp l\u2019a initi\u00e9 avec Twelve et <a href=\"https:\/\/www.livreshebdo.fr\/article\/jonathan-karp-quitte-la-presidence-de-simon-schuster\" target=\"_blank\" rel=\"noopener\">le continue aujourd\u2019hui avec Simon Six chez Simon &amp; Schuster<\/a>, nous avons voulu restreindre la production pour publier mieux\u00a0\u00bb, d\u00e9taille Karine Bailly de Robien.<\/p>\n<p>La raret\u00e9 des parutions s\u2019accompagne de tirages ambitieux d\u00e8s le lancement \u2013 20\u00a0000 exemplaires a minima \u2013, et d\u2019un soin particulier port\u00e9 \u00e0 chaque ouvrage pour \u00ab\u00a0mieux le d\u00e9fendre dans un march\u00e9 satur\u00e9\u00a0\u00bb.<\/p>\n<p><strong>Hors des logiques \u00e9ditoriales classiques<\/strong><\/p>\n<p>Avec Hors Cadre, le groupe Leduc fait part de sa volont\u00e9 de sortir des logiques \u00e9ditoriales classiques, mais aussi de mettre en lumi\u00e8re \u00ab\u00a0des parcours qui bousculent les repr\u00e9sentations et des voix qui r\u00e9interrogent la soci\u00e9t\u00e9\u00a0\u00bb. Comme les autres marques du groupe \u2013 Alisio pour la vie professionnelle, Animae pour la spiritualit\u00e9, Charleston pour la fiction f\u00e9minine, Nami pour la \u00ab\u00a0healing fiction\u00a0\u00bb (pour \u00ab\u00a0fiction gu\u00e9risseuse\u00a0\u00bb), ou encore Les Renversantes, <a href=\"https:\/\/www.livreshebdo.fr\/article\/victoire-tuaillon-et-karine-lanini-creent-les-renversantes-un-nouveau-label-engage-chez\" target=\"_blank\" rel=\"noopener\">tout r\u00e9cemment lanc\u00e9e<\/a> \u2013, la maison s\u2019appuiera sur une \u00e9quipe experte et autonome, avec un ADN propre. Aur\u00e9lie Ouazan y apporte son exp\u00e9rience du document narratif et de l\u2019enqu\u00eate \u00e9ditoriale et pr\u00e9voit deux tiers d\u2019auteurs fran\u00e7ais pour un tiers de traductions.<\/p>\n<p>Le premier ouvrage \u00e0 para\u00eetre en janvier sera un r\u00e9cit de <strong>Guillaume Gomez<\/strong>, fils de brocanteurs devenu chef cuisinier \u00e0 l\u2019\u00c9lys\u00e9e, et aujourd\u2019hui engag\u00e9 dans des causes caritatives.<\/p>\n<p>107 days, le journal de campagne de Kamala Harris<\/p>\n<p>En f\u00e9vrier, ce sera au tour de <strong>Guillaume Pley<\/strong>, fondateur du m\u00e9dia Legend, de raconter les coulisses de son parcours et de ses entretiens aux millions de vues sur YouTube.<\/p>\n<p>En mars, para\u00eetra le journal de campagne de <strong>Kamala Harris<\/strong>, publi\u00e9 initialement aux \u00c9tats-Unis en septembre sous le titre 107 days (Simon &amp; Schuster). L\u2019ouvrage plonge dans les coulisses de la politique am\u00e9ricaine et apporte un regard singulier sur le pouvoir, la soci\u00e9t\u00e9 et les grandes fractures id\u00e9ologiques.<\/p>\n<p>\u00ab\u00a0Soci\u00e9t\u00e9 bouscul\u00e9e\u00a0\u00bb<\/p>\n<p>Mais Hors Cadre ne s\u2019arr\u00eatera pas aux r\u00e9cits personnels. En avril para\u00eetra une enqu\u00eate co-sign\u00e9e par l\u2019avocate <strong>Manon Sieraczeck<\/strong> et le juge <strong>Thierry Froment<\/strong> autour de l\u2019islamisme radical vu \u00e0 travers le prisme du droit. Une investigation de terrain, document\u00e9e, qui explore la mani\u00e8re dont certains acteurs \u00ab\u00a0tentent de d\u00e9tourner les principes r\u00e9publicains \u00e0 des fins id\u00e9ologiques.\u00a0\u00bb<\/p>\n<p>Le catalogue de la maison entend faire \u00e9cho aux bouleversements contemporains\u00a0: \u00ab\u00a0Dans une soci\u00e9t\u00e9 bouscul\u00e9e, il y a des sujets qui nous passionnent, nous r\u00e9voltent, nous interrogent. C\u2019est pour \u00e7a que nous cr\u00e9ons Hors Cadre\u00a0\u00bb, conclut Karine Bailly de Robien. Hors Cadre b\u00e9n\u00e9ficiera de toute la force de frappe du groupe Leduc, en particulier en librairie (via Dilisco, qui se r\u00e9organise avec l\u2019int\u00e9gration de L\u2019Observatoire <a href=\"https:\/\/www.livreshebdo.fr\/article\/apres-le-rachat-dhumensis-du-changement-dans-la-continuite-lobservatoire\" target=\"_blank\" rel=\"noopener\">cons\u00e9cutive au rachat d&rsquo;Humensis par Albin Michel<\/a>), mais aussi sur le terrain du marketing digital, des r\u00e9seaux sociaux et du Web.<\/p>\n<p>          Hors Cadre, neuvi\u00e8me maison de Leduc<\/p>\n<p>Hors Cadre est la neuvi\u00e8me maison du groupe Leduc. Elle vient compl\u00e9ter une offre \u00e9ditoriale organis\u00e9e autour des \u00e9ditions Leduc (vie quotidienne), Animae (spiritualit\u00e9), Charleston (fiction f\u00e9minine), Nami (\u00ab\u00a0healing fiction\u00a0\u00bb, ou \u00ab\u00a0fiction gu\u00e9risseuse\u00a0\u00bb), Alisio (vie professionnelle), Akata (manga), Leduc Graphic (BD)\u00a0et Les Renversantes (essais),\u00a0auquel s\u2019ajoute le label de papeterie Le Papier fait de la r\u00e9sistance, lanc\u00e9 en 2020.<\/p>\n<p>Pour t\u00e9l\u00e9charger ce document, vous devez d&rsquo;abord acheter l&rsquo;article correspondant.<\/p>\n<p>\u00a0<\/p>\n","protected":false},"excerpt":{"rendered":"Publier peu, mais \u00ab\u00a0publier fort\u00a0\u00bb. Nouvelle maison au sein du groupe Leduc (groupe Albin Michel), les \u00e9ditions Hors&hellip;\n","protected":false},"author":2,"featured_media":482374,"comment_status":"","ping_status":"","sticky":false,"template":"","format":"standard","meta":{"footnotes":""},"categories":[1357],"tags":[1379,58,59,1011,27,1380],"class_list":{"0":"post-482373","1":"post","2":"type-post","3":"status-publish","4":"format-standard","5":"has-post-thumbnail","7":"category-livres","8":"tag-books","9":"tag-divertissement","10":"tag-entertainment","11":"tag-fr","12":"tag-france","13":"tag-livres"},"share_on_mastodon":{"url":"https:\/\/pubeurope.com\/@fr\/115418746445926153","error":""},"_links":{"self":[{"href":"https:\/\/www.europesays.com\/fr\/wp-json\/wp\/v2\/posts\/482373","targetHints":{"allow":["GET"]}}],"collection":[{"href":"https:\/\/www.europesays.com\/fr\/wp-json\/wp\/v2\/posts"}],"about":[{"href":"https:\/\/www.europesays.com\/fr\/wp-json\/wp\/v2\/types\/post"}],"author":[{"embeddable":true,"href":"https:\/\/www.europesays.com\/fr\/wp-json\/wp\/v2\/users\/2"}],"replies":[{"embeddable":true,"href":"https:\/\/www.europesays.com\/fr\/wp-json\/wp\/v2\/comments?post=482373"}],"version-history":[{"count":0,"href":"https:\/\/www.europesays.com\/fr\/wp-json\/wp\/v2\/posts\/482373\/revisions"}],"wp:featuredmedia":[{"embeddable":true,"href":"https:\/\/www.europesays.com\/fr\/wp-json\/wp\/v2\/media\/482374"}],"wp:attachment":[{"href":"https:\/\/www.europesays.com\/fr\/wp-json\/wp\/v2\/media?parent=482373"}],"wp:term":[{"taxonomy":"category","embeddable":true,"href":"https:\/\/www.europesays.com\/fr\/wp-json\/wp\/v2\/categories?post=482373"},{"taxonomy":"post_tag","embeddable":true,"href":"https:\/\/www.europesays.com\/fr\/wp-json\/wp\/v2\/tags?post=482373"}],"curies":[{"name":"wp","href":"https:\/\/api.w.org\/{rel}","templated":true}]}}