{"id":482377,"date":"2025-10-22T16:25:14","date_gmt":"2025-10-22T16:25:14","guid":{"rendered":"https:\/\/www.europesays.com\/fr\/482377\/"},"modified":"2025-10-22T16:25:14","modified_gmt":"2025-10-22T16:25:14","slug":"frank-delay-mythe-machine-liberation","status":"publish","type":"post","link":"https:\/\/www.europesays.com\/fr\/482377\/","title":{"rendered":"Frank Delay, mythe machine \u2013 Lib\u00e9ration"},"content":{"rendered":"<p class=\"sc-cPiKLX AiZTS text-element\">Au moment de p\u00e9n\u00e9trer dans la pi\u00e8ce o\u00f9 nous attend Frank Delay, l\u2019attach\u00e9e de presse est prise d\u2019une petite inqui\u00e9tude.<b> <\/b>\u00abDonc tu vas poser des questions sur la s\u00e9rie, mais pas sur le reste, on est d\u2019accord ?\u00bb Furtive incompr\u00e9hension, l\u00e9ger flottement. Le reste, mais c\u2019est bien s\u00fbr ! Ce t\u00e9moignage r\u00e9cent d\u2019un homme affirmant avoir \u00e9t\u00e9 en couple avec Filip Nikolic, pr\u00e9tendue r\u00e9v\u00e9lation fracassante de l\u2019homosexualit\u00e9 du <a href=\"https:\/\/www.liberation.fr\/musique\/2009\/09\/16\/deces-de-filip-nikolic-des-2be3_679709\/\" target=\"_blank\" rel=\"noreferrer noopener\" title=\"https:\/\/www.liberation.fr\/musique\/2009\/09\/16\/deces-de-filip-nikolic-des-2be3_679709\/\">leader disparu des 2Be3<\/a>, d\u00e9mentie par ses proches. Outre qu\u2019il soit de bon ton de laisser les journalistes poser les questions de leur choix, l\u2019orientation sexuelle r\u00e9elle ou fantasm\u00e9e de l\u2019ex-chanteur et com\u00e9dien nous en touche une sans faire bouger l\u2019autre. A fortiori parce que le sujet du jour, ce n\u2019est pas Filip, c\u2019est Frank. <\/p>\n<p class=\"sc-cPiKLX AiZTS text-element\">Frank-des-2Be3, osera-t-on, tant ce costume lui colle \u00e0 la peau, m\u00eame pr\u00e8s de trente ans apr\u00e8s le raz-de-mar\u00e9e qu\u2019il a provoqu\u00e9 chez les gamines aux c\u00f4t\u00e9s de Filip et d\u2019Adel, trio sans patronyme, abdomin\u00e9 et peu enclin \u00e0 boutonner ses chemises. Un pass\u00e9 dont il s\u2019enorgueillit et qu\u2019il cultive, lui qui a remis le couvert, il y a dix ans, avec un nouveau groupe, G\u00e9n\u00e9ration Boys Band, aux c\u00f4t\u00e9s de Chris-des-G-Squad et d\u2019Allan Th\u00e9o &#8211; lequel a quitt\u00e9 le navire depuis. Et qui a offici\u00e9 comme consultant sur la <\/p>\n","protected":false},"excerpt":{"rendered":"Au moment de p\u00e9n\u00e9trer dans la pi\u00e8ce o\u00f9 nous attend Frank Delay, l\u2019attach\u00e9e de presse est prise d\u2019une&hellip;\n","protected":false},"author":2,"featured_media":482378,"comment_status":"","ping_status":"","sticky":false,"template":"","format":"standard","meta":{"footnotes":""},"categories":[1355],"tags":[413,58,59,1011,27,1361,873,10044],"class_list":{"0":"post-482377","1":"post","2":"type-post","3":"status-publish","4":"format-standard","5":"has-post-thumbnail","7":"category-musique","8":"tag-ca-va-mieux-lisant","9":"tag-divertissement","10":"tag-entertainment","11":"tag-fr","12":"tag-france","13":"tag-music","14":"tag-musique","15":"tag-pop"},"share_on_mastodon":{"url":"https:\/\/pubeurope.com\/@fr\/115418754232512843","error":""},"_links":{"self":[{"href":"https:\/\/www.europesays.com\/fr\/wp-json\/wp\/v2\/posts\/482377","targetHints":{"allow":["GET"]}}],"collection":[{"href":"https:\/\/www.europesays.com\/fr\/wp-json\/wp\/v2\/posts"}],"about":[{"href":"https:\/\/www.europesays.com\/fr\/wp-json\/wp\/v2\/types\/post"}],"author":[{"embeddable":true,"href":"https:\/\/www.europesays.com\/fr\/wp-json\/wp\/v2\/users\/2"}],"replies":[{"embeddable":true,"href":"https:\/\/www.europesays.com\/fr\/wp-json\/wp\/v2\/comments?post=482377"}],"version-history":[{"count":0,"href":"https:\/\/www.europesays.com\/fr\/wp-json\/wp\/v2\/posts\/482377\/revisions"}],"wp:featuredmedia":[{"embeddable":true,"href":"https:\/\/www.europesays.com\/fr\/wp-json\/wp\/v2\/media\/482378"}],"wp:attachment":[{"href":"https:\/\/www.europesays.com\/fr\/wp-json\/wp\/v2\/media?parent=482377"}],"wp:term":[{"taxonomy":"category","embeddable":true,"href":"https:\/\/www.europesays.com\/fr\/wp-json\/wp\/v2\/categories?post=482377"},{"taxonomy":"post_tag","embeddable":true,"href":"https:\/\/www.europesays.com\/fr\/wp-json\/wp\/v2\/tags?post=482377"}],"curies":[{"name":"wp","href":"https:\/\/api.w.org\/{rel}","templated":true}]}}