{"id":482384,"date":"2025-10-22T16:29:12","date_gmt":"2025-10-22T16:29:12","guid":{"rendered":"https:\/\/www.europesays.com\/fr\/482384\/"},"modified":"2025-10-22T16:29:12","modified_gmt":"2025-10-22T16:29:12","slug":"une-voisine-ideale-netflix-que-deviennent-les-enfants-dajike-owens-assassinee-par-susan-lorincz","status":"publish","type":"post","link":"https:\/\/www.europesays.com\/fr\/482384\/","title":{"rendered":"Une voisine id\u00e9ale (Netflix) : que deviennent les enfants d\u2019Ajike Owens, assassin\u00e9e par Susan Lorincz ?"},"content":{"rendered":"<p>Le documentaire figure d\u00e9j\u00e0 \u00e0 la deuxi\u00e8me place des films les<br \/>\nplus regard\u00e9s de la plateforme. Le 17 octobre dernier, <a href=\"https:\/\/www.closermag.fr\/tv_tele_realite\/love-is-blind-france-netflix-quels-couples-sont-encore-ensemble-aujourdhui-3584819\" target=\"_blank\" rel=\"noopener\"><br \/>\nNetflix<\/a> a d\u00e9voil\u00e9 \u00e0 ses abonn\u00e9s <strong>Une voisine<br \/>\nid\u00e9ale,<\/strong> film documentaire pr\u00e9sent\u00e9 au Sundance Film<br \/>\nFestival relatant un fait-divers gla\u00e7ant survenu aux <a href=\"https:\/\/www.closermag.fr\/vecu\/lhomme-le-plus-age-des-etats-unis-est-mort-a-110-ans-il-suivait-un-regime-tres-particulier-3449990\" target=\"_blank\" rel=\"noopener\"><br \/>\n\u00c9tats-Unis<\/a> \u00e0 l\u2019\u00e9t\u00e9 2023\u00a0: <strong>l\u2019affaire Ajike<br \/>\nOwens.<\/strong><\/p>\n<p>Le 2 juin 2023, <strong>Ajike Owens<\/strong>, m\u00e8re de famille<br \/>\nafro-am\u00e9ricaine de 35 ans, est <strong>tu\u00e9e par balle\u00a0par sa<br \/>\nvoisine Susan Lorincz<\/strong> dans son quartier d\u2019Ocala, en<br \/>\n<a href=\"https:\/\/www.closermag.fr\/vecu\/ca-aurait-pu-tuer-5-millions-de-personnes-en-floride-la-police-fait-une-saisie-surrealiste-qui-fait-froid-dans-le-dos-3313911\" target=\"_blank\" rel=\"noopener\"><br \/>\nFloride<\/a>. Lorincz certifie avoir agi par l\u00e9gitime d\u00e9fense,<br \/>\naccusant sa voisine d\u2019avoir prof\u00e9r\u00e9 des menaces de mort \u00e0 son<br \/>\nencontre avant qu\u2019elle ne lui tire dessus \u00e0 travers sa porte<br \/>\nd\u2019entr\u00e9e.<\/p>\n<p>La garde des enfants d\u2019Ajike Owens confi\u00e9e \u00e0 leur<br \/>\ngrand-m\u00e8re<\/p>\n<p>Mais sa version ne tient pas. Depuis janvier 2021, <strong>la<br \/>\nretrait\u00e9e de 58 ans harcelait son voisinage,<\/strong> hurlant sur<br \/>\nles enfants d\u2019Owens en les accusant de nuisances sonores et les<br \/>\n<strong>traitant de \u00ab\u00a0n\u00e8gres\u00a0\u00bb.<\/strong> Un racisme<br \/>\nordinaire qui a finalement tourn\u00e9 \u00e0 l\u2019horreur et a conduit \u00e0 sa<br \/>\ncondamnation pour homicide involontaire \u00e0 25 ans de r\u00e9clusion<br \/>\ncriminelle.<\/p>\n<p>Le soir de sa mort, Ajike Owens a laiss\u00e9 derri\u00e8re elle quatre<br \/>\nenfants\u00a0: <strong>Isaac, 12 ans, Israel, 9 ans, Afrika, 8 ans<br \/>\net Titus, 3 ans.<\/strong> D\u00e9sormais sous la garde de leur<br \/>\ngrand-m\u00e8re, Dias, ils sont \u00e2g\u00e9s de 14, 11, 10 et 5 ans.<br \/>\n<strong>Tous restent aujourd\u2019hui tr\u00e8s marqu\u00e9s<\/strong> par la perte<br \/>\nde leur m\u00e8re. \u00ab\u00a0\u00c7a a \u00e9t\u00e9 dur pour les enfants \u2013 ils \u00e9taient tr\u00e8s<br \/>\njeunes lorsqu\u2019ils ont perdu leur m\u00e8re, a confi\u00e9 cette derni\u00e8re<br \/>\n\u00e0 CNN en octobre 2025. Et en m\u00eame temps, ils font preuve de<br \/>\nbeaucoup de force et de r\u00e9silience, \u00e7a m\u2019impressionne.\u00a0\u00bb<\/p>\n<p>Traumatis\u00e9s, les deux fils a\u00een\u00e9s<br \/>\nsuivent une psychoth\u00e9rapie<\/p>\n<p>L\u2019absence d\u2019Ajike est <strong>d\u2019autant plus difficiles pour ses<br \/>\ndeux fils, Isaac et Israel,<\/strong> qui \u00e9taient pr\u00e9sents le soir<br \/>\nde sa mort. Israel n&rsquo;\u00e9tait m\u00eame qu&rsquo;\u00e0 quelques centim\u00e8tres de sa<br \/>\nm\u00e8re lorsqu&rsquo;elle a re\u00e7u une balle en pleine poitrine. \u00ab\u00a0Israel<br \/>\npense que s\u2019il n\u2019avait pas laiss\u00e9 sa tablette tra\u00eener dans la rue,<br \/>\nsa m\u00e8re serait toujours l\u00e0. Isaac culpabilise parce qu\u2019il n\u2019a pas<br \/>\npu la sauver. Il n\u2019a pas pu lui faire les gestes de premiers<br \/>\nsecours. Il m\u2019a dit \u2018Mamie, mamie, je n\u2019ai pas pu la sauver.\u2019 Dans<br \/>\nson \u00e2me, son c\u0153ur, il se pense coupable.\u00a0\u00bb<\/p>\n<p>Selon Dias, <strong>Isaac est aujourd\u2019hui pris en charge pour<br \/>\ntroubles du stress post-traumatique.<\/strong> Israel devrait<br \/>\n\u00e9galement suivre une psychoth\u00e9rapie. Quant au petit Titus, il se<br \/>\nremet tant bien que mal de la perte de sa maman, apr\u00e8s de longues<br \/>\nsemaines de confusion, d\u2019irritabilit\u00e9 et de pleurs \u00e0 la suite de sa<br \/>\nmort.<\/p>\n","protected":false},"excerpt":{"rendered":"Le documentaire figure d\u00e9j\u00e0 \u00e0 la deuxi\u00e8me place des films les plus regard\u00e9s de la plateforme. Le 17&hellip;\n","protected":false},"author":2,"featured_media":482385,"comment_status":"","ping_status":"","sticky":false,"template":"","format":"standard","meta":{"footnotes":""},"categories":[8],"tags":[58,59,1011,27,127],"class_list":{"0":"post-482384","1":"post","2":"type-post","3":"status-publish","4":"format-standard","5":"has-post-thumbnail","7":"category-divertissement","8":"tag-divertissement","9":"tag-entertainment","10":"tag-fr","11":"tag-france","12":"tag-netflix"},"share_on_mastodon":{"url":"https:\/\/pubeurope.com\/@fr\/115418770043174471","error":""},"_links":{"self":[{"href":"https:\/\/www.europesays.com\/fr\/wp-json\/wp\/v2\/posts\/482384","targetHints":{"allow":["GET"]}}],"collection":[{"href":"https:\/\/www.europesays.com\/fr\/wp-json\/wp\/v2\/posts"}],"about":[{"href":"https:\/\/www.europesays.com\/fr\/wp-json\/wp\/v2\/types\/post"}],"author":[{"embeddable":true,"href":"https:\/\/www.europesays.com\/fr\/wp-json\/wp\/v2\/users\/2"}],"replies":[{"embeddable":true,"href":"https:\/\/www.europesays.com\/fr\/wp-json\/wp\/v2\/comments?post=482384"}],"version-history":[{"count":0,"href":"https:\/\/www.europesays.com\/fr\/wp-json\/wp\/v2\/posts\/482384\/revisions"}],"wp:featuredmedia":[{"embeddable":true,"href":"https:\/\/www.europesays.com\/fr\/wp-json\/wp\/v2\/media\/482385"}],"wp:attachment":[{"href":"https:\/\/www.europesays.com\/fr\/wp-json\/wp\/v2\/media?parent=482384"}],"wp:term":[{"taxonomy":"category","embeddable":true,"href":"https:\/\/www.europesays.com\/fr\/wp-json\/wp\/v2\/categories?post=482384"},{"taxonomy":"post_tag","embeddable":true,"href":"https:\/\/www.europesays.com\/fr\/wp-json\/wp\/v2\/tags?post=482384"}],"curies":[{"name":"wp","href":"https:\/\/api.w.org\/{rel}","templated":true}]}}