{"id":482388,"date":"2025-10-22T16:31:13","date_gmt":"2025-10-22T16:31:13","guid":{"rendered":"https:\/\/www.europesays.com\/fr\/482388\/"},"modified":"2025-10-22T16:31:13","modified_gmt":"2025-10-22T16:31:13","slug":"partenariat-entre-la-poste-et-temu-le-gouvernement-fait-part-de-sa-deception-et-de-son-etonnement-22-10-2025-a-1729","status":"publish","type":"post","link":"https:\/\/www.europesays.com\/fr\/482388\/","title":{"rendered":"Partenariat entre La Poste et Temu : le gouvernement fait part de sa \u00ab\u00a0d\u00e9ception\u00a0\u00bb et de son \u00ab\u00a0\u00e9tonnement\u00a0\u00bb &#8211; 22\/10\/2025 \u00e0 17:29"},"content":{"rendered":"<p> Temu fait \u00ab\u00a0du dumping\u00a0\u00bb et \u00ab\u00a0ne respecte pas nos normes\u00a0\u00bb, s&rsquo;est agac\u00e9 le ministre du Commerce, alors que la plateforme chinoise va b\u00e9n\u00e9ficier un acc\u00e8s facilit\u00e9 au march\u00e9 fran\u00e7ais.<\/p>\n<p>        <img fetchpriority=\"high\" decoding=\"async\" src=\"https:\/\/www.europesays.com\/fr\/wp-content\/uploads\/2025\/10\/41b853debf013b27ff6fb83b7fc5a01d-760x507.jpg\" alt=\"Serge Papin \u00e0 Paris, le 22 octobre 2025. ( AFP \/ ALAIN JOCARD )\" loading=\"eager\" width=\"760\" height=\"507\" style=\"max-width: 100%!important; height: auto;\"\/><\/p>\n<p class=\"c-image-news__legend\">Serge Papin \u00e0 Paris, le 22 octobre 2025. ( AFP \/ ALAIN JOCARD )<\/p>\n<p>\n Le partenariat entre<br \/>\n <a href=\"https:\/\/www.boursorama.com\/actualite-economique\/actualites\/marie-ange-debon-prend-officiellement-les-renes-de-la-poste-20083b2931873c5d93903c54c261fa50\" title=\"Marie-Ange Debon prend officiellement les r\u00eanes de La Poste\" rel=\"nofollow noopener\" target=\"_blank\"><br \/>\n  La Poste<br \/>\n <\/a><br \/>\n et Temu, facilitant l&rsquo;entreposage, la pr\u00e9paration et la livraison des colis de la plateforme chinoise a provoqu\u00e9 la \u00ab\u00a0d\u00e9ception\u00a0\u00bb et de l'\u00a0\u00bb\u00e9tonnement\u00a0\u00bb du ministre des PME et du Commerce Serge Papin, a-t-il assur\u00e9 mercredi 22 octobre lors des questions au gouvernement \u00e0 l&rsquo;Assembl\u00e9e.\n<\/p>\n<p>\n Les plateformes telle que Temu<br \/>\n <strong><br \/>\n  \u00ab\u00a0font du dumping, ne respectent pas nos normes\u00a0\u00bb et \u00ab\u00a0n&rsquo;ont que faire de nos ambitions \u00e9cologiques\u00a0\u00bb<br \/>\n <\/strong><br \/>\n , a affirm\u00e9 le ministre, interrog\u00e9 par la d\u00e9put\u00e9e Anne-C\u00e9cile Violland (Horizons) sur la pertinence du protocole d&rsquo;accord r\u00e9cemment sign\u00e9 entre La Poste et Temu.\n<\/p>\n<p>\n Ce partenariat cens\u00e9 renforcer la collaboration logistique entre les deux entreprises acte notamment \u00ab\u00a0la possibilit\u00e9 pour Temu d&rsquo;avoir recours, comme tout autre client, \u00e0 une palette de services de La Poste, de livraison de colis, d&rsquo;entreposage ou de pr\u00e9paration de commandes\u00a0\u00bb, d&rsquo;apr\u00e8s La Poste.\n<\/p>\n<p>\n L&rsquo;annonce est faite dans un contexte abrasif en France concernant les plateformes asiatiques d&rsquo;e-commerce, qui sont accus\u00e9es d&rsquo;<br \/>\n <strong><br \/>\n  inonder le march\u00e9 de produits \u00e0 prix cass\u00e9s et non conformes<br \/>\n <\/strong><br \/>\n , de concurrence d\u00e9loyale, de pollution environnementale et de travail indigne.\n<\/p>\n<p> Ombre sur la \u00ab\u00a0concurrence loyale\u00a0\u00bb<\/p>\n<p>\n \u00ab\u00a0Ce partenariat facilite l&rsquo;acc\u00e8s\u00a0\u00bb de Temu \u00ab\u00a0au march\u00e9 fran\u00e7ais,<br \/>\n <strong><br \/>\n  au d\u00e9triment des enseignes implant\u00e9es sur le territoire et des r\u00e8gles fondamentales de concurrence loyale<br \/>\n <\/strong><br \/>\n \u00ab\u00a0, ont r\u00e9agi dans la foul\u00e9e de sa signature l&rsquo;Alliance du commerce et la f\u00e9d\u00e9ration du commerce sp\u00e9cialis\u00e9 Procos.\n<\/p>\n<p>\n Pour prot\u00e9ger les commerces fran\u00e7ais, le projet de budget de l&rsquo;\u00c9tat pour 2026 pr\u00e9voit une taxe sur les petits colis livr\u00e9s par des entreprises \u00e9tablies hors de l&rsquo;Union europ\u00e9enne, notamment de Chine.\n<\/p>\n<p>\n Mais Marie-Ange Debon, qui a pris mercredi les r\u00eanes de La Poste apr\u00e8s avoir re\u00e7u mardi le feu vert du Parlement, a estim\u00e9 le m\u00eame jour devant les parlementaires que<br \/>\n <strong><br \/>\n  les \u00ab\u00a0importateurs chinois vont assez ais\u00e9ment\u00a0\u00bb contourner la taxe sur les petits colis<br \/>\n <\/strong><br \/>\n , en ayant recours \u00e0 \u00ab\u00a0des containers\u00a0\u00bb ou \u00ab\u00a0des palettes\u00a0\u00bb.\n<\/p>\n<p>\n \u00ab\u00a0\u00c9videmment, on se bat aussi pour que cette taxe soit europ\u00e9enne\u00a0\u00bb, a affirm\u00e9 mercredi Serge  Papin devant l&rsquo;Assembl\u00e9e nationale.<\/p>\n","protected":false},"excerpt":{"rendered":"Temu fait \u00ab\u00a0du dumping\u00a0\u00bb et \u00ab\u00a0ne respecte pas nos normes\u00a0\u00bb, s&rsquo;est agac\u00e9 le ministre du Commerce, alors que&hellip;\n","protected":false},"author":2,"featured_media":482389,"comment_status":"","ping_status":"","sticky":false,"template":"","format":"standard","meta":{"footnotes":""},"categories":[6],"tags":[400,398,408,35,405,33,34,1011,27,403,402,399,404,401,406,407],"class_list":{"0":"post-482388","1":"post","2":"type-post","3":"status-publish","4":"format-standard","5":"has-post-thumbnail","7":"category-economie","8":"tag-action-cac-40","9":"tag-bourse-de-paris","10":"tag-boursorama","11":"tag-business","12":"tag-cotations","13":"tag-economie","14":"tag-economy","15":"tag-fr","16":"tag-france","17":"tag-indices-devises","18":"tag-investir","19":"tag-investissement","20":"tag-marche-boursier","21":"tag-sicav","22":"tag-trackers","23":"tag-warrants"},"share_on_mastodon":{"url":"https:\/\/pubeurope.com\/@fr\/115418778366874268","error":""},"_links":{"self":[{"href":"https:\/\/www.europesays.com\/fr\/wp-json\/wp\/v2\/posts\/482388","targetHints":{"allow":["GET"]}}],"collection":[{"href":"https:\/\/www.europesays.com\/fr\/wp-json\/wp\/v2\/posts"}],"about":[{"href":"https:\/\/www.europesays.com\/fr\/wp-json\/wp\/v2\/types\/post"}],"author":[{"embeddable":true,"href":"https:\/\/www.europesays.com\/fr\/wp-json\/wp\/v2\/users\/2"}],"replies":[{"embeddable":true,"href":"https:\/\/www.europesays.com\/fr\/wp-json\/wp\/v2\/comments?post=482388"}],"version-history":[{"count":0,"href":"https:\/\/www.europesays.com\/fr\/wp-json\/wp\/v2\/posts\/482388\/revisions"}],"wp:featuredmedia":[{"embeddable":true,"href":"https:\/\/www.europesays.com\/fr\/wp-json\/wp\/v2\/media\/482389"}],"wp:attachment":[{"href":"https:\/\/www.europesays.com\/fr\/wp-json\/wp\/v2\/media?parent=482388"}],"wp:term":[{"taxonomy":"category","embeddable":true,"href":"https:\/\/www.europesays.com\/fr\/wp-json\/wp\/v2\/categories?post=482388"},{"taxonomy":"post_tag","embeddable":true,"href":"https:\/\/www.europesays.com\/fr\/wp-json\/wp\/v2\/tags?post=482388"}],"curies":[{"name":"wp","href":"https:\/\/api.w.org\/{rel}","templated":true}]}}