{"id":482396,"date":"2025-10-22T16:35:11","date_gmt":"2025-10-22T16:35:11","guid":{"rendered":"https:\/\/www.europesays.com\/fr\/482396\/"},"modified":"2025-10-22T16:35:11","modified_gmt":"2025-10-22T16:35:11","slug":"les-policiers-decouvrent-cocaine-et-cannabis-dans-sa-voiture","status":"publish","type":"post","link":"https:\/\/www.europesays.com\/fr\/482396\/","title":{"rendered":"les policiers d\u00e9couvrent coca\u00efne et cannabis dans sa voiture"},"content":{"rendered":"<p>Les membres d\u2019un \u00e9quipage de la Brigade anticriminalit\u00e9 de la police nationale se trouvaient en faction dans les rues du quartier de Montchovet \u00e0 Saint-Etienne au cours de la soir\u00e9e du mardi 21\u00a0octobre.<\/p>\n<p>Vers 2 heures, les fonctionnaires croisent un v\u00e9hicule suspect dont ils souhaitent contr\u00f4ler le conducteur. Mais ce dernier ne l\u2019entend pas de cette oreille et d\u00e9cide de stationner son automobile de type Cupra, avant de prendre la fuite \u00e0 pied en courant.<\/p>\n<p>  Les produits d\u00e9pos\u00e9s dans un sac sur la banquette arri\u00e8re<\/p>\n<p>Le jeune homme, \u00e2g\u00e9 de 28 ans et originaire de Saint-Etienne, va toutefois \u00eatre rapidement rattrap\u00e9 et interpell\u00e9. Au cours de la fouille de s\u00e9curit\u00e9, les policiers vont d\u00e9couvrir sur lui un couteau opinel et quelques grammes de r\u00e9sine de cannabis.<\/p>\n<p>Leurs investigations dans le v\u00e9hicule vont \u00e9galement leur permettre de mettre la main, dans un sac d\u00e9pos\u00e9 sur la banquette arri\u00e8re, 10 grammes de coca\u00efne, 10 grammes de r\u00e9sine de cannabis et 50 grammes d\u2019herbe de cannabis. Les agents vont aussi retrouver dans l\u2019habitacle une balance de pes\u00e9e et un second couteau.<\/p>\n<p>\u00c0 l\u2019issue de sa garde \u00e0 vue, l\u2019individu a \u00e9t\u00e9 pr\u00e9sent\u00e9 \u00e0 un magistrat qui a d\u00e9cid\u00e9 de le convoquer au cours des prochaines semaines devant le tribunal correctionnel de Saint-Etienne.<\/p>\n","protected":false},"excerpt":{"rendered":"Les membres d\u2019un \u00e9quipage de la Brigade anticriminalit\u00e9 de la police nationale se trouvaient en faction dans les&hellip;\n","protected":false},"author":2,"featured_media":482397,"comment_status":"","ping_status":"","sticky":false,"template":"","format":"standard","meta":{"footnotes":""},"categories":[9653],"tags":[1111,11,2430,271,272,7539,1777,674,274,1011,27,3367,12,25,4001,7538,104],"class_list":{"0":"post-482396","1":"post","2":"type-post","3":"status-publish","4":"format-standard","5":"has-post-thumbnail","7":"category-saint-etienne","8":"tag-actu","9":"tag-actualites","10":"tag-auvergne-rhone-alpes","11":"tag-crime","12":"tag-delit-et-contravention","13":"tag-edition-loire-sud","14":"tag-eu","15":"tag-europe","16":"tag-faits-divers-justice","17":"tag-fr","18":"tag-france","19":"tag-loire","20":"tag-news","21":"tag-republique-francaise","22":"tag-saint-etienne","23":"tag-saint-etienne-ville","24":"tag-societe"},"share_on_mastodon":{"url":"https:\/\/pubeurope.com\/@fr\/115418793577650169","error":""},"_links":{"self":[{"href":"https:\/\/www.europesays.com\/fr\/wp-json\/wp\/v2\/posts\/482396","targetHints":{"allow":["GET"]}}],"collection":[{"href":"https:\/\/www.europesays.com\/fr\/wp-json\/wp\/v2\/posts"}],"about":[{"href":"https:\/\/www.europesays.com\/fr\/wp-json\/wp\/v2\/types\/post"}],"author":[{"embeddable":true,"href":"https:\/\/www.europesays.com\/fr\/wp-json\/wp\/v2\/users\/2"}],"replies":[{"embeddable":true,"href":"https:\/\/www.europesays.com\/fr\/wp-json\/wp\/v2\/comments?post=482396"}],"version-history":[{"count":0,"href":"https:\/\/www.europesays.com\/fr\/wp-json\/wp\/v2\/posts\/482396\/revisions"}],"wp:featuredmedia":[{"embeddable":true,"href":"https:\/\/www.europesays.com\/fr\/wp-json\/wp\/v2\/media\/482397"}],"wp:attachment":[{"href":"https:\/\/www.europesays.com\/fr\/wp-json\/wp\/v2\/media?parent=482396"}],"wp:term":[{"taxonomy":"category","embeddable":true,"href":"https:\/\/www.europesays.com\/fr\/wp-json\/wp\/v2\/categories?post=482396"},{"taxonomy":"post_tag","embeddable":true,"href":"https:\/\/www.europesays.com\/fr\/wp-json\/wp\/v2\/tags?post=482396"}],"curies":[{"name":"wp","href":"https:\/\/api.w.org\/{rel}","templated":true}]}}