{"id":482400,"date":"2025-10-22T16:37:13","date_gmt":"2025-10-22T16:37:13","guid":{"rendered":"https:\/\/www.europesays.com\/fr\/482400\/"},"modified":"2025-10-22T16:37:13","modified_gmt":"2025-10-22T16:37:13","slug":"meurthe-et-moselle-une-croix-gammee-dessinee-sur-une-vitre-dune-ecole-au-nord-de-nancy","status":"publish","type":"post","link":"https:\/\/www.europesays.com\/fr\/482400\/","title":{"rendered":"Meurthe-et-Moselle. Une croix gamm\u00e9e dessin\u00e9e sur une vitre d\u2019une \u00e9cole au nord de Nancy"},"content":{"rendered":"<p>Constern\u00e9. En col\u00e8re, aussi. Le maire du paisible village d\u2019Eulmont, au nord de Nancy, l\u2019est depuis ce mardi 21 octobre.<\/p>\n<p>La raison de son courroux ? La d\u00e9couverte, sur une vitre et sur la porte d\u2019entr\u00e9e de l\u2019\u00e9cole, de croix gamm\u00e9es dessin\u00e9es avec des d\u00e9jections canines. On y voit \u00e9galement une \u00e9toile de David.<\/p>\n<p>\u00ab Oui, je suis tr\u00e8s f\u00e2ch\u00e9, en col\u00e8re. Une autre croix gamm\u00e9e a \u00e9t\u00e9 d\u00e9couverte grav\u00e9e dans la menuiserie m\u00e9tallique de l\u2019\u00e9cole. C\u2019est un acte grave. Odieux ! Ce n\u2019est pas un jeu, c\u2019est un d\u00e9lit ! \u00bb tonne <a href=\"https:\/\/www.estrepublicain.fr\/politique\/2020\/05\/25\/claude-thomas-elu-maire\" target=\"_blank\" rel=\"noopener\">Claude Thomas<\/a>, furax.<\/p>\n<p>Ce contenu est bloqu\u00e9 car vous n&rsquo;avez pas accept\u00e9 les cookies et autres traceurs.<\/p>\n<p>En cliquant sur \u00ab J\u2019accepte \u00bb, les cookies et autres traceurs seront d\u00e9pos\u00e9s et vous pourrez visualiser les contenus  (<a href=\"\" class=\"consentModule_policy\" target=\"_blank\" title=\"Consulter la politique de protection des donn\u00e9es du fournisseur\">plus d&rsquo;informations<\/a>).<\/p>\n<p>En cliquant sur \u00ab J\u2019accepte tous les cookies \u00bb, vous autorisez des d\u00e9p\u00f4ts de cookies et autres traceurs pour le stockage de vos donn\u00e9es sur nos sites et applications \u00e0 des fins de personnalisation et de ciblage publicitaire.<\/p>\n<p class=\"consentModule_secondaryText\">Vous gardez la possibilit\u00e9 de retirer votre consentement \u00e0 tout moment en consultant notre <a href=\"https:\/\/www.estrepublicain.fr\/protection-des-donnees\" target=\"_blank\" title=\"Consulter notre politique de protection des donn\u00e9es\" rel=\"noopener\">politique de protection des donn\u00e9es<\/a>. <br \/>&#13;<br \/>\n            <a href=\"https:\/\/www.estrepublicain.fr\/faits-divers-justice\/2025\/10\/22\/javascript:Didomi.notice.show()\" class=\"consentModule_cmp\" target=\"_blank\" rel=\"noopener\">G\u00e9rer mes choix<\/a>&#13;\n        <\/p>\n<p>&#13;<br \/>\n                        J&rsquo;accepte&#13;<br \/>\n            J&rsquo;accepte tous les cookies&#13;\n        <\/p>\n<p>  Une plainte<\/p>\n<p>Les faits se seraient produits dans la nuit de lundi \u00e0 mardi.<\/p>\n<p>\u00ab Des riverains ont effectivement entendu des jeunes, le soir l\u00e0, sur la place de <a href=\"https:\/\/www.estrepublicain.fr\/education\" target=\"_blank\" rel=\"noopener\">l\u2019\u00e9cole<\/a>. Je suis \u00e0 la fois f\u00e2ch\u00e9 et d\u00e9\u00e7u que des habitants du village puissent \u00eatre les auteurs de tels actes intol\u00e9rables qui blessent les gens \u00bb, ajoute le maire.<\/p>\n<p>Le premier magistrat, qui ne souhaite pas laisser passer ces actes, a d\u00e9pos\u00e9 plainte aupr\u00e8s de la gendarmerie.<\/p>\n","protected":false},"excerpt":{"rendered":"Constern\u00e9. En col\u00e8re, aussi. Le maire du paisible village d\u2019Eulmont, au nord de Nancy, l\u2019est depuis ce mardi&hellip;\n","protected":false},"author":2,"featured_media":482401,"comment_status":"","ping_status":"","sticky":false,"template":"","format":"standard","meta":{"footnotes":""},"categories":[9635],"tags":[1111,11,12080,271,272,1704,1777,20012,674,274,1011,27,775,3457,1702,12,3456,25,104],"class_list":{"0":"post-482400","1":"post","2":"type-post","3":"status-publish","4":"format-standard","5":"has-post-thumbnail","7":"category-nancy","8":"tag-actu","9":"tag-actualites","10":"tag-cc-de-seille-et-grand-couronne-54b","11":"tag-crime","12":"tag-delit-et-contravention","13":"tag-edition-nancy-et-agglomeration","14":"tag-eu","15":"tag-eulmont","16":"tag-europe","17":"tag-faits-divers-justice","18":"tag-fr","19":"tag-france","20":"tag-grand-est","21":"tag-meurthe-et-moselle","22":"tag-nancy","23":"tag-news","24":"tag-region-lorraine","25":"tag-republique-francaise","26":"tag-societe"},"share_on_mastodon":{"url":"https:\/\/pubeurope.com\/@fr\/115418801404793721","error":""},"_links":{"self":[{"href":"https:\/\/www.europesays.com\/fr\/wp-json\/wp\/v2\/posts\/482400","targetHints":{"allow":["GET"]}}],"collection":[{"href":"https:\/\/www.europesays.com\/fr\/wp-json\/wp\/v2\/posts"}],"about":[{"href":"https:\/\/www.europesays.com\/fr\/wp-json\/wp\/v2\/types\/post"}],"author":[{"embeddable":true,"href":"https:\/\/www.europesays.com\/fr\/wp-json\/wp\/v2\/users\/2"}],"replies":[{"embeddable":true,"href":"https:\/\/www.europesays.com\/fr\/wp-json\/wp\/v2\/comments?post=482400"}],"version-history":[{"count":0,"href":"https:\/\/www.europesays.com\/fr\/wp-json\/wp\/v2\/posts\/482400\/revisions"}],"wp:featuredmedia":[{"embeddable":true,"href":"https:\/\/www.europesays.com\/fr\/wp-json\/wp\/v2\/media\/482401"}],"wp:attachment":[{"href":"https:\/\/www.europesays.com\/fr\/wp-json\/wp\/v2\/media?parent=482400"}],"wp:term":[{"taxonomy":"category","embeddable":true,"href":"https:\/\/www.europesays.com\/fr\/wp-json\/wp\/v2\/categories?post=482400"},{"taxonomy":"post_tag","embeddable":true,"href":"https:\/\/www.europesays.com\/fr\/wp-json\/wp\/v2\/tags?post=482400"}],"curies":[{"name":"wp","href":"https:\/\/api.w.org\/{rel}","templated":true}]}}