{"id":482404,"date":"2025-10-22T16:39:11","date_gmt":"2025-10-22T16:39:11","guid":{"rendered":"https:\/\/www.europesays.com\/fr\/482404\/"},"modified":"2025-10-22T16:39:11","modified_gmt":"2025-10-22T16:39:11","slug":"deux-toulonnais-retenus-par-le-staff-du-xv-de-france-pour-la-tournee-dautomne","status":"publish","type":"post","link":"https:\/\/www.europesays.com\/fr\/482404\/","title":{"rendered":"Deux Toulonnais retenus par le staff du XV de France pour la tourn\u00e9e d\u2019automne"},"content":{"rendered":"<p class=\"fs-5 \">Comme \u00e0 chaque liste du XV de France, Fabien Galthi\u00e9 fait 42 heureux\u2026 et un paquet de d\u00e9\u00e7us. Titulaire indiscutable chez les Bleus depuis plus d\u2019un an, Jean-Baptiste Gros est parmi les \u00e9lus. Le pilier gauche international (26 ans, 37 s\u00e9lections) n\u2019avait pas cach\u00e9, la semaine derni\u00e8re face \u00e0 la presse, son envie de retrouver la s\u00e9lection. \u00ab Si j\u2019y suis, tant mieux, si je n\u2019y suis pas\u2026 \u00e7a fait chier. C\u2019est un objectif pour moi \u00bb, souriait \u00ab Jib\u00e9 \u00bb. Le voil\u00e0 rassur\u00e9. Absent, par choix, de la tourn\u00e9e estivale en Nouvelle-Z\u00e9lande, il reprendra le chemin de Marcoussis \u00e0 l\u2019issue de la 8e journ\u00e9e.<\/p>\n<p class=\"fs-5 \">Tout comme son co\u00e9quipier Ga\u00ebl Dr\u00e9an. Sacr\u00e9e r\u00e9v\u00e9lation du Top 14 de la saison 2024-2025 par la Ligue nationale de rugby il y a tout juste deux semaines, le Lorientais de naissance poursuit son ascension. D\u00e9j\u00e0 convoqu\u00e9 lors du dernier Tournoi par Fabien Galthi\u00e9, l\u2019ailier supersonique avait rat\u00e9 le sprint final de l\u2019exercice pr\u00e9c\u00e9dent pour des probl\u00e8mes personnels.<\/p>\n<p class=\"fs-5 \">S\u2019il a d\u00e9j\u00e0 go\u00fbt\u00e9 au rassemblement des Bleus, Ga\u00ebl Dr\u00e9an n\u2019a toujours pas eu la saveur de sa premi\u00e8re Marseillaise dans la peau d\u2019un joueur. Y aura-t-il le droit lors de ces tests de novembre, o\u00f9 le XV de France affrontera successivement l\u2019Afrique du Sud, les Fidji et enfin l\u2019Australie ? Seul le staff tricolore le sait. Ga\u00ebl Dr\u00e9an, f\u00e9licit\u00e9 par les supporters pr\u00e9sents \u00e0 l\u2019entra\u00eenement ce mercredi apr\u00e8s-midi au Campus RCT, avait la banane. Et on le comprend. Auteur de quatre essais en quatre matches cette saison, il m\u00e9rite amplement sa s\u00e9lection.<\/p>\n<p>                                                                                Pas de Serin, Ollivon, Abadie, Domon, Jaminet ou Priso Mouangu\u00e9<\/p>\n<p class=\"fs-5 \">Si \u00ab Jib\u00e9 \u00bb Gros et Ga\u00ebl Dr\u00e9an font partie des heureux, Baptiste Serin est forc\u00e9ment \u00e0 classer chez les d\u00e9\u00e7us. Touch\u00e9 aux c\u00f4tes face au Racing 92 mais pas pour autant forfait pour le Top 14 ni pour la tourn\u00e9e, le demi de m\u00eal\u00e9e international (31 ans, 46 s\u00e9lections) n\u2019a pas \u00e9t\u00e9 retenu par Fabien Galthi\u00e9. Le s\u00e9lectionneur lui a pr\u00e9f\u00e9r\u00e9 Maxime Lucu, de retour de blessure mais qui n\u2019a pas disput\u00e9 la moindre minute de championnat cette saison, Nolan Le Garrec, pas franchement d\u00e9cisif depuis son arriv\u00e9e \u00e0 La Rochelle, et Baptiste Jauneau, encore tout frais. Difficile \u00e0 comprendre.<\/p>\n<p class=\"fs-5 \">En troisi\u00e8me ligne, Charles Ollivon, lui aussi tout juste remis de sa grave blessure au genou, n\u2019est pas des 42 s\u00e9lectionn\u00e9s, tout comme son comp\u00e8re Esteban Abadie.<\/p>\n<p class=\"fs-5 \">Malgr\u00e9 leurs bons d\u00e9buts de saison respectifs, les deux arri\u00e8res toulonnais Marius Domon et Melvyn Jaminet ne figurent pas non plus sur la liste. Pas plus que Dany Priso Mouangu\u00e9, essentiel \u00e0 gauche \u00e0 Toulon et d\u00e9sormais polyvalent \u00e0 droite.<\/p>\n<p class=\"fs-5 \">Convoqu\u00e9s \u00e0 Marcoussis \u00ab \u00e0 partir du 26 octobre \u00bb dixit la FFR, les deux Toulonnais rejoindront le groupe \u00e0 l\u2019issue de la bataille au Stadium face \u00e0 Toulouse. Si Jean-Baptiste Gros devrait faire partie du d\u00e9placement, Ga\u00ebl Dr\u00e9an pourrait, quant \u00e0 lui, \u00eatre pr\u00e9serv\u00e9.<\/p>\n","protected":false},"excerpt":{"rendered":"Comme \u00e0 chaque liste du XV de France, Fabien Galthi\u00e9 fait 42 heureux\u2026 et un paquet de d\u00e9\u00e7us.&hellip;\n","protected":false},"author":2,"featured_media":482405,"comment_status":"","ping_status":"","sticky":false,"template":"","format":"standard","meta":{"footnotes":""},"categories":[9619],"tags":[1111,11,1777,674,1011,27,12,882,3461,25,2310],"class_list":{"0":"post-482404","1":"post","2":"type-post","3":"status-publish","4":"format-standard","5":"has-post-thumbnail","7":"category-toulon","8":"tag-actu","9":"tag-actualites","10":"tag-eu","11":"tag-europe","12":"tag-fr","13":"tag-france","14":"tag-news","15":"tag-provence-alpes-cote-dazur","16":"tag-rct","17":"tag-republique-francaise","18":"tag-toulon"},"share_on_mastodon":{"url":"https:\/\/pubeurope.com\/@fr\/115418809384681650","error":""},"_links":{"self":[{"href":"https:\/\/www.europesays.com\/fr\/wp-json\/wp\/v2\/posts\/482404","targetHints":{"allow":["GET"]}}],"collection":[{"href":"https:\/\/www.europesays.com\/fr\/wp-json\/wp\/v2\/posts"}],"about":[{"href":"https:\/\/www.europesays.com\/fr\/wp-json\/wp\/v2\/types\/post"}],"author":[{"embeddable":true,"href":"https:\/\/www.europesays.com\/fr\/wp-json\/wp\/v2\/users\/2"}],"replies":[{"embeddable":true,"href":"https:\/\/www.europesays.com\/fr\/wp-json\/wp\/v2\/comments?post=482404"}],"version-history":[{"count":0,"href":"https:\/\/www.europesays.com\/fr\/wp-json\/wp\/v2\/posts\/482404\/revisions"}],"wp:featuredmedia":[{"embeddable":true,"href":"https:\/\/www.europesays.com\/fr\/wp-json\/wp\/v2\/media\/482405"}],"wp:attachment":[{"href":"https:\/\/www.europesays.com\/fr\/wp-json\/wp\/v2\/media?parent=482404"}],"wp:term":[{"taxonomy":"category","embeddable":true,"href":"https:\/\/www.europesays.com\/fr\/wp-json\/wp\/v2\/categories?post=482404"},{"taxonomy":"post_tag","embeddable":true,"href":"https:\/\/www.europesays.com\/fr\/wp-json\/wp\/v2\/tags?post=482404"}],"curies":[{"name":"wp","href":"https:\/\/api.w.org\/{rel}","templated":true}]}}