{"id":482406,"date":"2025-10-22T16:40:22","date_gmt":"2025-10-22T16:40:22","guid":{"rendered":"https:\/\/www.europesays.com\/fr\/482406\/"},"modified":"2025-10-22T16:40:22","modified_gmt":"2025-10-22T16:40:22","slug":"un-enfant-de-7-ans-perd-la-vie-dans-un-terrible-accident-sur-la-route-du-mont-faron","status":"publish","type":"post","link":"https:\/\/www.europesays.com\/fr\/482406\/","title":{"rendered":"Un enfant de 7 ans perd la vie dans un terrible accident sur la route du mont Faron"},"content":{"rendered":"<p>Un drame s\u2019est produit dimanche soir sur la route d\u00e9partementale 46, au nord du mont Faron, \u00e0 <a href=\"https:\/\/www.20minutes.fr\/dossier\/toulon\" target=\"_blank\" class=\"c-link c-link--is-underlined\" rel=\"nofollow noopener\">Toulon<\/a> (<a href=\"https:\/\/www.20minutes.fr\/societe\/var\/\" target=\"_blank\" class=\"c-link c-link--is-underlined\" rel=\"nofollow noopener\">Var<\/a>). D\u2019apr\u00e8s les informations recueillies par <a href=\"https:\/\/www.nicematin.com\/faits-divers\/un-enfant-de-7-ans-tue-dans-un-choc-frontal-entre-deux-voitures-a-toulon-une-enquete-est-ouverte-10653293\" rel=\"nofollow noopener\" target=\"_blank\" class=\"c-link c-link--is-underlined\">Var-Matin<\/a>, un enfant de 7 ans a perdu la vie apr\u00e8s un violent choc frontal entre deux v\u00e9hicules, survenu vers 22h30. Les secours, rapidement d\u00e9p\u00each\u00e9s sur place, ont mobilis\u00e9 d\u2019importants moyens\u00a0: sapeurs-pompiers, Samu, police nationale et municipale.<\/p>\n<p>L\u2019un des v\u00e9hicules impliqu\u00e9s \u00e9tait conduit par une m\u00e8re accompagn\u00e9e de ses trois enfants, dont la jeune victime. L\u2019autre voiture transportait \u00e9galement plusieurs passagers. Au total, sept bless\u00e9s ont \u00e9t\u00e9 pris en charge et hospitalis\u00e9s dans la nuit, tandis qu\u2019une enqu\u00eate de police a \u00e9t\u00e9 ouverte pour comprendre les circonstances exactes de cette collision.<\/p>\n<\/p>\n<p>Enqu\u00eate en cours pour d\u00e9terminer les causes du drame<\/p>\n<p>Les premi\u00e8res constatations ont \u00e9t\u00e9 r\u00e9alis\u00e9es sur les lieux par les enqu\u00eateurs, qui cherchent \u00e0 \u00e9tablir les responsabilit\u00e9s de chaque conducteur. Des auditions ont eu lieu d\u00e8s la nuit de l\u2019accident pour pr\u00e9ciser les circonstances du choc.<\/p>\n<p>Ce nouveau drame endeuille la r\u00e9gion toulonnaise, r\u00e9guli\u00e8rement confront\u00e9e \u00e0 des accidents sur cet axe sinueux du mont Faron, <a href=\"https:\/\/www.20minutes.fr\/societe\/4178195-20251009-var-pourquoi-route-faron-va-fermer-plusieurs-jours-octobre\" target=\"_blank\" class=\"c-link c-link--is-underlined\" rel=\"nofollow noopener\">r\u00e9cemment ferm\u00e9 plusieurs jours pour travaux<\/a>.<\/p>\n","protected":false},"excerpt":{"rendered":"Un drame s\u2019est produit dimanche soir sur la route d\u00e9partementale 46, au nord du mont Faron, \u00e0 Toulon&hellip;\n","protected":false},"author":2,"featured_media":482407,"comment_status":"","ping_status":"","sticky":false,"template":"","format":"standard","meta":{"footnotes":""},"categories":[9619],"tags":[4376,1111,47,11,847,1777,674,118,1011,27,12,883,882,25,2310,7506],"class_list":{"0":"post-482406","1":"post","2":"type-post","3":"status-publish","4":"format-standard","5":"has-post-thumbnail","7":"category-toulon","8":"tag-accident-de-la-route","9":"tag-actu","10":"tag-actualite","11":"tag-actualites","12":"tag-enfant","13":"tag-eu","14":"tag-europe","15":"tag-faits-divers","16":"tag-fr","17":"tag-france","18":"tag-news","19":"tag-paca","20":"tag-provence-alpes-cote-dazur","21":"tag-republique-francaise","22":"tag-toulon","23":"tag-var"},"share_on_mastodon":{"url":"https:\/\/pubeurope.com\/@fr\/115418813164872720","error":""},"_links":{"self":[{"href":"https:\/\/www.europesays.com\/fr\/wp-json\/wp\/v2\/posts\/482406","targetHints":{"allow":["GET"]}}],"collection":[{"href":"https:\/\/www.europesays.com\/fr\/wp-json\/wp\/v2\/posts"}],"about":[{"href":"https:\/\/www.europesays.com\/fr\/wp-json\/wp\/v2\/types\/post"}],"author":[{"embeddable":true,"href":"https:\/\/www.europesays.com\/fr\/wp-json\/wp\/v2\/users\/2"}],"replies":[{"embeddable":true,"href":"https:\/\/www.europesays.com\/fr\/wp-json\/wp\/v2\/comments?post=482406"}],"version-history":[{"count":0,"href":"https:\/\/www.europesays.com\/fr\/wp-json\/wp\/v2\/posts\/482406\/revisions"}],"wp:featuredmedia":[{"embeddable":true,"href":"https:\/\/www.europesays.com\/fr\/wp-json\/wp\/v2\/media\/482407"}],"wp:attachment":[{"href":"https:\/\/www.europesays.com\/fr\/wp-json\/wp\/v2\/media?parent=482406"}],"wp:term":[{"taxonomy":"category","embeddable":true,"href":"https:\/\/www.europesays.com\/fr\/wp-json\/wp\/v2\/categories?post=482406"},{"taxonomy":"post_tag","embeddable":true,"href":"https:\/\/www.europesays.com\/fr\/wp-json\/wp\/v2\/tags?post=482406"}],"curies":[{"name":"wp","href":"https:\/\/api.w.org\/{rel}","templated":true}]}}