{"id":482412,"date":"2025-10-22T16:43:09","date_gmt":"2025-10-22T16:43:09","guid":{"rendered":"https:\/\/www.europesays.com\/fr\/482412\/"},"modified":"2025-10-22T16:43:09","modified_gmt":"2025-10-22T16:43:09","slug":"pres-de-rouen-meme-les-bouchons-nont-pas-reussi-a-stopper-la-course-folle-du-chauffard","status":"publish","type":"post","link":"https:\/\/www.europesays.com\/fr\/482412\/","title":{"rendered":"Pr\u00e8s de Rouen, m\u00eame les bouchons n&rsquo;ont pas r\u00e9ussi \u00e0 stopper la course folle du chauffard"},"content":{"rendered":"<p>            Par<br \/>\n        <strong><br \/>\n            <a href=\"https:\/\/actu.fr\/auteur\/yann-rivallan\" title=\"Consulter tous les articles de Yann Rivallan\" target=\"_blank\" rel=\"noopener\">Yann Rivallan<\/a><br \/>\n        <\/strong><\/p>\n<p>        Publi\u00e9 le<\/p>\n<p>            22 oct. 2025 \u00e0 18h16        <\/p>\n<p>Il s\u2019est mis \u00e0 acc\u00e9l\u00e9rer \u00ab\u2009d\u00e8s qu\u2019il a vu les policiers\u2009\u00bb, relate une source polici\u00e8re \u00e0 76actu. \u00c0 18h25, mardi 21\u00a0octobre 2025, <strong>un chauffard de 32\u00a0ans<\/strong> a pris tous les risques pour \u00e9chapper \u00e0 un contr\u00f4le de <a href=\"https:\/\/actu.fr\/tag\/police\" target=\"_blank\" rel=\"noopener\">police<\/a>, pr\u00e8s de <strong>Rouen<\/strong>. Au point de forcer le passage dans un rond-point embouteill\u00e9\u2026<\/p>\n<p>Course-poursuite pr\u00e8s du cin\u00e9ma<\/p>\n<p class=\" wall-content\">C\u2019est aux abords d\u2019un rond-point au Grand-Quevilly, que les forces de l\u2019ordre en patrouille voient le conducteur d\u2019une Renault Clio <strong>acc\u00e9l\u00e9rer en les voyant<\/strong>. Selon notre source, \u00ab\u00a0les policiers font imm\u00e9diatement demi-tour et le rattrapent au niveau du rond-point du cin\u00e9ma Path\u00e9\u00a0\u00bb.<\/p>\n<p class=\" wall-content\">Le trentenaire derri\u00e8re le volant de la Clio continue d\u2019acc\u00e9l\u00e9rer et roule <strong>en sens inverse<\/strong>, en direction de la zone commerciale. Les policiers allument leurs gyrophares et continuent de le suivre, \u00e0 distance.<\/p>\n<p class=\" wall-content\">Le chauffard roule tellement vite que \u00ab\u2009les policiers manquent de peu de percuter un plot\u2009\u00bb, fait remarquer notre source.<\/p>\n<p>\u00ab\u2009Il force le passage\u2009\u00bb dans les bouchons<\/p>\n<p class=\" wall-content\">La course-poursuite continue jusqu\u2019au rond-point de la Sud 3. Le fuyard se retrouve <strong>bloqu\u00e9 dans les bouchons<\/strong>. Mais rien \u00e0 faire, \u00ab\u2009il force le passage\u2009\u00bb, nous indique-t-on.<\/p>\n<p class=\" wall-content\">Apr\u00e8s avoir constat\u00e9 de nombreuses infractions au code de la route, et le refus manifeste de s\u2019arr\u00eater du conducteur, les policiers interrompent la poursuite pour ne pas mettre en danger les usagers de la route.<\/p>\n<p class=\" wall-content\">Ils tentent toutefois de <strong>retrouver sa trace<\/strong> du c\u00f4t\u00e9 de la rue des Martyrs de la R\u00e9sistance. L\u00e0, un passant leur indique que le chauffard vient de partir en direction de la rue Charles-Pranard.<\/p>\n<p>Votre r\u00e9gion, votre actu !<\/p>\n<p>Recevez chaque jour les infos qui comptent pour vous.<\/p>\n<p>\t<a href=\"https:\/\/actu.fr\/newsletter\" class=\"ac-btn ac-btn--corner ac-btn--medium ac-btn--blue800\" target=\"_blank\" rel=\"noopener\">S&rsquo;incrire<\/a><br \/>\nPermis de conduire invalide<\/p>\n<p class=\" wall-content\">Ils retrouvent la Clio dans cette rue quelques instants plus tard et, juste \u00e0 c\u00f4t\u00e9, un homme qui correspond en tout point au chauffard rep\u00e9r\u00e9 un peu plus t\u00f4t. Les policiers descendent de leur voiture et <strong>interpellent cet homme de 32\u00a0ans<\/strong>, alors qu\u2019il \u00e9tait sur le point d\u2019entrer dans une maison.<\/p>\n<blockquote class=\"ac-article-quote wall-content\">\n<p>Les coll\u00e8gues remarquent une bouteille de protoxyde d&rsquo;azote et des cl\u00e9s au sol \u00e0 c\u00f4t\u00e9 de lui.<\/p>\n<p>    <strong>Une source polici\u00e8re<\/strong>\n            <\/p><\/blockquote>\n<p class=\" wall-content\">Le mis en cause assure ne pas \u00eatre le propri\u00e9taire de ces objets. Apr\u00e8s v\u00e9rification, les policiers vont constater que les cl\u00e9s ouvrent bien la voiture qu\u2019ils ont poursuivie. Le trentenaire est menott\u00e9 et plac\u00e9 en garde \u00e0 vue.<\/p>\n<p class=\" wall-content\">En passant son nom dans le fichier d\u2019identification, les gardiens de la paix vont se rendre compte que son <strong>permis de conduire est invalide<\/strong>. De plus, ils vont retrouver dans ses effets personnels un permis de conduire d\u00e9clar\u00e9 vol\u00e9 depuis le 13\u00a0d\u00e9cembre 2020.<\/p>\n<p class=\" wall-content\">Il est test\u00e9 n\u00e9gatif \u00e0 l\u2019alcool mais <strong>positif aux stup\u00e9fiants<\/strong>, avec la pr\u00e9sence de THC, laissant entendre qu\u2019il a consomm\u00e9 r\u00e9cemment du cannabis.<\/p>\n<p>Suivez l\u2019actualit\u00e9 de Rouen <a href=\"https:\/\/www.whatsapp.com\/channel\/0029VaKfnf99hXF2ddApFB1D\" target=\"_blank\" rel=\"noopener\">sur notre cha\u00eene WhatsApp<\/a> et <a href=\"https:\/\/www.tiktok.com\/@76actu.fr?lang=fr\" target=\"_blank\" rel=\"noopener\">sur notre compte TikTok<\/a><\/p>\n<p class=\" wall-content\">Personnalisez votre actualit\u00e9 en ajoutant vos villes et m\u00e9dias en favori avec <a href=\"https:\/\/moncompte.actu.fr\" title=\"D\u00e9couvez Mon Actu\" rel=\"nofollow noopener\" data-trk=\"{&quot;cta&quot;:{&quot;action&quot;:&quot;https:\\\/\\\/moncompte.actu.fr&quot;,&quot;category&quot;:&quot;mon compte&quot;,&quot;from&quot;:&quot;article footer&quot;,&quot;name&quot;:&quot;Mon actu&quot;,&quot;type&quot;:&quot;cta&quot;}}\" target=\"_blank\">Mon Actu<\/a>.<\/p>\n<p>                    <script async src=\"\/\/www.tiktok.com\/embed.js\"><\/script><\/p>\n","protected":false},"excerpt":{"rendered":"Par Yann Rivallan Publi\u00e9 le 22 oct. 2025 \u00e0 18h16 Il s\u2019est mis \u00e0 acc\u00e9l\u00e9rer \u00ab\u2009d\u00e8s qu\u2019il a&hellip;\n","protected":false},"author":2,"featured_media":482413,"comment_status":"","ping_status":"","sticky":false,"template":"","format":"standard","meta":{"footnotes":""},"categories":[9587],"tags":[1111,11,3675,1777,674,118,1011,27,12,5161,1072,2852,25,9590],"class_list":{"0":"post-482412","1":"post","2":"type-post","3":"status-publish","4":"format-standard","5":"has-post-thumbnail","7":"category-rouen","8":"tag-actu","9":"tag-actualites","10":"tag-cannabis","11":"tag-eu","12":"tag-europe","13":"tag-faits-divers","14":"tag-fr","15":"tag-france","16":"tag-news","17":"tag-normandie","18":"tag-police","19":"tag-refus-dobtemperer","20":"tag-republique-francaise","21":"tag-rouen"},"share_on_mastodon":{"url":"https:\/\/pubeurope.com\/@fr\/115418825054531711","error":""},"_links":{"self":[{"href":"https:\/\/www.europesays.com\/fr\/wp-json\/wp\/v2\/posts\/482412","targetHints":{"allow":["GET"]}}],"collection":[{"href":"https:\/\/www.europesays.com\/fr\/wp-json\/wp\/v2\/posts"}],"about":[{"href":"https:\/\/www.europesays.com\/fr\/wp-json\/wp\/v2\/types\/post"}],"author":[{"embeddable":true,"href":"https:\/\/www.europesays.com\/fr\/wp-json\/wp\/v2\/users\/2"}],"replies":[{"embeddable":true,"href":"https:\/\/www.europesays.com\/fr\/wp-json\/wp\/v2\/comments?post=482412"}],"version-history":[{"count":0,"href":"https:\/\/www.europesays.com\/fr\/wp-json\/wp\/v2\/posts\/482412\/revisions"}],"wp:featuredmedia":[{"embeddable":true,"href":"https:\/\/www.europesays.com\/fr\/wp-json\/wp\/v2\/media\/482413"}],"wp:attachment":[{"href":"https:\/\/www.europesays.com\/fr\/wp-json\/wp\/v2\/media?parent=482412"}],"wp:term":[{"taxonomy":"category","embeddable":true,"href":"https:\/\/www.europesays.com\/fr\/wp-json\/wp\/v2\/categories?post=482412"},{"taxonomy":"post_tag","embeddable":true,"href":"https:\/\/www.europesays.com\/fr\/wp-json\/wp\/v2\/tags?post=482412"}],"curies":[{"name":"wp","href":"https:\/\/api.w.org\/{rel}","templated":true}]}}