{"id":482416,"date":"2025-10-22T16:45:12","date_gmt":"2025-10-22T16:45:12","guid":{"rendered":"https:\/\/www.europesays.com\/fr\/482416\/"},"modified":"2025-10-22T16:45:12","modified_gmt":"2025-10-22T16:45:12","slug":"grenoble-la-maison-de-la-couture-change-de-proprietaire-en-douceur","status":"publish","type":"post","link":"https:\/\/www.europesays.com\/fr\/482416\/","title":{"rendered":"Grenoble. La Maison de la couture change de propri\u00e9taire en douceur"},"content":{"rendered":"<p>\u00ab\u00a0Le 1er \u00a0octobre 1998, Thierry et moi reprenions le magasin de machines \u00e0 coudre situ\u00e9 au 49, rue Thiers, petite boutique remplie de machines \u00e0 coudre, de surjeteuses et d\u2019un atelier de r\u00e9parations de machines. Nous y avons fait nos premiers pas\u00a0\u00bb, explique C\u00e9cile Beriot de La Maison de la couture.<\/p>\n<p>En janvier\u00a02003, ils emm\u00e9nagent dans des locaux plus grands, plus lumineux juste en face au 47 rue Thiers, avec l\u2019envie d\u2019apporter tout ce que C\u00e9cile Beriot aime\u00a0: de la couleur, des tissus, des rubans et des galons, des boutons, des patrons, des cours de couture et des conseils. Son id\u00e9e \u00e9tait de proposer \u00ab\u00a0tous les ingr\u00e9dients pour r\u00e9ussir vos cr\u00e9ations\u00a0\u00bb.<\/p>\n<p>Les clientes et les clients ont toujours \u00e9t\u00e9 au rendez-vous, avec un rajeunissement \u00e9vident et une client\u00e8le masculine de plus en plus importante. Le site internet a \u00e9t\u00e9 un axe important aussi de leur d\u00e9veloppement.<\/p>\n<p>\u00ab\u00a0Le 1er \u00a0octobre 2025, l\u2019aventure continue car nous avons eu la chance de rencontrer Agn\u00e8s et Yoran (Chiron), tr\u00e8s motiv\u00e9s pour continuer l\u2019aventure et que nous allons accompagner et pr\u00e9senter \u00e0 nos clients jusqu\u2019\u00e0 la fin de l\u2019ann\u00e9e. Nous serons pr\u00e9sents tous les quatre sur la Foire de Grenoble du 1er au 11\u00a0novembre, moment important de rencontres et d\u2019\u00e9changes avec nos clients\u00a0\u00bb, ajoute C\u00e9cile. \u00ab\u00a0Nos repreneurs, Agn\u00e8s et Yoran sont anim\u00e9s de la m\u00eame passion que nous. Nous nous entendons parfaitement sur tous les sujets et nous avons plaisir \u00e0 prolonger cette belle aventure de La Maison de la couture.\u00a0\u00bb<\/p>\n<p class=\"note\">47 rue Thiers.<\/p>\n","protected":false},"excerpt":{"rendered":"\u00ab\u00a0Le 1er \u00a0octobre 1998, Thierry et moi reprenions le magasin de machines \u00e0 coudre situ\u00e9 au 49, rue&hellip;\n","protected":false},"author":2,"featured_media":482417,"comment_status":"","ping_status":"","sticky":false,"template":"","format":"standard","meta":{"footnotes":""},"categories":[9566],"tags":[1111,11,2430,4406,1687,112,1777,674,1011,27,2731,2732,12,25],"class_list":{"0":"post-482416","1":"post","2":"type-post","3":"status-publish","4":"format-standard","5":"has-post-thumbnail","7":"category-grenoble","8":"tag-actu","9":"tag-actualites","10":"tag-auvergne-rhone-alpes","11":"tag-commerce-et-services","12":"tag-culture-loisirs","13":"tag-edition-grenoble-agglomeration","14":"tag-eu","15":"tag-europe","16":"tag-fr","17":"tag-france","18":"tag-grenoble","19":"tag-grenoble-bassin","20":"tag-news","21":"tag-republique-francaise"},"share_on_mastodon":{"url":"https:\/\/pubeurope.com\/@fr\/115418832970236685","error":""},"_links":{"self":[{"href":"https:\/\/www.europesays.com\/fr\/wp-json\/wp\/v2\/posts\/482416","targetHints":{"allow":["GET"]}}],"collection":[{"href":"https:\/\/www.europesays.com\/fr\/wp-json\/wp\/v2\/posts"}],"about":[{"href":"https:\/\/www.europesays.com\/fr\/wp-json\/wp\/v2\/types\/post"}],"author":[{"embeddable":true,"href":"https:\/\/www.europesays.com\/fr\/wp-json\/wp\/v2\/users\/2"}],"replies":[{"embeddable":true,"href":"https:\/\/www.europesays.com\/fr\/wp-json\/wp\/v2\/comments?post=482416"}],"version-history":[{"count":0,"href":"https:\/\/www.europesays.com\/fr\/wp-json\/wp\/v2\/posts\/482416\/revisions"}],"wp:featuredmedia":[{"embeddable":true,"href":"https:\/\/www.europesays.com\/fr\/wp-json\/wp\/v2\/media\/482417"}],"wp:attachment":[{"href":"https:\/\/www.europesays.com\/fr\/wp-json\/wp\/v2\/media?parent=482416"}],"wp:term":[{"taxonomy":"category","embeddable":true,"href":"https:\/\/www.europesays.com\/fr\/wp-json\/wp\/v2\/categories?post=482416"},{"taxonomy":"post_tag","embeddable":true,"href":"https:\/\/www.europesays.com\/fr\/wp-json\/wp\/v2\/tags?post=482416"}],"curies":[{"name":"wp","href":"https:\/\/api.w.org\/{rel}","templated":true}]}}