{"id":482418,"date":"2025-10-22T16:46:16","date_gmt":"2025-10-22T16:46:16","guid":{"rendered":"https:\/\/www.europesays.com\/fr\/482418\/"},"modified":"2025-10-22T16:46:16","modified_gmt":"2025-10-22T16:46:16","slug":"jouer-dans-un-grand-stade-cest-exceptionnel-comment-le-groupe-vannetais-a-reagi-a-la-delocalisation-du-choc-contre-grenoble-a-rennes","status":"publish","type":"post","link":"https:\/\/www.europesays.com\/fr\/482418\/","title":{"rendered":"\u00ab\u00a0Jouer dans un grand stade, c\u2019est exceptionnel\u00a0\u00bb\u00a0: comment le groupe vannetais a r\u00e9agi \u00e0 la d\u00e9localisation du choc contre Grenoble \u00e0 Rennes"},"content":{"rendered":"<p>Pro D2 (8e journ\u00e9e). Colomiers &#8211; RC Vannes, vendredi (21\u00a0h)<\/p>\n<p>Pr\u00e8s de 30\u00a0000 personnes venues de toute la Bretagne pour pousser derri\u00e8re le <a href=\"https:\/\/www.letelegramme.fr\/sports\/rugby\/rc-vannes\/\" target=\"_blank\" rel=\"nofollow noopener\">RC Vannes<\/a>\u2026 Cette image exaltante pourrait devenir r\u00e9alit\u00e9 dans trois semaines lors du choc de la 11e journ\u00e9e de Pro D2, contre Grenoble. Cette affiche de gala, remake de la finale de 2024, a \u00e9t\u00e9 programm\u00e9e le dimanche 16 novembre en prime time (21\u00a0h).<\/p>\n<p>Et les dirigeants vannetais ont saut\u00e9 sur l\u2019occasion pour <a href=\"https:\/\/www.letelegramme.fr\/sports\/rugby\/rc-vannes\/rc-vannes-grenoble-sera-bien-delocalise-a-rennes-le-dimanche-16-novembre-en-prime-time-6913441.php\" target=\"_blank\" rel=\"nofollow noopener\">d\u00e9localiser cette rencontre \u00e0 Rennes<\/a>, dans un Roazhon Park \u00e0 la capacit\u00e9 bien sup\u00e9rieur*. Cette d\u00e9localisation permettra d\u2019accueillir un maximum de fans, alors que nombreuses personnes avaient \u00e9t\u00e9 frustr\u00e9es la saison pass\u00e9e en Top 14 devant la difficult\u00e9 de se procurer des places. Elle permettra aussi au RCV \u00e0 r\u00e9aliser une belle op\u00e9ration financi\u00e8re.<\/p>\n<p>Mais qu\u2019en pense le groupe vannetais d\u2019un point de vue sportif\u00a0? \u00ab\u00a0On n\u2019en a pas trop parl\u00e9. On est vraiment focus sur le match de Colomiers, confiait Jeremy Davidson, l\u2019entra\u00eeneur des avants, ce mercredi. Mais l\u2019affiche est all\u00e9chante. Grenoble, c\u2019est une des \u00e9quipes phares de ce championnat. Donc jouer devant un gros public, dans un grand stade, c\u2019est quelque chose d\u2019exceptionnel. Les joueurs vont appr\u00e9cier cette opportunit\u00e9, je crois.\u00a0\u00bb<\/p>\n<p>\u00ab\u00a0L\u2019ambiance \u00e9tait exceptionnelle\u00a0\u00bb \u00e0 Guingamp<\/p>\n<p>Ils avaient appr\u00e9ci\u00e9 de jouer \u00e0 Guingamp, contre le Stade Toulousain, devant 17\u00a0000 personnes. Mais il s\u2019agissait d\u2019un match de pr\u00e9paration. \u00ab\u00a0L\u2019ambiance \u00e9tait exceptionnelle, continue Davidson. Le 16e homme nous avait apport\u00e9 sur ce match.\u00a0\u00bb<\/p>\n<p>Cette pratique est de plus en plus fr\u00e9quente, plusieurs clubs s\u2019exportent une fois par saison dans une plus grande enceinte. En Top 14, Bayonne re\u00e7oit \u00e0 Saint-S\u00e9bastien (Espagne), Toulon au V\u00e9lodrome de Marseille ou encore Toulouse au Stadium, comme ce sera le cas ce dimanche contre le RCT. En Pro D2, le derby landais entre Dax et Mont-de-Marsan avait \u00e9t\u00e9 d\u00e9localis\u00e9 \u00e0 Bayonne la saison pass\u00e9e. \u00c7a permet aussi de cr\u00e9er l\u2019\u00e9v\u00e9nement au sein du groupe.<\/p>\n<p>\u00ab\u00a0\u00c7a peut galvaniser mais mettre plus de pression\u00a0\u00bb<\/p>\n<p>\u00ab\u00a0J\u2019ai eu la chance de pouvoir en faire durant ma carri\u00e8re, expliquait Fabrice Metz. C\u2019est toujours plaisant de pouvoir jouer dans des grands stades, devant beaucoup de monde. Ces souvenirs restent grav\u00e9s. Avec le Racing M\u00e9tro 92, j\u2019ai jou\u00e9 au Stade de France contre le Stade Fran\u00e7ais pour les 130 ans du club et contre le Munster en coupe d\u2019Europe (les deux en 2012). Avec Pau, on a jou\u00e9 \u00e0 Saint-S\u00e9bastien (contre Bayonne en 2023). On avait gagn\u00e9 en plus (rire). Il y avait aussi Thibaut Deba\u00ebs, ce sont des super souvenirs.\u00a0\u00bb<\/p>\n<p>Mais l\u2019effet peut \u00eatre \u00e0 double tranchant pour l\u2019\u00e9quipe \u00e0 domicile. \u00ab\u00a0\u00c7a peut galvaniser les troupes, mais \u00e7a met un peu plus de pression sur nous, les joueurs, pour avoir des r\u00e9sultats parce que le club met tout ce qu\u2019il faut pour pouvoir faire une belle f\u00eate.\u00a0\u00bb<\/p>\n<p>L\u2019important est d\u2019y aller par \u00e9tapes, estime le deuxi\u00e8me ligne de 34 ans. \u00ab\u00a0On va d\u00e9j\u00e0 se concentrer sur le match de Colomiers, ne pas mettre la charrue avant les b\u0153ufs, parce que c\u2019est souvent comme \u00e7a qu\u2019on se met une balle dans le pied.\u00a0\u00bb<\/p>\n<p class=\"tech\">*29\u00a0778 contre 12\u00a0422 \u00e0 La Rabine<\/p>\n","protected":false},"excerpt":{"rendered":"Pro D2 (8e journ\u00e9e). Colomiers &#8211; RC Vannes, vendredi (21\u00a0h) Pr\u00e8s de 30\u00a0000 personnes venues de toute la&hellip;\n","protected":false},"author":2,"featured_media":482419,"comment_status":"","ping_status":"","sticky":false,"template":"","format":"standard","meta":{"footnotes":""},"categories":[9566],"tags":[1111,11,2430,1777,674,1011,27,2731,12,60570,2308,3164,3167,25,479,60,3165],"class_list":{"0":"post-482418","1":"post","2":"type-post","3":"status-publish","4":"format-standard","5":"has-post-thumbnail","7":"category-grenoble","8":"tag-actu","9":"tag-actualites","10":"tag-auvergne-rhone-alpes","11":"tag-eu","12":"tag-europe","13":"tag-fr","14":"tag-france","15":"tag-grenoble","16":"tag-news","17":"tag-newsletter-rc-vannes","18":"tag-pro-d2","19":"tag-rc-vannes","20":"tag-rcv","21":"tag-republique-francaise","22":"tag-rugby","23":"tag-sports","24":"tag-vannes"},"share_on_mastodon":{"url":"https:\/\/pubeurope.com\/@fr\/115418836840488239","error":""},"_links":{"self":[{"href":"https:\/\/www.europesays.com\/fr\/wp-json\/wp\/v2\/posts\/482418","targetHints":{"allow":["GET"]}}],"collection":[{"href":"https:\/\/www.europesays.com\/fr\/wp-json\/wp\/v2\/posts"}],"about":[{"href":"https:\/\/www.europesays.com\/fr\/wp-json\/wp\/v2\/types\/post"}],"author":[{"embeddable":true,"href":"https:\/\/www.europesays.com\/fr\/wp-json\/wp\/v2\/users\/2"}],"replies":[{"embeddable":true,"href":"https:\/\/www.europesays.com\/fr\/wp-json\/wp\/v2\/comments?post=482418"}],"version-history":[{"count":0,"href":"https:\/\/www.europesays.com\/fr\/wp-json\/wp\/v2\/posts\/482418\/revisions"}],"wp:featuredmedia":[{"embeddable":true,"href":"https:\/\/www.europesays.com\/fr\/wp-json\/wp\/v2\/media\/482419"}],"wp:attachment":[{"href":"https:\/\/www.europesays.com\/fr\/wp-json\/wp\/v2\/media?parent=482418"}],"wp:term":[{"taxonomy":"category","embeddable":true,"href":"https:\/\/www.europesays.com\/fr\/wp-json\/wp\/v2\/categories?post=482418"},{"taxonomy":"post_tag","embeddable":true,"href":"https:\/\/www.europesays.com\/fr\/wp-json\/wp\/v2\/tags?post=482418"}],"curies":[{"name":"wp","href":"https:\/\/api.w.org\/{rel}","templated":true}]}}