{"id":482422,"date":"2025-10-22T16:48:14","date_gmt":"2025-10-22T16:48:14","guid":{"rendered":"https:\/\/www.europesays.com\/fr\/482422\/"},"modified":"2025-10-22T16:48:14","modified_gmt":"2025-10-22T16:48:14","slug":"arkea-park-le-tribunal-administratif-de-rennes-suspend-larrete-autorisant-une-derogation-aux-porteurs-du-projet","status":"publish","type":"post","link":"https:\/\/www.europesays.com\/fr\/482422\/","title":{"rendered":"Ark\u00e9a Park\u00a0: le tribunal administratif de Rennes suspend l\u2019arr\u00eat\u00e9 autorisant une d\u00e9rogation aux porteurs du projet"},"content":{"rendered":"<p>Dans <a href=\"https:\/\/rennes.tribunal-administratif.fr\/decisions-de-justice\/dernieres-decisions\/projet-de-construction-du-stade-de-football-arkea-park\" target=\"_blank\" rel=\"noopener\">un communiqu\u00e9<\/a>, publi\u00e9 ce mercredi 22 octobre 2025, le juge des r\u00e9f\u00e9r\u00e9s du tribunal administratif de Rennes a annonc\u00e9 la suspension de l\u2019ex\u00e9cution de l\u2019arr\u00eat\u00e9 pr\u00e9fectoral du 23 juin 2025, qui accordait aux porteurs du projet de l\u2019Ark\u00e9a Park, \u00e0 Guipavas, une d\u00e9rogation \u00e0 l\u2019interdiction de porter atteinte \u00e0 certaines esp\u00e8ces animales prot\u00e9g\u00e9es et \u00e0 leurs habitats.<\/p>\n<p>Les deux autres recours rejet\u00e9s<\/p>\n<p>Le tribunal <a href=\"https:\/\/www.letelegramme.fr\/finistere\/brest-29200\/les-opposants-a-larkea-park-le-futur-stade-de-brest-donnent-le-coup-denvoi-du-match-judiciaire-6909977.php\" target=\"_blank\" rel=\"noopener\">avait examin\u00e9, le 15 octobre,<\/a> le recours d\u00e9pos\u00e9, en urgence, par trois associations de d\u00e9fense de l\u2019environnement &#8211; Costour, poumon vert en Finist\u00e8re (CPV), le Groupe national de surveillance des arbres (GNSA) et l\u2019association Agir pour le vivant et les esp\u00e8ces sauvages (AVES France) &#8211; oppos\u00e9s aux travaux du futur stade de Brest.<\/p>\n<p>\u00ab\u00a0Au regard des pi\u00e8ces qui lui ont \u00e9t\u00e9 soumises et dans le contexte d\u2019une proc\u00e9dure d\u2019urgence, le juge des r\u00e9f\u00e9r\u00e9s a consid\u00e9r\u00e9 qu\u2019il n\u2019\u00e9tait pas suffisamment justifi\u00e9 que l\u2019\u00e9quipement sportif en projet r\u00e9pondait \u00e0 une raison imp\u00e9rative d\u2019int\u00e9r\u00eat public majeur, crit\u00e8re fix\u00e9 par le l\u00e9gislateur pour qu\u2019il puisse \u00eatre d\u00e9rog\u00e9 aux interdictions visant \u00e0 assurer la conservation des esp\u00e8ces animales non domestiques et de leurs habitats, dont trente-six esp\u00e8ces (reptiles, mammif\u00e8res, oiseaux) ont \u00e9t\u00e9 identifi\u00e9es sur le secteur de Froutven\u00a0\u00bb, indique le communiqu\u00e9.<\/p>\n<p>Les deux autres recours d\u00e9pos\u00e9s par les trois associations, qui concernaient les travaux de d\u00e9molition des b\u00e2timents dits \u00ab\u00a0Maner Coz\u00a0\u00bb, ont, en revanche, \u00e9t\u00e9 rejet\u00e9s, \u00ab\u00a0compte tenu de leurs finalit\u00e9s\u00a0\u00bb.<\/p>\n","protected":false},"excerpt":{"rendered":"Dans un communiqu\u00e9, publi\u00e9 ce mercredi 22 octobre 2025, le juge des r\u00e9f\u00e9r\u00e9s du tribunal administratif de Rennes&hellip;\n","protected":false},"author":2,"featured_media":482423,"comment_status":"","ping_status":"","sticky":false,"template":"","format":"standard","meta":{"footnotes":""},"categories":[2821],"tags":[1111,11,3450,829,765,1777,674,3321,63,1011,27,303,12,584,25,60,4449],"class_list":{"0":"post-482422","1":"post","2":"type-post","3":"status-publish","4":"format-standard","5":"has-post-thumbnail","7":"category-rennes","8":"tag-actu","9":"tag-actualites","10":"tag-brest","11":"tag-bretagne","12":"tag-en-continu","13":"tag-eu","14":"tag-europe","15":"tag-finistere","16":"tag-football","17":"tag-fr","18":"tag-france","19":"tag-justice","20":"tag-news","21":"tag-rennes","22":"tag-republique-francaise","23":"tag-sports","24":"tag-stade-brestois"},"share_on_mastodon":{"url":"https:\/\/pubeurope.com\/@fr\/115418844656117685","error":""},"_links":{"self":[{"href":"https:\/\/www.europesays.com\/fr\/wp-json\/wp\/v2\/posts\/482422","targetHints":{"allow":["GET"]}}],"collection":[{"href":"https:\/\/www.europesays.com\/fr\/wp-json\/wp\/v2\/posts"}],"about":[{"href":"https:\/\/www.europesays.com\/fr\/wp-json\/wp\/v2\/types\/post"}],"author":[{"embeddable":true,"href":"https:\/\/www.europesays.com\/fr\/wp-json\/wp\/v2\/users\/2"}],"replies":[{"embeddable":true,"href":"https:\/\/www.europesays.com\/fr\/wp-json\/wp\/v2\/comments?post=482422"}],"version-history":[{"count":0,"href":"https:\/\/www.europesays.com\/fr\/wp-json\/wp\/v2\/posts\/482422\/revisions"}],"wp:featuredmedia":[{"embeddable":true,"href":"https:\/\/www.europesays.com\/fr\/wp-json\/wp\/v2\/media\/482423"}],"wp:attachment":[{"href":"https:\/\/www.europesays.com\/fr\/wp-json\/wp\/v2\/media?parent=482422"}],"wp:term":[{"taxonomy":"category","embeddable":true,"href":"https:\/\/www.europesays.com\/fr\/wp-json\/wp\/v2\/categories?post=482422"},{"taxonomy":"post_tag","embeddable":true,"href":"https:\/\/www.europesays.com\/fr\/wp-json\/wp\/v2\/tags?post=482422"}],"curies":[{"name":"wp","href":"https:\/\/api.w.org\/{rel}","templated":true}]}}