{"id":482430,"date":"2025-10-22T16:53:10","date_gmt":"2025-10-22T16:53:10","guid":{"rendered":"https:\/\/www.europesays.com\/fr\/482430\/"},"modified":"2025-10-22T16:53:10","modified_gmt":"2025-10-22T16:53:10","slug":"pres-de-nice-une-seconde-plainte-pour-abus-sexuels-deposee-contre-un-enseignant-de-maternelle","status":"publish","type":"post","link":"https:\/\/www.europesays.com\/fr\/482430\/","title":{"rendered":"Pr\u00e8s de Nice, une seconde plainte pour abus sexuels d\u00e9pos\u00e9e contre un enseignant de maternelle"},"content":{"rendered":"<p>\n    Cette seconde plainte intervient apr\u00e8s le classement sans suite par le parquet de Grasse, mardi, de la proc\u00e9dure engag\u00e9e contre un enseignant accus\u00e9 du viol de deux enfants. Les familles ont d\u00e9pos\u00e9 mercredi une plainte conjointe avec constitution de partie civile contre l\u2019enseignant en question.<\/p>\n<p class=\"fig-paragraph\">L\u2019enqu\u00eate pour viols\u00a0<a href=\"http:\/\/www.lefigaro.fr\/nice\/pres-de-nice-deux-familles-deposent-plaintes-pour-abus-sexuels-contre-un-enseignant-de-maternelle-20251017\" data-fig-type=\"NewsFlash\" data-gtm-custom-categorie=\"navigation\" data-gtm-custom-action=\"crossclick\" data-gtm-custom-label=\"Contextuel\" data-gtm-event=\"customEventSPE\" data-fig-domain=\"LEFIGARO\" target=\"_blank\" rel=\"noopener\">visant un enseignant d\u2019une \u00e9cole maternelle<\/a>\u00a0\u00e0 Saint-Laurent-du-Var, pr\u00e8s de Nice (Alpes-Maritimes) conna\u00eet, ces derni\u00e8res vingt-quatre heures, deux nouvelles actualit\u00e9s\u00a0: un classement sans suite et, dans la foul\u00e9e, une nouvelle plainte.<\/p>\n<p class=\"fig-paragraph\">Mercredi 1er octobre, deux familles avaient d\u00e9pos\u00e9 plainte pour des faits d\u2019abus sexuels pr\u00e9sum\u00e9s concernant leurs enfants, \u00e2g\u00e9s de quatre et trois ans et demi, contre un enseignant de maternelle. Dans la foul\u00e9e, une enqu\u00eate judiciaire avait \u00e9t\u00e9 ouverte et confi\u00e9e \u00e0 la police nationale de Cagnes-sur-Mer. Mais dans un communiqu\u00e9 de presse transmis mardi, le procureur de la R\u00e9publique de Grasse a annonc\u00e9 que de l\u2019enqu\u00eate ne pr\u00e9sentait \u00abaucune charge susceptible de laisser soup\u00e7onner la r\u00e9alit\u00e9 des faits qui ont \u00e9t\u00e9 rapport\u00e9s \u00e0 la justice, raison pour laquelle il a \u00e9t\u00e9 ordonn\u00e9 le classement sans suite de la proc\u00e9dure\u00bb.<\/p>\n<p>                                    <a class=\"fig-a11y-skip a11y-hidden\" href=\"#fig-a11y-skip-main-inarticle\"><br \/>\n        Passer la publicit\u00e9<br \/>\n    <\/a><\/p>\n<p>L\u2019enseignant \u00abconteste fermement\u00bb<\/p>\n<p class=\"fig-paragraph\">\u00abLes parents des deux enfants ont d\u2019abord \u00e9t\u00e9 entendus sur les confidences recueillies\u00bb, d\u00e9taille le parquet. \u00abSituant les actes dans les toilettes de l\u2019\u00e9tablissement, ils ont rapport\u00e9 des propos parfois difficilement formul\u00e9s. Il en a \u00e9t\u00e9 de m\u00eame \u00e0 propos de la parole des enfants pourtant recueillie par des enqu\u00eateurs sp\u00e9cialis\u00e9s dans le cadre du\u00a0<a href=\"https:\/\/www.lefigaro.fr\/actualite-france\/police-a-marseille-une-salle-pour-entendre-les-victimes-de-3-a-7-ans-20191017\" data-fig-type=\"Article\" data-gtm-custom-categorie=\"navigation\" data-gtm-custom-action=\"crossclick\" data-gtm-custom-label=\"Contextuel\" data-gtm-event=\"customEventSPE\" data-fig-domain=\"LEFIGARO\" target=\"_blank\" rel=\"noopener\">protocole M\u00e9lanie<\/a> \u00a0(salles d\u2019audition sp\u00e9cialement am\u00e9nag\u00e9es, NDLR)\u00bb. L\u2019enseignant, pr\u00e9sum\u00e9 innocent, \u00abconteste fermement les accusations relay\u00e9es et ce, dans leur int\u00e9gralit\u00e9\u00bb, avait en parall\u00e8le fait savoir son avocat, Me Louis Gadd, \u00e0 travers un communiqu\u00e9. Le\u00a0<a href=\"http:\/\/www.lefigaro.fr\/nice\/grasse-un-homme-tue-son-ex-compagne-de-seize-coups-de-couteau-avant-de-se-suicider-20251013\" data-fig-type=\"NewsFlash\" data-gtm-custom-categorie=\"navigation\" data-gtm-custom-action=\"crossclick\" data-gtm-custom-label=\"Contextuel\" data-gtm-event=\"customEventSPE\" data-fig-domain=\"LEFIGARO\" target=\"_blank\" rel=\"noopener\">procureur de la R\u00e9publique de Grasse<\/a>\u00a0a aussi soulign\u00e9 que le ma\u00eetre d\u2019\u00e9cole \u00abexerce depuis plus de 10 ans sans avoir fait l\u2019objet d\u2019aucun signalement\u00bb et que \u00absa hi\u00e9rarchie a rapport\u00e9 des \u00e9tats de service exemplaires\u00bb.<\/p>\n<p class=\"fig-paragraph\">En conclusion, le parquet mandatait une association d\u2019accompagnement psychologique pour l\u2019enseignant \u00abparticuli\u00e8rement marqu\u00e9 par les accusations dont il a fait l\u2019objet telles que rapport\u00e9es par voie de presse\u00bb. Un classement sans suite que les deux familles ont appris par une journaliste, mardi, avec \u00abchoc\u00bb. En cons\u00e9quence, \u00ables repr\u00e9sentants l\u00e9gaux des deux jeunes enfants d\u00e9posent conjointement une plainte avec constitution de partie civile pr\u00e8s le tribunal judiciaire de Grasse\u00bb, ont fait savoir leurs conseils, Me Audrey Giordan et Me Romain Guerinot.<\/p>\n<p>\u00abDysfonctionnements\u00bb dans l\u2019enqu\u00eate men\u00e9e \u00e0 Grasse<\/p>\n<p class=\"fig-paragraph\">La constitution de partie civile d\u00e9clenche l\u2019ouverture d\u2019une instruction judiciaire, et donc d\u2019une nouvelle enqu\u00eate. Les deux avocats d\u00e9noncent \u00abde trop nombreux dysfonctionnements\u00bb dans celle men\u00e9e par le commissariat de Cagnes-sur-Mer, o\u00f9 ont \u00e9t\u00e9 d\u00e9pos\u00e9es les plaintes. \u00abLes faits all\u00e9gu\u00e9s par ces enfants de 4 ans sont plus qu\u2019\u00e9tonnants et pour autant l\u2019un d\u2019eux n\u2019a \u00e9t\u00e9 entendu que quelques minutes dans la salle M\u00e9lanie par une fonctionnaire ayant valid\u00e9 des commentaires sur la pr\u00e9somption d\u2019innocence sur les r\u00e9seaux sociaux\u00bb, \u00e9crivent-ils. Jointe par t\u00e9l\u00e9phone, Me Giordan insiste sur les d\u00e9clarations des deux gar\u00e7onnets qui, \u00abm\u00eame s\u2019ils \u00e9taient dot\u00e9s d\u2019une tr\u00e8s grande imagination, disent avoir vu le sexe de leur ma\u00eetre et qu\u2019il l\u2019a mis dans leur bouche. Au-del\u00e0 de la p\u00e9n\u00e9tration buccale, ils \u00e9voquent \u00e9galement un doigt dans les fesses\u00bb, rappelle-t-elle avec calme.<\/p>\n<p class=\"fig-body-link\">\n            \u00c0 lire aussi<br \/>\n        <a class=\"fig-body-link__link fig-premium-mark\" href=\"http:\/\/www.lefigaro.fr\/nice\/comment-peut-il-etre-attire-par-ma-fille-de-13-ans-le-desarroi-d-une-mere-apres-la-mise-en-examen-pour-viol-d-un-policier-municipal-20250919\" data-fig-type=\"NewsFlash\" data-gtm-custom-categorie=\"navigation\" data-gtm-custom-action=\"crossclick\" data-gtm-custom-label=\"Contextuel\" data-gtm-event=\"customEventSPE\" data-fig-domain=\"LEFIGARO\" target=\"_blank\" rel=\"noopener\"><\/p>\n<p>        \u00ab\u00a0Comment peut-il \u00eatre attir\u00e9 par ma fille de 13 ans\u00a0?\u00a0\u00bb\u00a0: le d\u00e9sarroi d\u2019une m\u00e8re apr\u00e8s la mise en examen d\u2019un agent municipal pour viol<br \/>\n    <\/a>\n<\/p>\n<p class=\"fig-paragraph\">L\u2019avocate note qu\u2019un des jeunes gar\u00e7ons \u00abn\u2019a \u00e9t\u00e9 entendu qu\u2019une dizaine de minutes dans la salle M\u00e9lanie par les fonctionnaires de police, ressortis en disant \u201cIl ne parle pas, on n\u2019en tirera rien\u201d\u00bb. \u00abIl conviendra \u00e9galement de faire la lumi\u00e8re sur l\u2019intervention de l\u2019acad\u00e9mie bien tardive\u00bb, assurent les deux avocats, qui mettent en cause le d\u00e9lai entre le d\u00e9p\u00f4t des deux plaintes, le mercredi 1er octobre, et la suspension \u00e0 titre conservatoire de l\u2019enseignant, le mardi 7 octobre. \u00abSi la pr\u00e9somption d\u2019innocence est un principe fondamental en droit fran\u00e7ais, il n\u2019en demeure pas moins exact que la parole d\u2019enfants sur des faits aussi graves ne saurait \u00eatre balay\u00e9e en quelques instants\u00bb, concluent les conseils des familles.<\/p>\n<p class=\"fig-paragraph\">La seconde plainte a \u00e9t\u00e9 exp\u00e9di\u00e9e ce mercredi 22 octobre, au parquet de Grasse.<\/p>\n","protected":false},"excerpt":{"rendered":"Cette seconde plainte intervient apr\u00e8s le classement sans suite par le parquet de Grasse, mardi, de la proc\u00e9dure&hellip;\n","protected":false},"author":2,"featured_media":482431,"comment_status":"","ping_status":"","sticky":false,"template":"","format":"standard","meta":{"footnotes":""},"categories":[2819],"tags":[18885,1111,11,1057,1777,674,1011,27,12,2401,19267,882,25],"class_list":{"0":"post-482430","1":"post","2":"type-post","3":"status-publish","4":"format-standard","5":"has-post-thumbnail","7":"category-nice","8":"tag-accusations-de-viol","9":"tag-actu","10":"tag-actualites","11":"tag-education","12":"tag-eu","13":"tag-europe","14":"tag-fr","15":"tag-france","16":"tag-news","17":"tag-nice","18":"tag-plaintes","19":"tag-provence-alpes-cote-dazur","20":"tag-republique-francaise"},"share_on_mastodon":{"url":"https:\/\/pubeurope.com\/@fr\/115418864339111286","error":""},"_links":{"self":[{"href":"https:\/\/www.europesays.com\/fr\/wp-json\/wp\/v2\/posts\/482430","targetHints":{"allow":["GET"]}}],"collection":[{"href":"https:\/\/www.europesays.com\/fr\/wp-json\/wp\/v2\/posts"}],"about":[{"href":"https:\/\/www.europesays.com\/fr\/wp-json\/wp\/v2\/types\/post"}],"author":[{"embeddable":true,"href":"https:\/\/www.europesays.com\/fr\/wp-json\/wp\/v2\/users\/2"}],"replies":[{"embeddable":true,"href":"https:\/\/www.europesays.com\/fr\/wp-json\/wp\/v2\/comments?post=482430"}],"version-history":[{"count":0,"href":"https:\/\/www.europesays.com\/fr\/wp-json\/wp\/v2\/posts\/482430\/revisions"}],"wp:featuredmedia":[{"embeddable":true,"href":"https:\/\/www.europesays.com\/fr\/wp-json\/wp\/v2\/media\/482431"}],"wp:attachment":[{"href":"https:\/\/www.europesays.com\/fr\/wp-json\/wp\/v2\/media?parent=482430"}],"wp:term":[{"taxonomy":"category","embeddable":true,"href":"https:\/\/www.europesays.com\/fr\/wp-json\/wp\/v2\/categories?post=482430"},{"taxonomy":"post_tag","embeddable":true,"href":"https:\/\/www.europesays.com\/fr\/wp-json\/wp\/v2\/tags?post=482430"}],"curies":[{"name":"wp","href":"https:\/\/api.w.org\/{rel}","templated":true}]}}