{"id":482432,"date":"2025-10-22T16:54:16","date_gmt":"2025-10-22T16:54:16","guid":{"rendered":"https:\/\/www.europesays.com\/fr\/482432\/"},"modified":"2025-10-22T16:54:16","modified_gmt":"2025-10-22T16:54:16","slug":"la-circulation-est-interdite-a-certains-vehicules-a-cause-du-vent","status":"publish","type":"post","link":"https:\/\/www.europesays.com\/fr\/482432\/","title":{"rendered":"la circulation est interdite \u00e0 certains v\u00e9hicules \u00e0 cause du vent"},"content":{"rendered":"<p>            Par<br \/>\n        <strong><br \/>\n            <a href=\"https:\/\/actu.fr\/auteur\/laure-gentil\" title=\"Consulter tous les articles de Laure Gentil\" target=\"_blank\" rel=\"noopener\">Laure Gentil<\/a><br \/>\n        <\/strong><\/p>\n<p>        Publi\u00e9 le<\/p>\n<p>            22 oct. 2025 \u00e0 17h52        <\/p>\n<p>La <a href=\"https:\/\/actu.fr\/meteo\/rafales-de-vent-a-90-km-h-et-orages-la-loire-atlantique-placee-en-vigilance-par-meteo-france_63331277.html\" target=\"_blank\" rel=\"noopener\">Loire-Atlantique est en vigilance jaune ce mercredi 22\u00a0octobre<\/a> \u00e0 cause du vent. Ces vents forts sont une cons\u00e9quence de la <a href=\"https:\/\/actu.fr\/pays-de-la-loire\/nantes_44109\/tempete-benjamin-des-trains-ter-au-depart-de-nantes-supprimes-en-raison-de-la-meteo_63337224.html\" target=\"_blank\" rel=\"noopener\">temp\u00eate Benjamin.<\/a> La Direction interd\u00e9partementale des routes Ouest (Diro) a pris la d\u00e9cision, en raison des intemp\u00e9ries de mettre des restrictions \u00ab\u2009sur le p\u00e9riph\u00e9rique de Nantes (RN844) au niveau du <strong>pont de Chevir\u00e9<\/strong> et ses abords dans les deux sens de circulation\u2009\u00bb, <strong>\u00e0 partir de 21h.<\/strong><\/p>\n<p>Quels v\u00e9hicules sont concern\u00e9s\u2009?<\/p>\n<p class=\" wall-content\">La circulation est interdite\u2009:<\/p>\n<ul class=\" wall-content\">\n<li>aux v\u00e9hicules de hauteur sup\u00e9rieure \u00e0 2,00\u00a0m\u2009;<\/li>\n<li>aux v\u00e9hicules attel\u00e9s (caravanes, remorques)\u2009;<\/li>\n<li>aux deux-roues motoris\u00e9s\u2009;<\/li>\n<li>aux v\u00e9hicules affect\u00e9s au transport de mati\u00e8re dangereuse.<\/li>\n<\/ul>\n<p class=\" wall-content\">Pour ces v\u00e9hicules, la Diro conseille de suivre les d\u00e9viations suivantes\u2009:<\/p>\n<ul class=\" wall-content\">\n<li><strong>circulant du nord vers le sud<\/strong>, sont invit\u00e9s \u00e0 suivre les <strong>d\u00e9viations \u00ab\u2009S1\u2009\u00bb<\/strong> (mention noire sur fond jaune sur la signalisation), en empruntant le p\u00e9riph\u00e9rique int\u00e9rieur\u2009;<\/li>\n<li><strong>circulant du sud vers le nord<\/strong> sont invit\u00e9s \u00e0 suivre les <strong>d\u00e9viations \u00ab\u2009S2\u2009\u00bb<\/strong> (mention noire sur fond jaune sur la signalisation), en empruntant le p\u00e9riph\u00e9rique int\u00e9rieur\u2009;<\/li>\n<\/ul>\n<p class=\" wall-content\">Personnalisez votre actualit\u00e9 en ajoutant vos villes et m\u00e9dias en favori avec <a href=\"https:\/\/moncompte.actu.fr\" title=\"D\u00e9couvez Mon Actu\" rel=\"nofollow noopener\" data-trk=\"{&quot;cta&quot;:{&quot;action&quot;:&quot;https:\\\/\\\/moncompte.actu.fr&quot;,&quot;category&quot;:&quot;mon compte&quot;,&quot;from&quot;:&quot;article footer&quot;,&quot;name&quot;:&quot;Mon actu&quot;,&quot;type&quot;:&quot;cta&quot;}}\" target=\"_blank\">Mon Actu<\/a>.<\/p>\n","protected":false},"excerpt":{"rendered":"Par Laure Gentil Publi\u00e9 le 22 oct. 2025 \u00e0 17h52 La Loire-Atlantique est en vigilance jaune ce mercredi&hellip;\n","protected":false},"author":2,"featured_media":220343,"comment_status":"","ping_status":"","sticky":false,"template":"","format":"standard","meta":{"footnotes":""},"categories":[2818],"tags":[1111,11,3542,1777,674,1011,27,2357,766,12,2636,4013,25,104],"class_list":{"0":"post-482432","1":"post","2":"type-post","3":"status-publish","4":"format-standard","5":"has-post-thumbnail","7":"category-nantes","8":"tag-actu","9":"tag-actualites","10":"tag-circulation","11":"tag-eu","12":"tag-europe","13":"tag-fr","14":"tag-france","15":"tag-meteo-france","16":"tag-nantes","17":"tag-news","18":"tag-pays-de-la-loire","19":"tag-peripherique","20":"tag-republique-francaise","21":"tag-societe"},"share_on_mastodon":{"url":"https:\/\/pubeurope.com\/@fr\/115418868153733549","error":""},"_links":{"self":[{"href":"https:\/\/www.europesays.com\/fr\/wp-json\/wp\/v2\/posts\/482432","targetHints":{"allow":["GET"]}}],"collection":[{"href":"https:\/\/www.europesays.com\/fr\/wp-json\/wp\/v2\/posts"}],"about":[{"href":"https:\/\/www.europesays.com\/fr\/wp-json\/wp\/v2\/types\/post"}],"author":[{"embeddable":true,"href":"https:\/\/www.europesays.com\/fr\/wp-json\/wp\/v2\/users\/2"}],"replies":[{"embeddable":true,"href":"https:\/\/www.europesays.com\/fr\/wp-json\/wp\/v2\/comments?post=482432"}],"version-history":[{"count":0,"href":"https:\/\/www.europesays.com\/fr\/wp-json\/wp\/v2\/posts\/482432\/revisions"}],"wp:featuredmedia":[{"embeddable":true,"href":"https:\/\/www.europesays.com\/fr\/wp-json\/wp\/v2\/media\/220343"}],"wp:attachment":[{"href":"https:\/\/www.europesays.com\/fr\/wp-json\/wp\/v2\/media?parent=482432"}],"wp:term":[{"taxonomy":"category","embeddable":true,"href":"https:\/\/www.europesays.com\/fr\/wp-json\/wp\/v2\/categories?post=482432"},{"taxonomy":"post_tag","embeddable":true,"href":"https:\/\/www.europesays.com\/fr\/wp-json\/wp\/v2\/tags?post=482432"}],"curies":[{"name":"wp","href":"https:\/\/api.w.org\/{rel}","templated":true}]}}