{"id":482435,"date":"2025-10-22T16:57:11","date_gmt":"2025-10-22T16:57:11","guid":{"rendered":"https:\/\/www.europesays.com\/fr\/482435\/"},"modified":"2025-10-22T16:57:11","modified_gmt":"2025-10-22T16:57:11","slug":"quelles-consequences-sur-les-trains-en-gironde","status":"publish","type":"post","link":"https:\/\/www.europesays.com\/fr\/482435\/","title":{"rendered":"quelles cons\u00e9quences sur les trains en Gironde\u00a0?"},"content":{"rendered":"<p>            Par<br \/>\n        <strong><br \/>\n            <a href=\"https:\/\/actu.fr\/auteur\/juliette-cardinale\" title=\"Consulter tous les articles de Juliette Cardinale\" target=\"_blank\" rel=\"noopener\">Juliette Cardinale<\/a><br \/>\n        <\/strong><\/p>\n<p>        Publi\u00e9 le<\/p>\n<p>            22 oct. 2025 \u00e0 18h31        <\/p>\n<p>\u00c7a devrait souffler tr\u00e8s fort <a href=\"https:\/\/actu.fr\/nouvelle-aquitaine\/soulac-sur-mer_33514\/la-tempete-benjamin-arrive-en-gironde-meteo-france-declenche-une-quadruple-vigilance_63333580.html\" target=\"_blank\" rel=\"noopener\">ces mercredi\u00a022 et jeudi 23\u00a0octobre 2025 en Gironde<\/a> et dans le sud-ouest de la France. Le passage de la temp\u00eate Benjamin sera <strong>particuli\u00e8rement violent sur le littoral aquitain, <\/strong>avec des rafales attendues \u00e0 120\u00a0km\/h. \u00ab\u2009Afin de garantir la s\u00e9curit\u00e9 des voyageurs et du personnel, cet \u00e9v\u00e8nement m\u00e9t\u00e9orologique exceptionnel impose des adaptations des conditions d\u2019utilisation du r\u00e9seau ferr\u00e9 sur la r\u00e9gion\u2009\u00bb, souligne la SNCF. On fait le point sur les lignes qui circulent <a href=\"https:\/\/actu.fr\/bordeaux\/\" target=\"_blank\" rel=\"noopener\">via Bordeaux.<\/a><\/p>\n<p>L\u2019impact sur les TER<\/p>\n<p class=\" wall-content\">\u00ab\u2009De nombreuses lignes TER seront interrompues en <a href=\"https:\/\/actu.fr\/nouvelle-aquitaine\/bayonne_64102\/tempete-benjamin-voici-les-lignes-sncf-qui-seront-totalement-a-l-arret-demain-en-nouvelle-aquitaine_63337645.html\" target=\"_blank\" rel=\"noopener\">Nouvelle-Aquitaine<\/a> sans bus de substitution durant toute la journ\u00e9e, a pr\u00e9venu la SNCF. Des limitations de vitesse ainsi que des \u00ab\u2009stop circulation\u2009\u00bb, c\u2019est-\u00e0-dire l\u2019arr\u00eat pr\u00e9ventif des circulations ferroviaires pour \u00e9viter d\u2019engager des trains au milieu des perturbations au risque de les voir \u00eatre bloqu\u00e9s avec des voyageurs \u00e0 bord\u2009\u00bb.<\/p>\n<p class=\" wall-content\">\n<p class=\" wall-content\">La circulation des trains peut \u00eatre v\u00e9rifi\u00e9e, ligne par ligne, via le <a href=\"https:\/\/www.ter.sncf.com\/nouvelle-aquitaine\" target=\"_blank\" rel=\"noopener\">site TER Nouvelle Aquitaine.<\/a> Il n\u2019y aura <strong>aucune circulation<\/strong> ce jeudi sur les lignes TER\u2009:<\/p>\n<ul class=\" wall-content\">\n<li>L15 Bordeaux \u2013 La\u00a0Rochelle,<\/li>\n<li>L41 Bordeaux \u2013 Arcachon,<\/li>\n<li>L42 Bordeaux \u2013 Le Verdon,<\/li>\n<li>L43 Bordeaux \u2013 Saint Mariens Saint Yzan,<\/li>\n<li>L45 Bordeaux \u2013 Mont-de-Marsan,<\/li>\n<li>L51 Bordeaux \u2013 Dax \u2013 Hendaye,<\/li>\n<li>L52 Bordeaux \u2013 Dax \u2013 Pau \u2013 Tarbes,<\/li>\n<li>L32 Bordeaux \u2013 P\u00e9rigueux \u2013 Brive.<\/li>\n<\/ul>\n<p class=\" wall-content\">Les lignes de TER o\u00f9 la <strong>circulation sera perturb\u00e9e\u2009:<\/strong><\/p>\n<ul class=\" wall-content\">\n<li>Sur la <strong>L13 Bordeaux \u2013 Angoul\u00eame<\/strong>\u2009: seul le train de 6h42 Angoul\u00eame \u2013 Bordeaux circulera, ainsi que le train de 16h48 Bordeaux \u2013 Angoul\u00eame. Un bus partira de 13h12 de Libourne vers Angoul\u00eame, et un autre \u00e0 12h50 d\u2019Angoul\u00eame vers Libourne.<\/li>\n<li>Sur la <strong>L31 Bordeaux \u2013 P\u00e9rigueux<\/strong>\u2009: au d\u00e9part de Bordeaux, seuls le 8h23 et le 18h27 circuleront. Au d\u00e9part de P\u00e9rigueux, seuls les trains de 6h et de 16h05 doivent circuler.<\/li>\n<li>Sur la <strong>L33 Bordeaux \u2013 Bergerac \u2013 Sarlat<\/strong>\u2009: au d\u00e9part de Bordeaux, les trains de 16h37 (terminus Bergerac) et 17h39 (terminus Sarlat) circuleront. Le train de 6h21 au d\u00e9part de Bergerac et celui de 7h30 au d\u00e9part de Sarlat sont aussi annonc\u00e9s.<\/li>\n<li>Sur la <strong>L41 Bordeaux \u2013 Coutras\u2009<\/strong>: sept trains sont annonc\u00e9s dans les deux sens, ainsi que neuf bus sur la portion La Gorp \u2013 Saint-Loup\u00e8s dans les deux sens. Les d\u00e9tails des d\u00e9tails \u00e0 retrouver <a href=\"https:\/\/ter-fiches-horaires.sncf.fr\/publish\/Affiche_TERNA_L41_Bordeaux_Coutras%20%2023.10.pdf\" target=\"_blank\" rel=\"noopener\">sur la fiche horaire actualis\u00e9e.<\/a><\/li>\n<li>Sur la <strong>L44 Bordeaux \u2013 Agen<\/strong>\u2009: quatre trains sont assur\u00e9s dans les deux sens. Au d\u00e9part de Bordeaux, les trains de 8h42 (terminus Langon), 17h28 (terminus Agen), 17h41 (terminus Langon) et 18h01 (terminus Marmande circuleront. Dans l\u2019autre sens, les trains de 5h27 (Marmande), 6h36 (Langon), 6h04 (Agen) et 16h19 (Langon) doivent circuler. Un bus partira \u00e0 6h15 de Gironde pour rejoindre Langon \u00e0 6h44.<\/li>\n<\/ul>\n<p>Quel impact sur les TGV et autres grandes lignes\u2009?<\/p>\n<p class=\" wall-content\">En ce qui concerne les grandes lignes, la SNCF n\u2019a pas communiqu\u00e9 sur le d\u00e9tail mais a annonc\u00e9 des perturbations sur <strong>les TGV Inoui, Intercit\u00e9s et Ouigo.<\/strong> \u00ab\u2009Des <strong>suppressions<\/strong>, des limitations de parcours et des limitations de vitesse sont envisag\u00e9es sur certaines lignes.\u2009\u00bb<\/p>\n<p>Votre r\u00e9gion, votre actu !<\/p>\n<p>Recevez chaque jour les infos qui comptent pour vous.<\/p>\n<p>\t<a href=\"https:\/\/actu.fr\/newsletter\" class=\"ac-btn ac-btn--corner ac-btn--medium ac-btn--blue800\" target=\"_blank\" rel=\"noopener\">S&rsquo;incrire<\/a><\/p>\n<p class=\" wall-content\">\u00ab\u2009Les <strong>lignes du littoral<\/strong> seront particuli\u00e8rement impact\u00e9es par la temp\u00eate Benjamin et nous recommandons aux voyageurs de reporter leurs d\u00e9placements\u2009\u00bb, pr\u00e9cise la communication de SNCF Voyageurs aupr\u00e8s <a href=\"https:\/\/actu.fr\/bordeaux\/\" target=\"_blank\" rel=\"noopener\">d\u2019actu Bordeaux.<\/a><\/p>\n<p class=\" wall-content\">Les lignes Bordeaux \u2013 Poitiers et Paris \u2013 Toulouse font notamment partie de celles faisant l\u2019objet de <strong>limitations de vitesse<\/strong> tout ou partie de la journ\u00e9e.<\/p>\n<p class=\" wall-content\">La SNCF conseille \u00e0 ses clients de <strong>v\u00e9rifier la circulation des trains et correspondances, <\/strong>avant de se rendre en gare, via les applications de mobilit\u00e9, et d\u2019\u00eatre vigilant lors de leurs d\u00e9placements.<\/p>\n<p>Et le bac ?\u00a0<\/p>\n<p class=\" wall-content\">Les trains SNCF ne sont pas les seuls transports en commun perturb\u00e9s. Les fortes turbulences amen\u00e9es par la temp\u00eate Benjamin vont \u00e9galement chambouler la circulation de la ligne <strong>du bac assurant la rotation Verdon-sur-Mer \/ Royan.<\/strong><\/p>\n<p class=\" wall-content\">\n<p class=\" wall-content\">Les bacs <strong>au d\u00e9part du Verdon-sur-Mer<\/strong> sont annul\u00e9s \u00e0 07h15 et 09h15. Le d\u00e9part suivant, \u00e0 10h30, risque d\u2019\u00eatre annul\u00e9 et les travers\u00e9es de 12h et 13h45 sont \u00ab\u00a0incertaines\u00a0\u00bb.<\/p>\n<p class=\" wall-content\">Dans l\u2019autre sens, <strong>au d\u00e9part de Royan,<\/strong> les travers\u00e9es de 7h45 et 9h45 sont annul\u00e9es, celle de 11h risque de l\u2019\u00eatre et celles de 12h30 et 14h15 sont \u00ab\u00a0incertaines\u00a0\u00bb.\u00a0<\/p>\n<p class=\" wall-content\"><a href=\"https:\/\/www.gironde.fr\/deplacements\/les-bacs-girondins-ferries\" target=\"_blank\" rel=\"noopener\">Retrouvez le d\u00e9tail des travers\u00e9es en temps r\u00e9el ici.<\/a><\/p>\n<p class=\" wall-content\">Personnalisez votre actualit\u00e9 en ajoutant vos villes et m\u00e9dias en favori avec <a href=\"https:\/\/moncompte.actu.fr\" title=\"D\u00e9couvez Mon Actu\" rel=\"nofollow noopener\" data-trk=\"{&quot;cta&quot;:{&quot;action&quot;:&quot;https:\\\/\\\/moncompte.actu.fr&quot;,&quot;category&quot;:&quot;mon compte&quot;,&quot;from&quot;:&quot;article footer&quot;,&quot;name&quot;:&quot;Mon actu&quot;,&quot;type&quot;:&quot;cta&quot;}}\" target=\"_blank\">Mon Actu<\/a>.<\/p>\n","protected":false},"excerpt":{"rendered":"Par Juliette Cardinale Publi\u00e9 le 22 oct. 2025 \u00e0 18h31 \u00c7a devrait souffler tr\u00e8s fort ces mercredi\u00a022 et&hellip;\n","protected":false},"author":2,"featured_media":138223,"comment_status":"","ping_status":"","sticky":false,"template":"","format":"standard","meta":{"footnotes":""},"categories":[2817],"tags":[1111,11,1997,1777,674,1011,27,3059,2487,12,2219,25,2215],"class_list":{"0":"post-482435","1":"post","2":"type-post","3":"status-publish","4":"format-standard","5":"has-post-thumbnail","7":"category-bordeaux","8":"tag-actu","9":"tag-actualites","10":"tag-bordeaux","11":"tag-eu","12":"tag-europe","13":"tag-fr","14":"tag-france","15":"tag-intemperies","16":"tag-meteo","17":"tag-news","18":"tag-nouvelle-aquitaine","19":"tag-republique-francaise","20":"tag-sncf"},"share_on_mastodon":{"url":"https:\/\/pubeurope.com\/@fr\/115418880127048867","error":""},"_links":{"self":[{"href":"https:\/\/www.europesays.com\/fr\/wp-json\/wp\/v2\/posts\/482435","targetHints":{"allow":["GET"]}}],"collection":[{"href":"https:\/\/www.europesays.com\/fr\/wp-json\/wp\/v2\/posts"}],"about":[{"href":"https:\/\/www.europesays.com\/fr\/wp-json\/wp\/v2\/types\/post"}],"author":[{"embeddable":true,"href":"https:\/\/www.europesays.com\/fr\/wp-json\/wp\/v2\/users\/2"}],"replies":[{"embeddable":true,"href":"https:\/\/www.europesays.com\/fr\/wp-json\/wp\/v2\/comments?post=482435"}],"version-history":[{"count":0,"href":"https:\/\/www.europesays.com\/fr\/wp-json\/wp\/v2\/posts\/482435\/revisions"}],"wp:featuredmedia":[{"embeddable":true,"href":"https:\/\/www.europesays.com\/fr\/wp-json\/wp\/v2\/media\/138223"}],"wp:attachment":[{"href":"https:\/\/www.europesays.com\/fr\/wp-json\/wp\/v2\/media?parent=482435"}],"wp:term":[{"taxonomy":"category","embeddable":true,"href":"https:\/\/www.europesays.com\/fr\/wp-json\/wp\/v2\/categories?post=482435"},{"taxonomy":"post_tag","embeddable":true,"href":"https:\/\/www.europesays.com\/fr\/wp-json\/wp\/v2\/tags?post=482435"}],"curies":[{"name":"wp","href":"https:\/\/api.w.org\/{rel}","templated":true}]}}