{"id":482436,"date":"2025-10-22T16:58:17","date_gmt":"2025-10-22T16:58:17","guid":{"rendered":"https:\/\/www.europesays.com\/fr\/482436\/"},"modified":"2025-10-22T16:58:17","modified_gmt":"2025-10-22T16:58:17","slug":"star-academy-ema-candidate-de-toulouse-integre-lemission-revivez-ses-premieres-prestations","status":"publish","type":"post","link":"https:\/\/www.europesays.com\/fr\/482436\/","title":{"rendered":"Star Academy. Ema, candidate de Toulouse, int\u00e8gre l&rsquo;\u00e9mission : revivez ses premi\u00e8res prestations"},"content":{"rendered":"<p>            Par<br \/>\n        <strong><br \/>\n            <a href=\"https:\/\/actu.fr\/auteur\/marie-lamarque\" title=\"Consulter tous les articles de Marie Lamarque\" rel=\"nofollow noopener\" target=\"_blank\">Marie Lamarque<\/a><br \/>\n        <\/strong><\/p>\n<p>        Publi\u00e9 le<\/p>\n<p>            22 oct. 2025 \u00e0 18h44        <\/p>\n<p><a href=\"https:\/\/actu.fr\/loisirs-culture\/la-star-academy-est-de-retour-qui-sont-les-trois-premiers-candidats-que-vous-connaissez-peut-etre-deja_63297798.html\" rel=\"nofollow noopener\" target=\"_blank\">La nouvelle saison est lanc\u00e9e<\/a> et les fans de l\u2019\u00e9mission n\u2019ont certainement pas manqu\u00e9 le premier prime ce samedi 18 octobre 2025 !<\/p>\n<p class=\" wall-content\">Le c\u00e9l\u00e8bre ch\u00e2teau de Dammarie-les-Lys a rouvert ses portes pour accueillir les<strong> 17 nouveaux candidats de la Star Academy sur TF1<\/strong>. \u00c2g\u00e9s entre 18 et 25 ans, ces artistes en herbe r\u00eavent de vivre de leur passion : la chanson. Et pourquoi pas embrasser la m\u00eame carri\u00e8re que les gagnants pr\u00e9c\u00e9dents : les plus anciens se souviennent de <strong>Nolwenn Leroy, Gr\u00e9gory Lemarchal, et Jenifer<\/strong> ; les plus jeunes de <strong>Pierre Garnier<\/strong> ou de <strong>Marine<\/strong>, qui a remport\u00e9 le troph\u00e9e l\u2019ann\u00e9e derni\u00e8re.<\/p>\n<p class=\" wall-content\">Et, qui sait, ce sera peut-\u00eatre une acad\u00e9micienne originaire de <a href=\"https:\/\/actu.fr\/toulouse\/\" rel=\"nofollow noopener\" target=\"_blank\">Toulouse<\/a> qui lui succ\u00e9dera ? Ema, 25 ans, a int\u00e9gr\u00e9 le prestigieux casting 2025.\u00a0<\/p>\n<p>La Star Academy : \u00ab\u00a0mon r\u00eave depuis toujours\u00a0\u00bb<\/p>\n<p class=\" wall-content\">\u00ab\u00a0Mon r\u00eave depuis toujours, c\u2019est de faire la Star Academy\u00a0\u00bb, lance la chanteuse lors de la diffusion de son portrait. Un r\u00eave devenu r\u00e9alit\u00e9.<\/p>\n<p class=\" wall-content\">Et pour lui annoncer la bonne nouvelle, elle a rencontr\u00e9 l\u2019une des stars de l\u2019\u00e9dition 2023 de l\u2019\u00e9mission : Helena. Bien que n\u2019ayant pas gagn\u00e9 lors de sa saison, la chanteuse belge conna\u00eet un tr\u00e8s beau d\u00e9but de carri\u00e8re, et \u00e9tait m\u00eame invit\u00e9e sur la sc\u00e8ne du <a href=\"https:\/\/actu.fr\/occitanie\/toulouse_31555\/a-10-jours-du-coup-d-envoi-la-programmation-heure-par-heure-du-rose-festival-a-toulouse-se-devoile_63057543.html\" rel=\"nofollow noopener\" target=\"_blank\">Rose Festival cet \u00e9t\u00e9<\/a> ! \u00ab\u00a0Je m\u2019en remets toujours pas, c\u2019\u00e9tait un truc de fou\u00a0\u00bb, r\u00e9agit la Toulousaine.<\/p>\n<p>Vid\u00e9os : en ce moment sur Actu<\/p>\n<p class=\" wall-content\"><a href=\"https:\/\/www.instagram.com\/p\/DP64IfnijN8\/embed\" title=\"Ouvrir le lien sur Instagram\" rel=\"nofollow noopener\" target=\"_blank\">Visualiser le contenu sur Instagram<\/a><\/p>\n<p>\u00ab\u00a0J\u2019esp\u00e8re que je repr\u00e9senterai bien ma ville\u00a0\u00bb<\/p>\n<p class=\" wall-content\">Si elle habite \u00e0 Paris, Ema n\u2019a pas cach\u00e9 son attachement \u00e0 la Ville rose, son vrai \u00ab\u00a0chez elle\u00a0\u00bb. \u00ab\u00a0Ici, on est des gens chaleureux. <strong>J\u2019esp\u00e8re que je repr\u00e9senterai bien ma ville<\/strong> et mon Sud\u00a0\u00bb, sourit-elle, devant la place du Capitole. \u00ab\u00a0C\u2019est l\u00e0 o\u00f9 j\u2019ai grandi, o\u00f9 j\u2019ai tout v\u00e9cu avec mes amis.\u00a0\u00bb<\/p>\n<p class=\" wall-content\">Passionn\u00e9e d\u2019\u00e9criture, la jeune artiste aime \u00ab\u00a0mettre des mots\u00a0\u00bb pour raconter ses exp\u00e9riences personnelles. \u00ab\u00a0Je sais que certains vont s\u2019y reconna\u00eetre, et c\u2019est trop important. Pour moi, <strong>quand on fait de la musique, c\u2019est comme si on faisait un gros c\u00e2lin<\/strong> aux gens, en leur disant, je te comprends.\u00a0\u00bb<\/p>\n<p>Votre r\u00e9gion, votre actu !<\/p>\n<p>Recevez chaque jour les infos qui comptent pour vous.<\/p>\n<p>\t<a href=\"https:\/\/actu.fr\/newsletter\" class=\"ac-btn ac-btn--corner ac-btn--medium ac-btn--blue800\" rel=\"nofollow noopener\" target=\"_blank\">S&rsquo;incrire<\/a><br \/>\nD\u00e9\u00e7ue de son premier prime<\/p>\n<p class=\" wall-content\">La Toulousaine a pu faire la d\u00e9monstration de son talent lors du premier prime, sur le plateau de la Star Academy, ce samedi. En duo avec un autre acad\u00e9micien, Lenny, elle a repris <strong>le tube de Justin Bieber<\/strong>, \u00ab\u00a0Love yourself\u00a0\u00bb.<\/p>\n<p class=\" wall-content\"><a href=\"https:\/\/www.instagram.com\/p\/DP_CkTUgLp5\/embed\" title=\"Ouvrir le lien sur Instagram\" rel=\"nofollow noopener\" target=\"_blank\">Visualiser le contenu sur Instagram<\/a><\/p>\n<p class=\" wall-content\">Arriv\u00e9s au ch\u00e2teau, les candidats ont pu visionner, pour la premi\u00e8re fois, leur performance. Les d\u00e9briefs hebdomadaires qui ont toujours lieu le lendemain de l\u2019\u00e9mission, font partie de ces moments forts que les t\u00e9l\u00e9spectateurs peuvent m\u00eame suivre en direct.<\/p>\n<p class=\" wall-content\">Mais en se regardant,<strong> la Toulousaine n\u2019a pas pu cacher sa d\u00e9ception<\/strong>. Avec une note de 12,9 sur 20 elle se positionne, pour le moment, en bas du classement. \u00ab\u00a0Tu as une voix absolument magnifique\u00a0\u00bb, l\u2019a rassur\u00e9e <strong>Marl\u00e8ne Schaff<\/strong>, sa professeure d\u2019expression sc\u00e9nique.\u00a0<\/p>\n<p>Pour ses premi\u00e8res \u00e9valuations, elle choisit Louane<\/p>\n<p class=\" wall-content\">La Toulousaine a eu l\u2019occasion de corriger ses erreurs lors des premi\u00e8res \u00e9valuations. Cette semaine, les candidats devaient interpr\u00e9ter <strong>une chanson qui refl\u00e8te leur personnalit\u00e9<\/strong>. Ema a choisi \u00ab\u00a0Les \u00e9toiles\u00a0\u00bb de Louane.<\/p>\n<p class=\" wall-content\">Aura-t-elle r\u00e9ussi \u00e0 convaincre les professeurs ? Que livrera-t-elle lors du prochain prime, ce samedi ? Les fans ne manqueront rien de son parcours.<\/p>\n<p class=\" wall-content\">Personnalisez votre actualit\u00e9 en ajoutant vos villes et m\u00e9dias en favori avec <a href=\"https:\/\/moncompte.actu.fr\" title=\"D\u00e9couvez Mon Actu\" rel=\"nofollow noopener\" data-trk=\"{&quot;cta&quot;:{&quot;action&quot;:&quot;https:\\\/\\\/moncompte.actu.fr&quot;,&quot;category&quot;:&quot;mon compte&quot;,&quot;from&quot;:&quot;article footer&quot;,&quot;name&quot;:&quot;Mon actu&quot;,&quot;type&quot;:&quot;cta&quot;}}\" target=\"_blank\">Mon Actu<\/a>.<\/p>\n<p>                    <script async src=\"\/\/www.instagram.com\/embed.js\"><\/script><\/p>\n","protected":false},"excerpt":{"rendered":"Par Marie Lamarque Publi\u00e9 le 22 oct. 2025 \u00e0 18h44 La nouvelle saison est lanc\u00e9e et les fans&hellip;\n","protected":false},"author":2,"featured_media":482437,"comment_status":"","ping_status":"","sticky":false,"template":"","format":"standard","meta":{"footnotes":""},"categories":[2816],"tags":[1111,11,1777,674,1011,27,1652,12,2680,25,5095,252,2312],"class_list":{"0":"post-482436","1":"post","2":"type-post","3":"status-publish","4":"format-standard","5":"has-post-thumbnail","7":"category-toulouse","8":"tag-actu","9":"tag-actualites","10":"tag-eu","11":"tag-europe","12":"tag-fr","13":"tag-france","14":"tag-loisirs-culture","15":"tag-news","16":"tag-occitanie","17":"tag-republique-francaise","18":"tag-star-academy","19":"tag-television","20":"tag-toulouse"},"share_on_mastodon":{"url":"https:\/\/pubeurope.com\/@fr\/115418884041107591","error":""},"_links":{"self":[{"href":"https:\/\/www.europesays.com\/fr\/wp-json\/wp\/v2\/posts\/482436","targetHints":{"allow":["GET"]}}],"collection":[{"href":"https:\/\/www.europesays.com\/fr\/wp-json\/wp\/v2\/posts"}],"about":[{"href":"https:\/\/www.europesays.com\/fr\/wp-json\/wp\/v2\/types\/post"}],"author":[{"embeddable":true,"href":"https:\/\/www.europesays.com\/fr\/wp-json\/wp\/v2\/users\/2"}],"replies":[{"embeddable":true,"href":"https:\/\/www.europesays.com\/fr\/wp-json\/wp\/v2\/comments?post=482436"}],"version-history":[{"count":0,"href":"https:\/\/www.europesays.com\/fr\/wp-json\/wp\/v2\/posts\/482436\/revisions"}],"wp:featuredmedia":[{"embeddable":true,"href":"https:\/\/www.europesays.com\/fr\/wp-json\/wp\/v2\/media\/482437"}],"wp:attachment":[{"href":"https:\/\/www.europesays.com\/fr\/wp-json\/wp\/v2\/media?parent=482436"}],"wp:term":[{"taxonomy":"category","embeddable":true,"href":"https:\/\/www.europesays.com\/fr\/wp-json\/wp\/v2\/categories?post=482436"},{"taxonomy":"post_tag","embeddable":true,"href":"https:\/\/www.europesays.com\/fr\/wp-json\/wp\/v2\/tags?post=482436"}],"curies":[{"name":"wp","href":"https:\/\/api.w.org\/{rel}","templated":true}]}}