{"id":48244,"date":"2025-04-24T04:11:31","date_gmt":"2025-04-24T04:11:31","guid":{"rendered":"https:\/\/www.europesays.com\/fr\/48244\/"},"modified":"2025-04-24T04:11:31","modified_gmt":"2025-04-24T04:11:31","slug":"au-chu-de-bordeaux-les-techniciens-de-laboratoire-reclament-une-prime-prevue-depuis-1958","status":"publish","type":"post","link":"https:\/\/www.europesays.com\/fr\/48244\/","title":{"rendered":"Au CHU de Bordeaux, les techniciens de laboratoire r\u00e9clament une prime pr\u00e9vue depuis 1958"},"content":{"rendered":"<p class=\"wp-block-post-excerpt__excerpt\">Ce mardi 22 avril, une trentaine de techniciens de laboratoire du complexe hospitalier Pellegrin s\u2019est mobilis\u00e9e pour obtenir le paiement d\u2019une prime g\u00e9n\u00e9r\u00e9e par les activit\u00e9s ext\u00e9rieures du laboratoire. En gr\u00e8ve depuis pr\u00e8s d\u2019un mois, les agents maintiennent le mouvement face aux fins de non-recevoir adress\u00e9es par la direction. <\/p>\n<p><a href=\"https:\/\/rue89bordeaux.com\/category\/kiosque-abonne\/\" rel=\"tag noopener\" target=\"_blank\">\u00c9dition abonn\u00e9s<\/a>, <a href=\"https:\/\/rue89bordeaux.com\/category\/reportage\/\" rel=\"tag noopener\" target=\"_blank\">Reportage<\/a><\/p>\n<p>Samuel Clauzier<\/p>\n<p>Publi\u00e9 le 23 avril 2025\u00a0\u00a0\u00b7\u00a0\u00a0<\/p>\n<p>Imprim\u00e9 le 24 avril 2025 \u00e0 06h11\u00a0\u00a0\u00b7\u00a0\u00a0<\/p>\n<p>\t\t\t\t\t3\u00a0minutes\n<\/p>\n<p>\u00ab\u00a0Nos analyses sauvent des vies : valorisez notre travail !\u00a0\u00bb En gr\u00e8ve pour la quatri\u00e8me semaine, les agents du p\u00f4le de biologie et de pathologie du CHU Pellegrin ne d\u00e9col\u00e8rent pas. Dans l\u2019enceinte du complexe hospitalier, quelques dizaines de membres du personnel se sont \u00e0 nouveau r\u00e9unis pour faire valoir leur seule et unique revendication : le versement d\u2019une prime qui d\u00e9coule des activit\u00e9s ext\u00e9rieures des laboratoires du CHU, \u00e0 travers un piquet de gr\u00e8ve et une op\u00e9ration \u00ab\u00a0parking gratuit\u00a0\u00bb.<\/p>\n<p>Ce mardi 22 avril, impossible de d\u00e9terminer le taux de gr\u00e8ve r\u00e9el d\u2019apr\u00e8s les syndicats : sur les 470 salari\u00e9s du p\u00f4le concern\u00e9s, la CGT indique que le CHU \u00ab\u00a0a assign\u00e9 l\u2019ensemble du personnel d\u00e8s le vendredi 18 avril par voie d\u2019huissier\u00a0\u00bb. Afin d\u2019assurer la continuit\u00e9 du service public hospitalier, la direction d\u2019un \u00e9tablissement de sant\u00e9 peut en effet r\u00e9quisitionner certains agents pour assurer la continuit\u00e9 des soins.<\/p>\n<p>\t\tUne seule revendication<\/p>\n<p>La direction du CHU indique un taux de 11,85% de gr\u00e9vistes, soit 39 agents en arr\u00eat de travail, pour \u00ab\u00a0329 agents pr\u00e9vus au planning\u00a0\u00bb, avec un taux qui oscillait entre 2,40% et 11,35% sur la semaine pass\u00e9e. La CGT souligne quant \u00e0 elle que pr\u00e8s de 50% des salari\u00e9s ont fait gr\u00e8ve durant la premi\u00e8re journ\u00e9e de mobilisation.<\/p>\n<p>Les syndicats r\u00e9clament l\u2019application <a href=\"https:\/\/www.legifrance.gouv.fr\/loda\/id\/LEGITEXT000006073006\" target=\"_blank\" rel=\"noreferrer noopener\">d\u2019un arr\u00eat\u00e9 du 7 mai 1958<\/a>, pr\u00e9voyant qu\u2019un pourcentage pouvant aller jusqu\u2019\u00e0 \u00ab\u00a025% des recettes affect\u00e9es aux frais de fonctionnement du laboratoire dans chaque \u00e9tablissement\u00a0\u00bb peut \u00eatre redistribu\u00e9 au personnel. Cela se pratique dans d\u2019autres h\u00f4pitaux, mais pas au CHU, alors que son laboratoire r\u00e9alise 10 millions d\u2019euros de recettes.<\/p>\n<p class=\"has-warning-color has-text-color\">\n\t\t\t<strong> Cet article fait partie de l\u2019\u00e9dition abonn\u00e9s.<\/strong><br \/>\n\t\t\t| D\u00e9j\u00e0 abonn\u00e9\u00a0?<br \/>\n\t\t\t<a href=\"https:\/\/rue89bordeaux.com\/user\/login\/\" data-type=\"page\" data-id=\"26256\" target=\"_blank\" rel=\"noopener\">Connectez-vous<\/a>\n\t\t<\/p>\n<p>Abonnez-vous maintenant pour poursuivre votre lecture<\/p>\n<p><img loading=\"lazy\" decoding=\"async\" width=\"607\" height=\"480\" src=\"https:\/\/www.europesays.com\/fr\/wp-content\/uploads\/2025\/04\/1744387698_768_04-paywall.png\" alt=\"Abonnez-vous\" class=\"wp-image-128438\"  \/><\/p>\n<p>\t\t\t<a href=\"https:\/\/rue89bordeaux.com\/\" class=\"custom-logo-link\" rel=\"home noopener\" target=\"_blank\"><img loading=\"lazy\" decoding=\"async\" width=\"290\" height=\"49\" src=\"https:\/\/www.europesays.com\/fr\/wp-content\/uploads\/2025\/04\/logo.png\" class=\"custom-logo\" alt=\"Rue89Bordeaux Enqu\u00eates et informations de proximit\u00e9\"  \/><\/a><\/p>\n<p>\n\t\t\t\tAbonnez-vous maintenant pour suivre l\u2019actualit\u00e9 locale.\t\t\t<\/p>\n<p class=\"font-bold font-serif-heading mb-2 text-4xl\">\n\t\t\t\t\t\tL\u2019investigation locale \u00e0 port\u00e9e de main.\n\t\t\t\t\t<\/p>\n<p>\n\t\t\t\t\t\tAbonnez-vous et profitez d\u2019un acc\u00e8s illimit\u00e9 \u00e0 Rue89Bordeaux. Annulez quand vous voulez.\n\t\t\t\t\t<\/p>\n<p class=\"xl:text-sm\">\n\t\t\t\t\tD\u00e9j\u00e0 abonn\u00e9\u00a0?<br \/>\n\t\t\t\t\t<a class=\"border border-transparent text-center transition-colors duration-instant focus:border-info focus:rounded focus:shadow-focus cursor-pointer text-black hover:text-gray-700 active:bg-black-700 font-semibold inline-block\" href=\"https:\/\/rue89bordeaux.com\/user\/login\/?redirect=\/2025\/04\/au-chu-de-bordeaux-les-techniciens-de-laboratoire-reclament-une-prime-prevue-depuis-1958\/\" target=\"_blank\" rel=\"noopener\">Connectez-vous<\/a>\t\t\t\t<\/p>\n<p>\n\t\t\t\tChoisissez votre formule\u00a0:\n\t\t\t<\/p>\n<p>\t\t\t\tFermer<\/p>\n","protected":false},"excerpt":{"rendered":"Ce mardi 22 avril, une trentaine de techniciens de laboratoire du complexe hospitalier Pellegrin s\u2019est mobilis\u00e9e pour obtenir&hellip;\n","protected":false},"author":2,"featured_media":48245,"comment_status":"","ping_status":"","sticky":false,"template":"","format":"standard","meta":{"footnotes":""},"categories":[2817],"tags":[1111,11,1997,11421,1777,674,1011,27,802,12,2219,25,71,3873],"class_list":{"0":"post-48244","1":"post","2":"type-post","3":"status-publish","4":"format-standard","5":"has-post-thumbnail","7":"category-bordeaux","8":"tag-actu","9":"tag-actualites","10":"tag-bordeaux","11":"tag-chu-de-bordeaux","12":"tag-eu","13":"tag-europe","14":"tag-fr","15":"tag-france","16":"tag-greves-et-mouvements-sociaux","17":"tag-news","18":"tag-nouvelle-aquitaine","19":"tag-republique-francaise","20":"tag-sante","21":"tag-soignants"},"share_on_mastodon":{"url":"https:\/\/pubeurope.com\/@fr\/114390989823981857","error":""},"_links":{"self":[{"href":"https:\/\/www.europesays.com\/fr\/wp-json\/wp\/v2\/posts\/48244","targetHints":{"allow":["GET"]}}],"collection":[{"href":"https:\/\/www.europesays.com\/fr\/wp-json\/wp\/v2\/posts"}],"about":[{"href":"https:\/\/www.europesays.com\/fr\/wp-json\/wp\/v2\/types\/post"}],"author":[{"embeddable":true,"href":"https:\/\/www.europesays.com\/fr\/wp-json\/wp\/v2\/users\/2"}],"replies":[{"embeddable":true,"href":"https:\/\/www.europesays.com\/fr\/wp-json\/wp\/v2\/comments?post=48244"}],"version-history":[{"count":0,"href":"https:\/\/www.europesays.com\/fr\/wp-json\/wp\/v2\/posts\/48244\/revisions"}],"wp:featuredmedia":[{"embeddable":true,"href":"https:\/\/www.europesays.com\/fr\/wp-json\/wp\/v2\/media\/48245"}],"wp:attachment":[{"href":"https:\/\/www.europesays.com\/fr\/wp-json\/wp\/v2\/media?parent=48244"}],"wp:term":[{"taxonomy":"category","embeddable":true,"href":"https:\/\/www.europesays.com\/fr\/wp-json\/wp\/v2\/categories?post=48244"},{"taxonomy":"post_tag","embeddable":true,"href":"https:\/\/www.europesays.com\/fr\/wp-json\/wp\/v2\/tags?post=48244"}],"curies":[{"name":"wp","href":"https:\/\/api.w.org\/{rel}","templated":true}]}}