{"id":482440,"date":"2025-10-22T17:00:16","date_gmt":"2025-10-22T17:00:16","guid":{"rendered":"https:\/\/www.europesays.com\/fr\/482440\/"},"modified":"2025-10-22T17:00:16","modified_gmt":"2025-10-22T17:00:16","slug":"674-logements-font-peau-neuve-a-wattignies","status":"publish","type":"post","link":"https:\/\/www.europesays.com\/fr\/482440\/","title":{"rendered":"674 logements font peau neuve \u00e0 Wattignies"},"content":{"rendered":"<p>La R\u00e9gion continue de soutenir les projets qui am\u00e9liore les conditions de vie de ses habitants. 674 logements du quartier du Blanc Riez de Wattignies ont \u00e9t\u00e9 r\u00e9nov\u00e9s.\n<\/p>\n<p>Ce mercredi 22 octobre, le quartier du Blanc Riez \u00e0 <a href=\"https:\/\/www.mairie-wattignies.com\/\" target=\"_blank\" rel=\"noopener\">Wattignies<\/a> a inaugur\u00e9 674 logements enti\u00e8rement r\u00e9habilit\u00e9s. Un vaste chantier port\u00e9 par <a href=\"https:\/\/www.partenordhabitat.fr\/\" target=\"_blank\" rel=\"noopener\">Partenord Habitat<\/a>, qui marque le renouveau urbain du secteur et illustre l\u2019engagement de la R\u00e9gion Hauts-de-France en faveur de la transition \u00e9nerg\u00e9tique et du cadre de vie de ses habitants. Un projet qui s\u2019inscrit dans une d\u00e9marche plus large de renouvellement urbain du quartier du Blanc Riez, accompagn\u00e9e par la R\u00e9gion.<\/p>\n<p>Efficacit\u00e9 \u00e9nerg\u00e9tique et qualit\u00e9 de vie<\/p>\n<p>L\u2019intervention a port\u00e9 sur l\u2019enveloppe des b\u00e2timents, les parties communes et les logements eux-m\u00eames. Isolation des fa\u00e7ades avec des mat\u00e9riaux durables, remplacement des menuiseries, am\u00e9lioration des planchers et murs, installation d\u2019un nouveau syst\u00e8me de chauffage plus performant, adaptation des ventilations des caves et embellissement des entr\u00e9es : autant d\u2019actions qui ont permis de faire passer la performance \u00e9nerg\u00e9tique moyenne de l\u2019\u00e9tiquette D \u00e0 B.<\/p>\n<p><img loading=\"lazy\" decoding=\"async\" class=\"aligncenter wp-image-191058 size-medium\" src=\"https:\/\/www.europesays.com\/fr\/wp-content\/uploads\/2025\/10\/WhatsApp-Image-2025-10-22-at-15.49.42-1-300x169.jpeg\" alt=\"\" width=\"300\" height=\"169\"  \/><\/p>\n<p>Plus concr\u00e8tement, les travaux ont concern\u00e9 trois r\u00e9sidences du quartier construites entre 1974 et 1978. Il s\u2019agit de la R\u00e9sidence Bl\u00e9riot (240 logements et 5 b\u00e2timents), la R\u00e9sidence Fleming Lindbergh (228 logements et 5 b\u00e2timents) ainsi que la R\u00e9sidence Terray (206 logements et 7 b\u00e2timents).<\/p>\n<p>Une r\u00e9habilitation globale pour un cadre de vie renouvel\u00e9<\/p>\n<p>Au-del\u00e0 de la performance \u00e9nerg\u00e9tique, le projet a \u00e9galement pris en compte la s\u00e9curit\u00e9 incendie, l\u2019isolation acoustique, l\u2019esth\u00e9tique architecturale et les am\u00e9nagements paysagers. Les espaces communs ont \u00e9t\u00e9 repens\u00e9s pour favoriser la convivialit\u00e9 et renforcer l\u2019attractivit\u00e9 du quartier.<\/p>\n<p><img loading=\"lazy\" decoding=\"async\" class=\"aligncenter wp-image-191062 size-medium\" src=\"https:\/\/www.europesays.com\/fr\/wp-content\/uploads\/2025\/10\/WhatsApp-Image-2025-10-22-at-15.49.43-300x169.jpeg\" alt=\"\" width=\"300\" height=\"169\"  \/><\/p>\n<p>La R\u00e9gion a apport\u00e9 son soutien \u00e0 ce projet \u00e0 hauteur de 1,5 million d\u2019euros, via le Fonds europ\u00e9en de d\u00e9veloppement r\u00e9gional (FEDER) dont elle assure la gestion. Un engagement pleinement inscrit au c\u0153ur de la <a href=\"https:\/\/rev3.hautsdefrance.fr\/\" target=\"_blank\" rel=\"noopener\">dynamique rev3<\/a> pour r\u00e9duire les \u00e9missions de gaz \u00e0 effet de serre, am\u00e9liorer le confort des habitants et favoriser les \u00e9conomies d\u2019\u00e9nergie.<\/p>\n<p><img decoding=\"async\" class=\"img-fluid my-4\" src=\"https:\/\/www.europesays.com\/fr\/wp-content\/uploads\/2025\/10\/blocs-marque_soutien_ue.jpg\"\/><\/p>\n","protected":false},"excerpt":{"rendered":"La R\u00e9gion continue de soutenir les projets qui am\u00e9liore les conditions de vie de ses habitants. 674 logements&hellip;\n","protected":false},"author":2,"featured_media":482441,"comment_status":"","ping_status":"","sticky":false,"template":"","format":"standard","meta":{"footnotes":""},"categories":[2815],"tags":[1111,11,1777,674,1011,27,811,1307,1908,12,25,11280],"class_list":{"0":"post-482440","1":"post","2":"type-post","3":"status-publish","4":"format-standard","5":"has-post-thumbnail","7":"category-lille","8":"tag-actu","9":"tag-actualites","10":"tag-eu","11":"tag-europe","12":"tag-fr","13":"tag-france","14":"tag-hauts-de-france","15":"tag-lille","16":"tag-logement","17":"tag-news","18":"tag-republique-francaise","19":"tag-territoire"},"share_on_mastodon":{"url":"https:\/\/pubeurope.com\/@fr\/115418892493351241","error":""},"_links":{"self":[{"href":"https:\/\/www.europesays.com\/fr\/wp-json\/wp\/v2\/posts\/482440","targetHints":{"allow":["GET"]}}],"collection":[{"href":"https:\/\/www.europesays.com\/fr\/wp-json\/wp\/v2\/posts"}],"about":[{"href":"https:\/\/www.europesays.com\/fr\/wp-json\/wp\/v2\/types\/post"}],"author":[{"embeddable":true,"href":"https:\/\/www.europesays.com\/fr\/wp-json\/wp\/v2\/users\/2"}],"replies":[{"embeddable":true,"href":"https:\/\/www.europesays.com\/fr\/wp-json\/wp\/v2\/comments?post=482440"}],"version-history":[{"count":0,"href":"https:\/\/www.europesays.com\/fr\/wp-json\/wp\/v2\/posts\/482440\/revisions"}],"wp:featuredmedia":[{"embeddable":true,"href":"https:\/\/www.europesays.com\/fr\/wp-json\/wp\/v2\/media\/482441"}],"wp:attachment":[{"href":"https:\/\/www.europesays.com\/fr\/wp-json\/wp\/v2\/media?parent=482440"}],"wp:term":[{"taxonomy":"category","embeddable":true,"href":"https:\/\/www.europesays.com\/fr\/wp-json\/wp\/v2\/categories?post=482440"},{"taxonomy":"post_tag","embeddable":true,"href":"https:\/\/www.europesays.com\/fr\/wp-json\/wp\/v2\/tags?post=482440"}],"curies":[{"name":"wp","href":"https:\/\/api.w.org\/{rel}","templated":true}]}}